{"id":2303240,"date":"2026-04-24T12:24:25","date_gmt":"2026-04-24T15:24:25","guid":{"rendered":"https:\/\/www.fasta.org\/?post_type=noticias&#038;p=2303240"},"modified":"2026-04-28T13:59:06","modified_gmt":"2026-04-28T16:59:06","slug":"testimonio-javi-bastos","status":"publish","type":"noticias","link":"https:\/\/www.fasta.org\/pt-br\/noticias\/testimonio-javi-bastos\/","title":{"rendered":"\u201cUstedes tienen que fundar Fasta en Per\u00fa: esa es una de las frases que ha dado sentido a mi vida\u201d"},"content":{"rendered":"\n<p>La comunidad de Fasta Lima cumple 30 a\u00f1os de su fundaci\u00f3n y lo celebra durante todo el a\u00f1o con varias actividades. Los festejos centrales ser\u00e1n este 25 de abril y estar\u00e1n acompa\u00f1ando el Padre Presidente de Fasta, Pbro. C\u00e9sar Garc\u00e9s Rojas y el Director General del Movimiento, Carlos Fern\u00e1ndez.<\/p>\n\n\n\n<p>En el marco del trig\u00e9simo aniversario, conocemos a Javier Bastos, actual Presidente Jurisdiccional y uno de los fundadores de la comunidad.<\/p>\n\n\n\n<p><strong><mark style=\"background-color:rgba(0, 0, 0, 0)\" class=\"has-inline-color has-luminous-vivid-amber-color\">-Cu\u00e9ntanos sobre tu vida: \u00bfcu\u00e1ntos a\u00f1os tienes? \u00bfA qu\u00e9 te dedicas? \u00bfC\u00f3mo est\u00e1 conformada tu familia?&nbsp;<\/mark><\/strong><\/p>\n\n\n\n<p>Soy Javier Bastos, tengo 40 a\u00f1os y hace 30 llegu\u00e9 a Fasta. Soy esposo de la miliciana Melissa Nu\u00f1ez, pap\u00e1 de Felipe de 4 a\u00f1os y de Maria Belen, quien parti\u00f3 a la casa del Padre hace dos a\u00f1os. Soy Administrador de Empresas y trabajo en Recursos Humanos en una empresa industrial.&nbsp;<\/p>\n\n\n\n<p><strong><mark style=\"background-color:rgba(0, 0, 0, 0)\" class=\"has-inline-color has-luminous-vivid-amber-color\">-\u00bfCu\u00e1l es el momento privilegiado de oraci\u00f3n que tienes en tu d\u00eda a d\u00eda?&nbsp;<\/mark><\/strong><\/p>\n\n\n\n<p>En mi d\u00eda a d\u00eda tengo dos momentos privilegiados de oraci\u00f3n antes de entrar y al salir del trabajo. Al inicio pido a Dios nos acompa\u00f1e en la jornada y en la tarde doy gracias por todo lo recibido. Trato de complementar estos espacios con Laudes y V\u00edsperas.&nbsp;&nbsp;<\/p>\n\n\n\n<p><strong><mark style=\"background-color:rgba(0, 0, 0, 0)\" class=\"has-inline-color has-luminous-vivid-amber-color\">-\u00bfCu\u00e1l crees que es la misi\u00f3n que Dios te ha encomendado para este a\u00f1o?<\/mark><\/strong><\/p>\n\n\n\n<p>Este a\u00f1o Dios me dio la misi\u00f3n de ser un buen esposo, pap\u00e1 y Presidente Jurisdiccional de Fasta Lima.&nbsp;<\/p>\n\n\n\n<p><strong><mark style=\"background-color:rgba(0, 0, 0, 0)\" class=\"has-inline-color has-luminous-vivid-amber-color\">-\u00bfQu\u00e9 es Fasta para t\u00ed? \u00bfCon qu\u00e9 palabra sintentizar\u00edas tu historia en Fasta?<\/mark><\/strong><\/p>\n\n\n\n<p>Fasta es mi vida, eso es para m\u00ed.<\/p>\n\n\n\n<p>Tengo una an\u00e9cdota: mi esposa entr\u00f3 a Fasta en la agrupaci\u00f3n mayor. Recuerdo que, cuando le propuse matrimonio, luego de expresarle mi amor, no pude terminar sin que me naciera decirle: \u201cy somos un matrimonio de Fasta\u201d.<\/p>\n\n\n\n<p><strong>El apostolado en Fasta implica muchos sacrificios y renuncias; y, en ese momento bisagra de nuestras vidas, ten\u00eda que decirle que iba a ser parte constitutiva de nuestro matrimonio.<\/strong><\/p>\n\n\n\n<figure class=\"wp-block-image size-large\"><img fetchpriority=\"high\" decoding=\"async\" width=\"1024\" height=\"313\" src=\"https:\/\/www.fasta.org\/wp-content\/uploads\/2026\/04\/Fotos-1-1024x313.webp\" alt=\"\" class=\"wp-image-2303252\" srcset=\"https:\/\/www.fasta.org\/wp-content\/uploads\/2026\/04\/Fotos-1-1024x313.webp 1024w, https:\/\/www.fasta.org\/wp-content\/uploads\/2026\/04\/Fotos-1-300x92.webp 300w, https:\/\/www.fasta.org\/wp-content\/uploads\/2026\/04\/Fotos-1-768x235.webp 768w, https:\/\/www.fasta.org\/wp-content\/uploads\/2026\/04\/Fotos-1-1536x469.webp 1536w, https:\/\/www.fasta.org\/wp-content\/uploads\/2026\/04\/Fotos-1-150x46.webp 150w\" sizes=\"(max-width: 1024px) 100vw, 1024px\" \/><\/figure>\n\n\n\n<p><strong><mark style=\"background-color:rgba(0, 0, 0, 0)\" class=\"has-inline-color has-luminous-vivid-amber-color\">-\u00bfC\u00f3mo descubriste que Dios te llamaba a vivir la vocaci\u00f3n miliciana? \u00bfHubo alguna persona que te haya marcado especialmente en esta decisi\u00f3n?<\/mark><\/strong><\/p>\n\n\n\n<p>Recuerdo que, cuando fundamos Fasta en Per\u00fa, no ten\u00edamos un lugar donde reunirnos: la masculina ven\u00eda a mi casa y la femenina a la de la familia Tapia.<\/p>\n\n\n\n<p>Al no tener infraestructura, la propuesta era limitada y, por eso, hab\u00eda s\u00e1bados de actividades en los que ven\u00edan muy pocos milicianos; alguna vez solo \u00e9ramos el comando. <strong>Pero nunca me desanim\u00e9, nunca pens\u00e9 en renunciar. Eso, para m\u00ed, fue una gracia de la vocaci\u00f3n miliciana, que nos ense\u00f1\u00f3 a vivir el Padre Fosbery.<\/strong><\/p>\n\n\n\n<p>Much\u00edsimas personas marcaron mi vocaci\u00f3n miliciana, pero especialmente mis pap\u00e1s y el Padre Fosbery.<\/p>\n\n\n\n<p><strong><mark style=\"background-color:rgba(0, 0, 0, 0)\" class=\"has-inline-color has-luminous-vivid-amber-color\">-Te invitamos a recordar &#8230;. \u00bfC\u00f3mo te acuerdas que fue tu primer encuentro con Fasta? \u00bfQu\u00e9 fue lo que te sorprendi\u00f3 de la propuesta?<\/mark><\/strong><\/p>\n\n\n\n<p>Mi primer encuentro con Fasta fue hace 30 a\u00f1os, en unas vacaciones familiares que tambi\u00e9n ten\u00edan como objetivo conocer Fasta en Mendoza, Ruca Cura. Recuerdo mi primer s\u00e1bado de actividades, cuando cant\u00e9 mi primera marcha, que no me acuerdo cu\u00e1l era, pero s\u00ed el haberme conmovido por el fervor con que se cantaba.<\/p>\n\n\n\n<p><strong>De ese d\u00eda me qued\u00f3 grabada la frase, con tono de autoridad, que nos dijo un miliciano: \u201custedes tienen que fundar Fasta en Per\u00fa\u201d. No s\u00e9 qui\u00e9n fue ni por qu\u00e9 lo dijo; solo s\u00e9 que esa es una de las frases que ha dado sentido a mi vida.<\/strong><\/p>\n\n\n\n<p>Al caer la tarde celebramos la Eucarist\u00eda. Con 11 a\u00f1os, me di cuenta de que Dios estaba detr\u00e1s de todo lo que viv\u00ed ese d\u00eda. Esa misa la celebr\u00f3 el Padre C\u00e9sar Garc\u00e9s, que providencialmente estaba all\u00ed, a punto de viajar a Espa\u00f1a. En perspectiva, esa coincidencia fue un signo de que Fasta deb\u00eda crecer en Per\u00fa, en Espa\u00f1a y en todo el mundo; y que yo tambi\u00e9n estaba siendo convocado para hacer eso posible.<\/p>\n\n\n\n<figure class=\"wp-block-image size-large\"><img decoding=\"async\" width=\"1024\" height=\"313\" src=\"https:\/\/www.fasta.org\/wp-content\/uploads\/2026\/04\/Fotos-2-1024x313.webp\" alt=\"\" class=\"wp-image-2303261\" srcset=\"https:\/\/www.fasta.org\/wp-content\/uploads\/2026\/04\/Fotos-2-1024x313.webp 1024w, https:\/\/www.fasta.org\/wp-content\/uploads\/2026\/04\/Fotos-2-300x92.webp 300w, https:\/\/www.fasta.org\/wp-content\/uploads\/2026\/04\/Fotos-2-768x235.webp 768w, https:\/\/www.fasta.org\/wp-content\/uploads\/2026\/04\/Fotos-2-1536x469.webp 1536w, https:\/\/www.fasta.org\/wp-content\/uploads\/2026\/04\/Fotos-2-150x46.webp 150w\" sizes=\"(max-width: 1024px) 100vw, 1024px\" \/><\/figure>\n\n\n\n<p><strong><mark style=\"background-color:rgba(0, 0, 0, 0)\" class=\"has-inline-color has-luminous-vivid-amber-color\">-\u00bfIdentificas alguna situaci\u00f3n o momento particular de la comunidad donde sintieron la presencia o un signo claro de Dios obrando en ustedes?<\/mark><\/strong><\/p>\n\n\n\n<p>Por supuesto. Durante la enfermedad de mi hija Mar\u00eda Bel\u00e9n, que falleci\u00f3 de c\u00e1ncer a los cinco a\u00f1os. <strong>Cuando supimos que m\u00e9dicamente no pod\u00edamos hacer m\u00e1s, toda la comunidad sinti\u00f3 una gran presencia del consuelo de Dios<\/strong> y todos pudimos comprender que Dios, el due\u00f1o de la vida, quer\u00eda llevarla al Cielo.<\/p>\n\n\n\n<p>Eso lo confirmamos cuando Mar\u00eda Bel\u00e9n empez\u00f3 a oler a rosas tres d\u00edas antes de que falleciera. La tradici\u00f3n identifica este como el olor a santidad; para m\u00ed fue sentir una paz inmensa: que mi hija, dentro de poco, iba a estar con el Se\u00f1or en el Banquete del Reino, en el Para\u00edso.<\/p>\n\n\n\n<p><strong><mark style=\"background-color:rgba(0, 0, 0, 0)\" class=\"has-inline-color has-luminous-vivid-amber-color\">-\u00bfC\u00f3mo te gusta explicar el significado de: \u201cSomos Ciudad\u201d? \u00bfC\u00f3mo viv\u00eds la Ciudad de manera personal y comunitariamente? \u00bfQu\u00e9 encontr\u00e1s en la Ciudad que no hay en otros movimientos?<\/mark><\/strong><\/p>\n\n\n\n<p>Siguiendo con la historia anterior, cuando falleci\u00f3 Bel\u00e9n, el Padre C\u00e9sar me escribi\u00f3 para darme el p\u00e9same. Cuando le respond\u00ed para agradecerle, recuerdo que le dije: \u201cHoy la Ciudad Miliciana ha cobrado el significado m\u00e1ximo para m\u00ed\u201d.<\/p>\n\n\n\n<p>En la situaci\u00f3n m\u00e1s dif\u00edcil, pude darme cuenta de que estuvieron todos los medios espirituales para la salvaci\u00f3n de mi ni\u00f1a; y eso es la Ciudad.<strong> La Ciudad, para m\u00ed, es la comuni\u00f3n de los santos, la comuni\u00f3n en los dones del Reino de Dios y, en especial, de la caridad que en Fasta se expresa en la amistad miliciana.<\/strong><\/p>\n\n\n\n<p>\u201cSomos Ciudad\u201d no es solo comuni\u00f3n en la tierra; es comuni\u00f3n tambi\u00e9n con nuestros seres queridos en el cielo y con nuestros santos dominicos.<\/p>\n\n\n\n<p><strong><mark style=\"background-color:rgba(0, 0, 0, 0)\" class=\"has-inline-color has-luminous-vivid-amber-color\">-Fasta Per\u00fa est\u00e1 cumpliendo 30 a\u00f1os. \u00bfQu\u00e9 significa para ti, a modo personal y como Presidente Jurisdiccional, este acontecimiento?<\/mark><\/strong><\/p>\n\n\n\n<p>Es un momento de gracia para volver al Primer Amor: al Se\u00f1or Jes\u00fas, que me convoc\u00f3 en la \u201cGalilea de mi vida\u201d hace 30 a\u00f1os; al Se\u00f1or que hoy me sigue convocando, pero ya no estoy solo, ahora con mi familia y tantos amigos milicianos.<\/p>\n\n\n\n<p>Como Presidente Jurisdiccional, lo veo como un jubileo de acci\u00f3n de gracias por el paso de Dios por nuestras vidas. \u00a1Fasta ha hecho tanto bien en Per\u00fa! Tantas familias, tantos j\u00f3venes que han conocido en Fasta al Se\u00f1or, a su Madre, a los santos dominicos, en especial a nuestra patrona, Rosa de Lima. Han aprendido de la Patria, de la santidad.<\/p>\n\n\n\n<p><strong><mark style=\"background-color:rgba(0, 0, 0, 0)\" class=\"has-inline-color has-luminous-vivid-amber-color\">-\u00bfQu\u00e9 mensaje quiere dejar Fasta Per\u00fa en estos 30 a\u00f1os a la Ciudad Miliciana?<\/mark><\/strong><\/p>\n\n\n\n<p>La fundaci\u00f3n de Fasta en Per\u00fa tuvo la particularidad de que no cont\u00f3 con misioneros que se instalar\u00e1n en el pa\u00eds para sostenerla; reci\u00e9n luego de nueve a\u00f1os lleg\u00f3 el primer capell\u00e1n permanente, el padre Sebasti\u00e1n Vallejo. Este hecho es, en s\u00ed mismo, el mensaje: Fasta Per\u00fa se fund\u00f3 sobre familias que constituyeron una comunidad de fe en torno al Se\u00f1or, asumiendo seriamente la misi\u00f3n del laico pedida por el Concilio Vaticano II.<\/p>\n\n\n\n<p>En estos 30 a\u00f1os, <strong>la historia de Fasta Per\u00fa puede servir de modelo a tantas familias milicianas alrededor del mundo, que pueden seguir fundando nuevas comunidades de fe que se integren a Fasta. Eso es lo que le podemos regalar a la Ciudad.<\/strong><\/p>\n\n\n\n<p><\/p>\n","protected":false},"excerpt":{"rendered":"<p>La comunidad de Fasta Lima cumple 30 a\u00f1os de su fundaci\u00f3n y lo celebra durante todo el a\u00f1o con varias actividades. Los festejos centrales ser\u00e1n este 25 de abril y estar\u00e1n acompa\u00f1ando el Padre Presidente de Fasta, Pbro. C\u00e9sar Garc\u00e9s Rojas y el Director General del Movimiento, Carlos Fern\u00e1ndez. En el marco del trig\u00e9simo aniversario, [&hellip;]<\/p>\n","protected":false},"featured_media":2303256,"template":"","fuente_noticia":[],"categorias_noticia":[103],"origen_noticia":[69],"class_list":["post-2303240","noticias","type-noticias","status-publish","has-post-thumbnail","hentry","categorias_noticia-movimiento","origen_noticia-propia"],"acf":[],"yoast_head":"<!-- This site is optimized with the Yoast SEO plugin v27.4 - https:\/\/yoast.com\/product\/yoast-seo-wordpress\/ -->\n<title>\u201cUstedes tienen que fundar Fasta en Per\u00fa: esa es una de las frases que ha dado sentido a mi vida\u201d - Fasta<\/title>\n<meta name=\"description\" content=\"Con 11 a\u00f1os, el actual Presidente Jurisdiccional de Fasta Lima, se dio cuenta de que era Dios el que le estaba encomendando esa misi\u00f3n.\" \/>\n<meta name=\"robots\" content=\"index, follow, max-snippet:-1, max-image-preview:large, max-video-preview:-1\" \/>\n<link rel=\"canonical\" href=\"https:\/\/www.fasta.org\/pt-br\/noticias\/testimonio-javi-bastos\/\" \/>\n<meta property=\"og:locale\" content=\"pt_BR\" \/>\n<meta property=\"og:type\" content=\"article\" \/>\n<meta property=\"og:title\" content=\"\u201cUstedes tienen que fundar Fasta en Per\u00fa: esa es una de las frases que ha dado sentido a mi vida\u201d - Fasta\" \/>\n<meta property=\"og:description\" content=\"Con 11 a\u00f1os, el actual Presidente Jurisdiccional de Fasta Lima, se dio cuenta de que era Dios el que le estaba encomendando esa misi\u00f3n.\" \/>\n<meta property=\"og:url\" content=\"https:\/\/www.fasta.org\/pt-br\/noticias\/testimonio-javi-bastos\/\" \/>\n<meta property=\"og:site_name\" content=\"Fasta\" \/>\n<meta property=\"article:publisher\" content=\"https:\/\/www.facebook.com\/MovimientoFasta\" \/>\n<meta property=\"article:modified_time\" content=\"2026-04-28T16:59:06+00:00\" \/>\n<meta property=\"og:image\" content=\"https:\/\/www.fasta.org\/wp-content\/uploads\/2026\/04\/portada-nota.webp\" \/>\n\t<meta property=\"og:image:width\" content=\"2561\" \/>\n\t<meta property=\"og:image:height\" content=\"1196\" \/>\n\t<meta property=\"og:image:type\" content=\"image\/webp\" \/>\n<meta name=\"twitter:card\" content=\"summary_large_image\" \/>\n<meta name=\"twitter:label1\" content=\"Est. tempo de leitura\" \/>\n\t<meta name=\"twitter:data1\" content=\"7 minutos\" \/>\n<script type=\"application\/ld+json\" class=\"yoast-schema-graph\">{\"@context\":\"https:\\\/\\\/schema.org\",\"@graph\":[{\"@type\":\"WebPage\",\"@id\":\"https:\\\/\\\/www.fasta.org\\\/pt-br\\\/noticias\\\/testimonio-javi-bastos\\\/\",\"url\":\"https:\\\/\\\/www.fasta.org\\\/pt-br\\\/noticias\\\/testimonio-javi-bastos\\\/\",\"name\":\"\u201cUstedes tienen que fundar Fasta en Per\u00fa: esa es una de las frases que ha dado sentido a mi vida\u201d - Fasta\",\"isPartOf\":{\"@id\":\"https:\\\/\\\/www.fasta.org\\\/pt-br\\\/#website\"},\"primaryImageOfPage\":{\"@id\":\"https:\\\/\\\/www.fasta.org\\\/pt-br\\\/noticias\\\/testimonio-javi-bastos\\\/#primaryimage\"},\"image\":{\"@id\":\"https:\\\/\\\/www.fasta.org\\\/pt-br\\\/noticias\\\/testimonio-javi-bastos\\\/#primaryimage\"},\"thumbnailUrl\":\"https:\\\/\\\/www.fasta.org\\\/wp-content\\\/uploads\\\/2026\\\/04\\\/portada-nota.webp\",\"datePublished\":\"2026-04-24T15:24:25+00:00\",\"dateModified\":\"2026-04-28T16:59:06+00:00\",\"description\":\"Con 11 a\u00f1os, el actual Presidente Jurisdiccional de Fasta Lima, se dio cuenta de que era Dios el que le estaba encomendando esa misi\u00f3n.\",\"breadcrumb\":{\"@id\":\"https:\\\/\\\/www.fasta.org\\\/pt-br\\\/noticias\\\/testimonio-javi-bastos\\\/#breadcrumb\"},\"inLanguage\":\"pt-BR\",\"potentialAction\":[{\"@type\":\"ReadAction\",\"target\":[\"https:\\\/\\\/www.fasta.org\\\/pt-br\\\/noticias\\\/testimonio-javi-bastos\\\/\"]}]},{\"@type\":\"ImageObject\",\"inLanguage\":\"pt-BR\",\"@id\":\"https:\\\/\\\/www.fasta.org\\\/pt-br\\\/noticias\\\/testimonio-javi-bastos\\\/#primaryimage\",\"url\":\"https:\\\/\\\/www.fasta.org\\\/wp-content\\\/uploads\\\/2026\\\/04\\\/portada-nota.webp\",\"contentUrl\":\"https:\\\/\\\/www.fasta.org\\\/wp-content\\\/uploads\\\/2026\\\/04\\\/portada-nota.webp\",\"width\":2561,\"height\":1196},{\"@type\":\"BreadcrumbList\",\"@id\":\"https:\\\/\\\/www.fasta.org\\\/pt-br\\\/noticias\\\/testimonio-javi-bastos\\\/#breadcrumb\",\"itemListElement\":[{\"@type\":\"ListItem\",\"position\":1,\"name\":\"Portada\",\"item\":\"https:\\\/\\\/www.fasta.org\\\/pt-br\\\/\"},{\"@type\":\"ListItem\",\"position\":2,\"name\":\"Noticias\",\"item\":\"https:\\\/\\\/www.fasta.org\\\/pt-br\\\/noticias\\\/\"},{\"@type\":\"ListItem\",\"position\":3,\"name\":\"\u201cUstedes tienen que fundar Fasta en Per\u00fa: esa es una de las frases que ha dado sentido a mi vida\u201d\"}]},{\"@type\":\"WebSite\",\"@id\":\"https:\\\/\\\/www.fasta.org\\\/pt-br\\\/#website\",\"url\":\"https:\\\/\\\/www.fasta.org\\\/pt-br\\\/\",\"name\":\"Fasta\",\"description\":\"Fraternidad de Agrupaciones Santo Tom\u00e1s de Aquino\",\"publisher\":{\"@id\":\"https:\\\/\\\/www.fasta.org\\\/pt-br\\\/#organization\"},\"potentialAction\":[{\"@type\":\"SearchAction\",\"target\":{\"@type\":\"EntryPoint\",\"urlTemplate\":\"https:\\\/\\\/www.fasta.org\\\/pt-br\\\/?s={search_term_string}\"},\"query-input\":{\"@type\":\"PropertyValueSpecification\",\"valueRequired\":true,\"valueName\":\"search_term_string\"}}],\"inLanguage\":\"pt-BR\"},{\"@type\":\"Organization\",\"@id\":\"https:\\\/\\\/www.fasta.org\\\/pt-br\\\/#organization\",\"name\":\"Fasta\",\"url\":\"https:\\\/\\\/www.fasta.org\\\/pt-br\\\/\",\"logo\":{\"@type\":\"ImageObject\",\"inLanguage\":\"pt-BR\",\"@id\":\"https:\\\/\\\/www.fasta.org\\\/pt-br\\\/#\\\/schema\\\/logo\\\/image\\\/\",\"url\":\"https:\\\/\\\/www.fasta.org\\\/wp-content\\\/uploads\\\/2021\\\/08\\\/Marca-Fasta.png\",\"contentUrl\":\"https:\\\/\\\/www.fasta.org\\\/wp-content\\\/uploads\\\/2021\\\/08\\\/Marca-Fasta.png\",\"width\":1595,\"height\":644,\"caption\":\"Fasta\"},\"image\":{\"@id\":\"https:\\\/\\\/www.fasta.org\\\/pt-br\\\/#\\\/schema\\\/logo\\\/image\\\/\"},\"sameAs\":[\"https:\\\/\\\/www.facebook.com\\\/MovimientoFasta\"]}]}<\/script>\n<!-- \/ Yoast SEO plugin. -->","yoast_head_json":{"title":"\u201cUstedes tienen que fundar Fasta en Per\u00fa: esa es una de las frases que ha dado sentido a mi vida\u201d - Fasta","description":"Con 11 a\u00f1os, el actual Presidente Jurisdiccional de Fasta Lima, se dio cuenta de que era Dios el que le estaba encomendando esa misi\u00f3n.","robots":{"index":"index","follow":"follow","max-snippet":"max-snippet:-1","max-image-preview":"max-image-preview:large","max-video-preview":"max-video-preview:-1"},"canonical":"https:\/\/www.fasta.org\/pt-br\/noticias\/testimonio-javi-bastos\/","og_locale":"pt_BR","og_type":"article","og_title":"\u201cUstedes tienen que fundar Fasta en Per\u00fa: esa es una de las frases que ha dado sentido a mi vida\u201d - Fasta","og_description":"Con 11 a\u00f1os, el actual Presidente Jurisdiccional de Fasta Lima, se dio cuenta de que era Dios el que le estaba encomendando esa misi\u00f3n.","og_url":"https:\/\/www.fasta.org\/pt-br\/noticias\/testimonio-javi-bastos\/","og_site_name":"Fasta","article_publisher":"https:\/\/www.facebook.com\/MovimientoFasta","article_modified_time":"2026-04-28T16:59:06+00:00","og_image":[{"width":2561,"height":1196,"url":"https:\/\/www.fasta.org\/wp-content\/uploads\/2026\/04\/portada-nota.webp","type":"image\/webp"}],"twitter_card":"summary_large_image","twitter_misc":{"Est. tempo de leitura":"7 minutos"},"schema":{"@context":"https:\/\/schema.org","@graph":[{"@type":"WebPage","@id":"https:\/\/www.fasta.org\/pt-br\/noticias\/testimonio-javi-bastos\/","url":"https:\/\/www.fasta.org\/pt-br\/noticias\/testimonio-javi-bastos\/","name":"\u201cUstedes tienen que fundar Fasta en Per\u00fa: esa es una de las frases que ha dado sentido a mi vida\u201d - Fasta","isPartOf":{"@id":"https:\/\/www.fasta.org\/pt-br\/#website"},"primaryImageOfPage":{"@id":"https:\/\/www.fasta.org\/pt-br\/noticias\/testimonio-javi-bastos\/#primaryimage"},"image":{"@id":"https:\/\/www.fasta.org\/pt-br\/noticias\/testimonio-javi-bastos\/#primaryimage"},"thumbnailUrl":"https:\/\/www.fasta.org\/wp-content\/uploads\/2026\/04\/portada-nota.webp","datePublished":"2026-04-24T15:24:25+00:00","dateModified":"2026-04-28T16:59:06+00:00","description":"Con 11 a\u00f1os, el actual Presidente Jurisdiccional de Fasta Lima, se dio cuenta de que era Dios el que le estaba encomendando esa misi\u00f3n.","breadcrumb":{"@id":"https:\/\/www.fasta.org\/pt-br\/noticias\/testimonio-javi-bastos\/#breadcrumb"},"inLanguage":"pt-BR","potentialAction":[{"@type":"ReadAction","target":["https:\/\/www.fasta.org\/pt-br\/noticias\/testimonio-javi-bastos\/"]}]},{"@type":"ImageObject","inLanguage":"pt-BR","@id":"https:\/\/www.fasta.org\/pt-br\/noticias\/testimonio-javi-bastos\/#primaryimage","url":"https:\/\/www.fasta.org\/wp-content\/uploads\/2026\/04\/portada-nota.webp","contentUrl":"https:\/\/www.fasta.org\/wp-content\/uploads\/2026\/04\/portada-nota.webp","width":2561,"height":1196},{"@type":"BreadcrumbList","@id":"https:\/\/www.fasta.org\/pt-br\/noticias\/testimonio-javi-bastos\/#breadcrumb","itemListElement":[{"@type":"ListItem","position":1,"name":"Portada","item":"https:\/\/www.fasta.org\/pt-br\/"},{"@type":"ListItem","position":2,"name":"Noticias","item":"https:\/\/www.fasta.org\/pt-br\/noticias\/"},{"@type":"ListItem","position":3,"name":"\u201cUstedes tienen que fundar Fasta en Per\u00fa: esa es una de las frases que ha dado sentido a mi vida\u201d"}]},{"@type":"WebSite","@id":"https:\/\/www.fasta.org\/pt-br\/#website","url":"https:\/\/www.fasta.org\/pt-br\/","name":"Fasta","description":"Fraternidad de Agrupaciones Santo Tom\u00e1s de Aquino","publisher":{"@id":"https:\/\/www.fasta.org\/pt-br\/#organization"},"potentialAction":[{"@type":"SearchAction","target":{"@type":"EntryPoint","urlTemplate":"https:\/\/www.fasta.org\/pt-br\/?s={search_term_string}"},"query-input":{"@type":"PropertyValueSpecification","valueRequired":true,"valueName":"search_term_string"}}],"inLanguage":"pt-BR"},{"@type":"Organization","@id":"https:\/\/www.fasta.org\/pt-br\/#organization","name":"Fasta","url":"https:\/\/www.fasta.org\/pt-br\/","logo":{"@type":"ImageObject","inLanguage":"pt-BR","@id":"https:\/\/www.fasta.org\/pt-br\/#\/schema\/logo\/image\/","url":"https:\/\/www.fasta.org\/wp-content\/uploads\/2021\/08\/Marca-Fasta.png","contentUrl":"https:\/\/www.fasta.org\/wp-content\/uploads\/2021\/08\/Marca-Fasta.png","width":1595,"height":644,"caption":"Fasta"},"image":{"@id":"https:\/\/www.fasta.org\/pt-br\/#\/schema\/logo\/image\/"},"sameAs":["https:\/\/www.facebook.com\/MovimientoFasta"]}]}},"_links":{"self":[{"href":"https:\/\/www.fasta.org\/pt-br\/wp-json\/wp\/v2\/noticias\/2303240","targetHints":{"allow":["GET"]}}],"collection":[{"href":"https:\/\/www.fasta.org\/pt-br\/wp-json\/wp\/v2\/noticias"}],"about":[{"href":"https:\/\/www.fasta.org\/pt-br\/wp-json\/wp\/v2\/types\/noticias"}],"version-history":[{"count":6,"href":"https:\/\/www.fasta.org\/pt-br\/wp-json\/wp\/v2\/noticias\/2303240\/revisions"}],"predecessor-version":[{"id":2307571,"href":"https:\/\/www.fasta.org\/pt-br\/wp-json\/wp\/v2\/noticias\/2303240\/revisions\/2307571"}],"wp:featuredmedia":[{"embeddable":true,"href":"https:\/\/www.fasta.org\/pt-br\/wp-json\/wp\/v2\/media\/2303256"}],"wp:attachment":[{"href":"https:\/\/www.fasta.org\/pt-br\/wp-json\/wp\/v2\/media?parent=2303240"}],"wp:term":[{"taxonomy":"fuente_noticia","embeddable":true,"href":"https:\/\/www.fasta.org\/pt-br\/wp-json\/wp\/v2\/fuente_noticia?post=2303240"},{"taxonomy":"categorias_noticia","embeddable":true,"href":"https:\/\/www.fasta.org\/pt-br\/wp-json\/wp\/v2\/categorias_noticia?post=2303240"},{"taxonomy":"origen_noticia","embeddable":true,"href":"https:\/\/www.fasta.org\/pt-br\/wp-json\/wp\/v2\/origen_noticia?post=2303240"}],"curies":[{"name":"wp","href":"https:\/\/api.w.org\/{rel}","templated":true}]}}