{"id":2247421,"date":"2026-03-27T08:30:22","date_gmt":"2026-03-27T11:30:22","guid":{"rendered":"https:\/\/www.fasta.org\/?post_type=noticias&#038;p=2247421"},"modified":"2026-03-27T08:30:26","modified_gmt":"2026-03-27T11:30:26","slug":"fasta-participo-de-la-primera-reunion-del-ano-de-la-mesa-de-movimientos-eclesiales","status":"publish","type":"noticias","link":"https:\/\/www.fasta.org\/pt-br\/noticias\/fasta-participo-de-la-primera-reunion-del-ano-de-la-mesa-de-movimientos-eclesiales\/","title":{"rendered":"Fasta particip\u00f3 de la primera reuni\u00f3n del a\u00f1o de la Mesa de Movimientos Eclesiales"},"content":{"rendered":"\n<p>El 13 de marzo se dio inicio a los encuentros anuales de esta mesa, que convoca a referentes y autoridades de movimientos, asociaciones, instituciones, nuevas comunidades y corrientes de gracia.<\/p>\n\n\n\n<p>Desde hace varios a\u00f1os, Fasta forma parte de este \u00e1mbito a trav\u00e9s de sus representantes: la Cath. \u00c1ngela Mar\u00eda Varela y Emilia Fern\u00e1ndez, de la Direcci\u00f3n de Relaciones Institucionales, junto a Rub\u00e9n Campos, quien adem\u00e1s se desempe\u00f1a como coordinador del Departamento de Movimientos Eclesiales, Asociaciones y Nuevas Comunidades (DEMEC).<\/p>\n\n\n\n<p>\u201cLa participaci\u00f3n de Fasta en esta mesa nos brinda un espacio de escucha y di\u00e1logo que nos permite conocer la realidad de otros movimientos. Adem\u00e1s, compartimos experiencias, desaf\u00edos y buenas pr\u00e1cticas que fortalecen la misi\u00f3n com\u00fan de anunciar a Cristo\u201d, destac\u00f3 la Cath. \u00c1ngela Mar\u00eda Varela.<\/p>\n\n\n\n<p>Durante la reuni\u00f3n, realizada en la sede de la Conferencia Episcopal Argentina, el trabajo se centr\u00f3 en la organizaci\u00f3n del pr\u00f3ximo Encuentro Nacional de Movimientos Eclesiales, que tendr\u00e1 lugar los d\u00edas 9, 10 y 11 de octubre en la Villa Marista de Luj\u00e1n.<\/p>\n\n\n\n<p>Bajo el lema <em>\u201cLaicos para transformar el mundo\u201d<\/em>, el encuentro buscar\u00e1 compartir experiencias que aporten a la transformaci\u00f3n de la realidad social en \u00e1mbitos como la educaci\u00f3n, la pol\u00edtica, el trabajo, la empresa, la justicia y la salud, entre otros. Asimismo, se propondr\u00e1 discernir acciones conjuntas que fortalezcan esta misi\u00f3n com\u00fan.<\/p>\n\n\n\n<p>\u201cLa idea del Encuentro es que todos los movimientos podamos encontrarnos, compartir la riqueza de cada carisma y ver c\u00f3mo cada uno puede aportar a la transformaci\u00f3n de los distintos \u00e1mbitos de nuestra realidad\u201d, expres\u00f3 la Directora de Relaciones Institucionales.<\/p>\n","protected":false},"excerpt":{"rendered":"<p>El 13 de marzo se dio inicio a los encuentros anuales de esta mesa, que convoca a referentes y autoridades de movimientos, asociaciones, instituciones, nuevas comunidades y corrientes de gracia. Desde hace varios a\u00f1os, Fasta forma parte de este \u00e1mbito a trav\u00e9s de sus representantes: la Cath. \u00c1ngela Mar\u00eda Varela y Emilia Fern\u00e1ndez, de la [&hellip;]<\/p>\n","protected":false},"featured_media":2247426,"template":"","fuente_noticia":[],"categorias_noticia":[156],"origen_noticia":[69],"class_list":["post-2247421","noticias","type-noticias","status-publish","has-post-thumbnail","hentry","categorias_noticia-ciudad","origen_noticia-propia"],"acf":[],"yoast_head":"<!-- This site is optimized with the Yoast SEO plugin v27.4 - https:\/\/yoast.com\/product\/yoast-seo-wordpress\/ -->\n<title>Fasta particip\u00f3 de la primera reuni\u00f3n del a\u00f1o de la Mesa de Movimientos Eclesiales - Fasta<\/title>\n<meta name=\"robots\" content=\"index, follow, max-snippet:-1, max-image-preview:large, max-video-preview:-1\" \/>\n<link rel=\"canonical\" href=\"https:\/\/www.fasta.org\/pt-br\/noticias\/fasta-participo-de-la-primera-reunion-del-ano-de-la-mesa-de-movimientos-eclesiales\/\" \/>\n<meta property=\"og:locale\" content=\"pt_BR\" \/>\n<meta property=\"og:type\" content=\"article\" \/>\n<meta property=\"og:title\" content=\"Fasta particip\u00f3 de la primera reuni\u00f3n del a\u00f1o de la Mesa de Movimientos Eclesiales - Fasta\" \/>\n<meta property=\"og:description\" content=\"El 13 de marzo se dio inicio a los encuentros anuales de esta mesa, que convoca a referentes y autoridades de movimientos, asociaciones, instituciones, nuevas comunidades y corrientes de gracia. Desde hace varios a\u00f1os, Fasta forma parte de este \u00e1mbito a trav\u00e9s de sus representantes: la Cath. \u00c1ngela Mar\u00eda Varela y Emilia Fern\u00e1ndez, de la [&hellip;]\" \/>\n<meta property=\"og:url\" content=\"https:\/\/www.fasta.org\/pt-br\/noticias\/fasta-participo-de-la-primera-reunion-del-ano-de-la-mesa-de-movimientos-eclesiales\/\" \/>\n<meta property=\"og:site_name\" content=\"Fasta\" \/>\n<meta property=\"article:publisher\" content=\"https:\/\/www.facebook.com\/MovimientoFasta\" \/>\n<meta property=\"article:modified_time\" content=\"2026-03-27T11:30:26+00:00\" \/>\n<meta property=\"og:image\" content=\"https:\/\/www.fasta.org\/wp-content\/uploads\/2026\/03\/Fotos-InfoCiudad_Movimiento-03.webp\" \/>\n\t<meta property=\"og:image:width\" content=\"1500\" \/>\n\t<meta property=\"og:image:height\" content=\"700\" \/>\n\t<meta property=\"og:image:type\" content=\"image\/webp\" \/>\n<meta name=\"twitter:card\" content=\"summary_large_image\" \/>\n<meta name=\"twitter:label1\" content=\"Est. tempo de leitura\" \/>\n\t<meta name=\"twitter:data1\" content=\"2 minutos\" \/>\n<script type=\"application\/ld+json\" class=\"yoast-schema-graph\">{\"@context\":\"https:\\\/\\\/schema.org\",\"@graph\":[{\"@type\":\"WebPage\",\"@id\":\"https:\\\/\\\/www.fasta.org\\\/pt-br\\\/noticias\\\/fasta-participo-de-la-primera-reunion-del-ano-de-la-mesa-de-movimientos-eclesiales\\\/\",\"url\":\"https:\\\/\\\/www.fasta.org\\\/pt-br\\\/noticias\\\/fasta-participo-de-la-primera-reunion-del-ano-de-la-mesa-de-movimientos-eclesiales\\\/\",\"name\":\"Fasta particip\u00f3 de la primera reuni\u00f3n del a\u00f1o de la Mesa de Movimientos Eclesiales - Fasta\",\"isPartOf\":{\"@id\":\"https:\\\/\\\/www.fasta.org\\\/pt-br\\\/#website\"},\"primaryImageOfPage\":{\"@id\":\"https:\\\/\\\/www.fasta.org\\\/pt-br\\\/noticias\\\/fasta-participo-de-la-primera-reunion-del-ano-de-la-mesa-de-movimientos-eclesiales\\\/#primaryimage\"},\"image\":{\"@id\":\"https:\\\/\\\/www.fasta.org\\\/pt-br\\\/noticias\\\/fasta-participo-de-la-primera-reunion-del-ano-de-la-mesa-de-movimientos-eclesiales\\\/#primaryimage\"},\"thumbnailUrl\":\"https:\\\/\\\/www.fasta.org\\\/wp-content\\\/uploads\\\/2026\\\/03\\\/Fotos-InfoCiudad_Movimiento-03.webp\",\"datePublished\":\"2026-03-27T11:30:22+00:00\",\"dateModified\":\"2026-03-27T11:30:26+00:00\",\"breadcrumb\":{\"@id\":\"https:\\\/\\\/www.fasta.org\\\/pt-br\\\/noticias\\\/fasta-participo-de-la-primera-reunion-del-ano-de-la-mesa-de-movimientos-eclesiales\\\/#breadcrumb\"},\"inLanguage\":\"pt-BR\",\"potentialAction\":[{\"@type\":\"ReadAction\",\"target\":[\"https:\\\/\\\/www.fasta.org\\\/pt-br\\\/noticias\\\/fasta-participo-de-la-primera-reunion-del-ano-de-la-mesa-de-movimientos-eclesiales\\\/\"]}]},{\"@type\":\"ImageObject\",\"inLanguage\":\"pt-BR\",\"@id\":\"https:\\\/\\\/www.fasta.org\\\/pt-br\\\/noticias\\\/fasta-participo-de-la-primera-reunion-del-ano-de-la-mesa-de-movimientos-eclesiales\\\/#primaryimage\",\"url\":\"https:\\\/\\\/www.fasta.org\\\/wp-content\\\/uploads\\\/2026\\\/03\\\/Fotos-InfoCiudad_Movimiento-03.webp\",\"contentUrl\":\"https:\\\/\\\/www.fasta.org\\\/wp-content\\\/uploads\\\/2026\\\/03\\\/Fotos-InfoCiudad_Movimiento-03.webp\",\"width\":1500,\"height\":700},{\"@type\":\"BreadcrumbList\",\"@id\":\"https:\\\/\\\/www.fasta.org\\\/pt-br\\\/noticias\\\/fasta-participo-de-la-primera-reunion-del-ano-de-la-mesa-de-movimientos-eclesiales\\\/#breadcrumb\",\"itemListElement\":[{\"@type\":\"ListItem\",\"position\":1,\"name\":\"Portada\",\"item\":\"https:\\\/\\\/www.fasta.org\\\/pt-br\\\/\"},{\"@type\":\"ListItem\",\"position\":2,\"name\":\"Noticias\",\"item\":\"https:\\\/\\\/www.fasta.org\\\/pt-br\\\/noticias\\\/\"},{\"@type\":\"ListItem\",\"position\":3,\"name\":\"Fasta particip\u00f3 de la primera reuni\u00f3n del a\u00f1o de la Mesa de Movimientos Eclesiales\"}]},{\"@type\":\"WebSite\",\"@id\":\"https:\\\/\\\/www.fasta.org\\\/pt-br\\\/#website\",\"url\":\"https:\\\/\\\/www.fasta.org\\\/pt-br\\\/\",\"name\":\"Fasta\",\"description\":\"Fraternidad de Agrupaciones Santo Tom\u00e1s de Aquino\",\"publisher\":{\"@id\":\"https:\\\/\\\/www.fasta.org\\\/pt-br\\\/#organization\"},\"potentialAction\":[{\"@type\":\"SearchAction\",\"target\":{\"@type\":\"EntryPoint\",\"urlTemplate\":\"https:\\\/\\\/www.fasta.org\\\/pt-br\\\/?s={search_term_string}\"},\"query-input\":{\"@type\":\"PropertyValueSpecification\",\"valueRequired\":true,\"valueName\":\"search_term_string\"}}],\"inLanguage\":\"pt-BR\"},{\"@type\":\"Organization\",\"@id\":\"https:\\\/\\\/www.fasta.org\\\/pt-br\\\/#organization\",\"name\":\"Fasta\",\"url\":\"https:\\\/\\\/www.fasta.org\\\/pt-br\\\/\",\"logo\":{\"@type\":\"ImageObject\",\"inLanguage\":\"pt-BR\",\"@id\":\"https:\\\/\\\/www.fasta.org\\\/pt-br\\\/#\\\/schema\\\/logo\\\/image\\\/\",\"url\":\"https:\\\/\\\/www.fasta.org\\\/wp-content\\\/uploads\\\/2021\\\/08\\\/Marca-Fasta.png\",\"contentUrl\":\"https:\\\/\\\/www.fasta.org\\\/wp-content\\\/uploads\\\/2021\\\/08\\\/Marca-Fasta.png\",\"width\":1595,\"height\":644,\"caption\":\"Fasta\"},\"image\":{\"@id\":\"https:\\\/\\\/www.fasta.org\\\/pt-br\\\/#\\\/schema\\\/logo\\\/image\\\/\"},\"sameAs\":[\"https:\\\/\\\/www.facebook.com\\\/MovimientoFasta\"]}]}<\/script>\n<!-- \/ Yoast SEO plugin. -->","yoast_head_json":{"title":"Fasta particip\u00f3 de la primera reuni\u00f3n del a\u00f1o de la Mesa de Movimientos Eclesiales - Fasta","robots":{"index":"index","follow":"follow","max-snippet":"max-snippet:-1","max-image-preview":"max-image-preview:large","max-video-preview":"max-video-preview:-1"},"canonical":"https:\/\/www.fasta.org\/pt-br\/noticias\/fasta-participo-de-la-primera-reunion-del-ano-de-la-mesa-de-movimientos-eclesiales\/","og_locale":"pt_BR","og_type":"article","og_title":"Fasta particip\u00f3 de la primera reuni\u00f3n del a\u00f1o de la Mesa de Movimientos Eclesiales - Fasta","og_description":"El 13 de marzo se dio inicio a los encuentros anuales de esta mesa, que convoca a referentes y autoridades de movimientos, asociaciones, instituciones, nuevas comunidades y corrientes de gracia. Desde hace varios a\u00f1os, Fasta forma parte de este \u00e1mbito a trav\u00e9s de sus representantes: la Cath. \u00c1ngela Mar\u00eda Varela y Emilia Fern\u00e1ndez, de la [&hellip;]","og_url":"https:\/\/www.fasta.org\/pt-br\/noticias\/fasta-participo-de-la-primera-reunion-del-ano-de-la-mesa-de-movimientos-eclesiales\/","og_site_name":"Fasta","article_publisher":"https:\/\/www.facebook.com\/MovimientoFasta","article_modified_time":"2026-03-27T11:30:26+00:00","og_image":[{"width":1500,"height":700,"url":"https:\/\/www.fasta.org\/wp-content\/uploads\/2026\/03\/Fotos-InfoCiudad_Movimiento-03.webp","type":"image\/webp"}],"twitter_card":"summary_large_image","twitter_misc":{"Est. tempo de leitura":"2 minutos"},"schema":{"@context":"https:\/\/schema.org","@graph":[{"@type":"WebPage","@id":"https:\/\/www.fasta.org\/pt-br\/noticias\/fasta-participo-de-la-primera-reunion-del-ano-de-la-mesa-de-movimientos-eclesiales\/","url":"https:\/\/www.fasta.org\/pt-br\/noticias\/fasta-participo-de-la-primera-reunion-del-ano-de-la-mesa-de-movimientos-eclesiales\/","name":"Fasta particip\u00f3 de la primera reuni\u00f3n del a\u00f1o de la Mesa de Movimientos Eclesiales - Fasta","isPartOf":{"@id":"https:\/\/www.fasta.org\/pt-br\/#website"},"primaryImageOfPage":{"@id":"https:\/\/www.fasta.org\/pt-br\/noticias\/fasta-participo-de-la-primera-reunion-del-ano-de-la-mesa-de-movimientos-eclesiales\/#primaryimage"},"image":{"@id":"https:\/\/www.fasta.org\/pt-br\/noticias\/fasta-participo-de-la-primera-reunion-del-ano-de-la-mesa-de-movimientos-eclesiales\/#primaryimage"},"thumbnailUrl":"https:\/\/www.fasta.org\/wp-content\/uploads\/2026\/03\/Fotos-InfoCiudad_Movimiento-03.webp","datePublished":"2026-03-27T11:30:22+00:00","dateModified":"2026-03-27T11:30:26+00:00","breadcrumb":{"@id":"https:\/\/www.fasta.org\/pt-br\/noticias\/fasta-participo-de-la-primera-reunion-del-ano-de-la-mesa-de-movimientos-eclesiales\/#breadcrumb"},"inLanguage":"pt-BR","potentialAction":[{"@type":"ReadAction","target":["https:\/\/www.fasta.org\/pt-br\/noticias\/fasta-participo-de-la-primera-reunion-del-ano-de-la-mesa-de-movimientos-eclesiales\/"]}]},{"@type":"ImageObject","inLanguage":"pt-BR","@id":"https:\/\/www.fasta.org\/pt-br\/noticias\/fasta-participo-de-la-primera-reunion-del-ano-de-la-mesa-de-movimientos-eclesiales\/#primaryimage","url":"https:\/\/www.fasta.org\/wp-content\/uploads\/2026\/03\/Fotos-InfoCiudad_Movimiento-03.webp","contentUrl":"https:\/\/www.fasta.org\/wp-content\/uploads\/2026\/03\/Fotos-InfoCiudad_Movimiento-03.webp","width":1500,"height":700},{"@type":"BreadcrumbList","@id":"https:\/\/www.fasta.org\/pt-br\/noticias\/fasta-participo-de-la-primera-reunion-del-ano-de-la-mesa-de-movimientos-eclesiales\/#breadcrumb","itemListElement":[{"@type":"ListItem","position":1,"name":"Portada","item":"https:\/\/www.fasta.org\/pt-br\/"},{"@type":"ListItem","position":2,"name":"Noticias","item":"https:\/\/www.fasta.org\/pt-br\/noticias\/"},{"@type":"ListItem","position":3,"name":"Fasta particip\u00f3 de la primera reuni\u00f3n del a\u00f1o de la Mesa de Movimientos Eclesiales"}]},{"@type":"WebSite","@id":"https:\/\/www.fasta.org\/pt-br\/#website","url":"https:\/\/www.fasta.org\/pt-br\/","name":"Fasta","description":"Fraternidad de Agrupaciones Santo Tom\u00e1s de Aquino","publisher":{"@id":"https:\/\/www.fasta.org\/pt-br\/#organization"},"potentialAction":[{"@type":"SearchAction","target":{"@type":"EntryPoint","urlTemplate":"https:\/\/www.fasta.org\/pt-br\/?s={search_term_string}"},"query-input":{"@type":"PropertyValueSpecification","valueRequired":true,"valueName":"search_term_string"}}],"inLanguage":"pt-BR"},{"@type":"Organization","@id":"https:\/\/www.fasta.org\/pt-br\/#organization","name":"Fasta","url":"https:\/\/www.fasta.org\/pt-br\/","logo":{"@type":"ImageObject","inLanguage":"pt-BR","@id":"https:\/\/www.fasta.org\/pt-br\/#\/schema\/logo\/image\/","url":"https:\/\/www.fasta.org\/wp-content\/uploads\/2021\/08\/Marca-Fasta.png","contentUrl":"https:\/\/www.fasta.org\/wp-content\/uploads\/2021\/08\/Marca-Fasta.png","width":1595,"height":644,"caption":"Fasta"},"image":{"@id":"https:\/\/www.fasta.org\/pt-br\/#\/schema\/logo\/image\/"},"sameAs":["https:\/\/www.facebook.com\/MovimientoFasta"]}]}},"_links":{"self":[{"href":"https:\/\/www.fasta.org\/pt-br\/wp-json\/wp\/v2\/noticias\/2247421","targetHints":{"allow":["GET"]}}],"collection":[{"href":"https:\/\/www.fasta.org\/pt-br\/wp-json\/wp\/v2\/noticias"}],"about":[{"href":"https:\/\/www.fasta.org\/pt-br\/wp-json\/wp\/v2\/types\/noticias"}],"version-history":[{"count":1,"href":"https:\/\/www.fasta.org\/pt-br\/wp-json\/wp\/v2\/noticias\/2247421\/revisions"}],"predecessor-version":[{"id":2247432,"href":"https:\/\/www.fasta.org\/pt-br\/wp-json\/wp\/v2\/noticias\/2247421\/revisions\/2247432"}],"wp:featuredmedia":[{"embeddable":true,"href":"https:\/\/www.fasta.org\/pt-br\/wp-json\/wp\/v2\/media\/2247426"}],"wp:attachment":[{"href":"https:\/\/www.fasta.org\/pt-br\/wp-json\/wp\/v2\/media?parent=2247421"}],"wp:term":[{"taxonomy":"fuente_noticia","embeddable":true,"href":"https:\/\/www.fasta.org\/pt-br\/wp-json\/wp\/v2\/fuente_noticia?post=2247421"},{"taxonomy":"categorias_noticia","embeddable":true,"href":"https:\/\/www.fasta.org\/pt-br\/wp-json\/wp\/v2\/categorias_noticia?post=2247421"},{"taxonomy":"origen_noticia","embeddable":true,"href":"https:\/\/www.fasta.org\/pt-br\/wp-json\/wp\/v2\/origen_noticia?post=2247421"}],"curies":[{"name":"wp","href":"https:\/\/api.w.org\/{rel}","templated":true}]}}