{"id":2247373,"date":"2026-03-27T08:16:16","date_gmt":"2026-03-27T11:16:16","guid":{"rendered":"https:\/\/www.fasta.org\/?post_type=noticias&#038;p=2247373"},"modified":"2026-03-27T08:22:47","modified_gmt":"2026-03-27T11:22:47","slug":"se-realizara-una-nueva-junta-de-presidentes-jurisdiccionales","status":"publish","type":"noticias","link":"https:\/\/www.fasta.org\/pt-br\/noticias\/se-realizara-una-nueva-junta-de-presidentes-jurisdiccionales\/","title":{"rendered":"Se realizar\u00e1 una nueva Junta de Presidentes Jurisdiccionales"},"content":{"rendered":"\n<p>La Direcci\u00f3n Nacional del Movimiento de Argentina realizar\u00e1 el 10, 11 y 12 de abril la Junta de Presidentes Jurisdiccionales en la Casa de Mar\u00eda, ubicada en Luj\u00e1n, Provincia de Buenos Aires.<\/p>\n\n\n\n<p>El Director Nacional del Movimiento explic\u00f3 que<em> \u201cesta Junta busca dar continuidad al camino iniciado en la \u00faltima Junta Ampliada que se hizo el a\u00f1o pasado, en la cual compartimos un espacio fraterno de discernimiento. En ella reflexionamos sobre las realidades jurisdiccionales, identificamos desaf\u00edos y oportunidades y comenzamos a vislumbrar orientaciones apost\u00f3licas\u201d<\/em>.<\/p>\n\n\n\n<p>La Junta de Presidentes Jurisdiccionales 2026 tiene por objetivo avanzar en la definici\u00f3n de objetivos, acciones y proyectos apost\u00f3licos concretos que orienten la vida de las jurisdicciones en los pr\u00f3ximos a\u00f1os, para seguir desde cada una de nuestras comunidades colaborando con la misi\u00f3n de la Iglesia.<\/p>\n\n\n\n<p>Larissa Kern, Directora Nacional del Movimiento, coment\u00f3 <em>\u201cnos brindan la posibilidad de compartir espacios de di\u00e1logo y escucha entre las jurisdicciones. Que los Presidentes puedan conocer todas las realidades y encontrar puntos en com\u00fan y de acompa\u00f1amiento ante ciertas dificultades que tambi\u00e9n puedan estar atravesando\u201d.<\/em><\/p>\n\n\n\n<p>De este modo, la Junta de Presidentes Jurisdiccionales se presenta como un espacio clave para seguir fortaleciendo la fraternidad, renovar el impulso apost\u00f3lico y proyectar, con mirada compartida, el camino de cada jurisdicci\u00f3n.<\/p>\n","protected":false},"excerpt":{"rendered":"<p>La Direcci\u00f3n Nacional del Movimiento de Argentina realizar\u00e1 el 10, 11 y 12 de abril la Junta de Presidentes Jurisdiccionales en la Casa de Mar\u00eda, ubicada en Luj\u00e1n, Provincia de Buenos Aires. El Director Nacional del Movimiento explic\u00f3 que \u201cesta Junta busca dar continuidad al camino iniciado en la \u00faltima Junta Ampliada que se hizo [&hellip;]<\/p>\n","protected":false},"featured_media":2247380,"template":"","fuente_noticia":[],"categorias_noticia":[103],"origen_noticia":[69],"class_list":["post-2247373","noticias","type-noticias","status-publish","has-post-thumbnail","hentry","categorias_noticia-movimiento","origen_noticia-propia"],"acf":[],"yoast_head":"<!-- This site is optimized with the Yoast SEO plugin v27.4 - https:\/\/yoast.com\/product\/yoast-seo-wordpress\/ -->\n<title>Se realizar\u00e1 una nueva Junta de Presidentes Jurisdiccionales - Fasta<\/title>\n<meta name=\"robots\" content=\"index, follow, max-snippet:-1, max-image-preview:large, max-video-preview:-1\" \/>\n<link rel=\"canonical\" href=\"https:\/\/www.fasta.org\/pt-br\/noticias\/se-realizara-una-nueva-junta-de-presidentes-jurisdiccionales\/\" \/>\n<meta property=\"og:locale\" content=\"pt_BR\" \/>\n<meta property=\"og:type\" content=\"article\" \/>\n<meta property=\"og:title\" content=\"Se realizar\u00e1 una nueva Junta de Presidentes Jurisdiccionales - Fasta\" \/>\n<meta property=\"og:description\" content=\"La Direcci\u00f3n Nacional del Movimiento de Argentina realizar\u00e1 el 10, 11 y 12 de abril la Junta de Presidentes Jurisdiccionales en la Casa de Mar\u00eda, ubicada en Luj\u00e1n, Provincia de Buenos Aires. El Director Nacional del Movimiento explic\u00f3 que \u201cesta Junta busca dar continuidad al camino iniciado en la \u00faltima Junta Ampliada que se hizo [&hellip;]\" \/>\n<meta property=\"og:url\" content=\"https:\/\/www.fasta.org\/pt-br\/noticias\/se-realizara-una-nueva-junta-de-presidentes-jurisdiccionales\/\" \/>\n<meta property=\"og:site_name\" content=\"Fasta\" \/>\n<meta property=\"article:publisher\" content=\"https:\/\/www.facebook.com\/MovimientoFasta\" \/>\n<meta property=\"article:modified_time\" content=\"2026-03-27T11:22:47+00:00\" \/>\n<meta property=\"og:image\" content=\"https:\/\/www.fasta.org\/wp-content\/uploads\/2026\/03\/Fotos-InfoCiudad-46.webp\" \/>\n\t<meta property=\"og:image:width\" content=\"1500\" \/>\n\t<meta property=\"og:image:height\" content=\"700\" \/>\n\t<meta property=\"og:image:type\" content=\"image\/webp\" \/>\n<meta name=\"twitter:card\" content=\"summary_large_image\" \/>\n<meta name=\"twitter:label1\" content=\"Est. tempo de leitura\" \/>\n\t<meta name=\"twitter:data1\" content=\"2 minutos\" \/>\n<script type=\"application\/ld+json\" class=\"yoast-schema-graph\">{\"@context\":\"https:\\\/\\\/schema.org\",\"@graph\":[{\"@type\":\"WebPage\",\"@id\":\"https:\\\/\\\/www.fasta.org\\\/pt-br\\\/noticias\\\/se-realizara-una-nueva-junta-de-presidentes-jurisdiccionales\\\/\",\"url\":\"https:\\\/\\\/www.fasta.org\\\/pt-br\\\/noticias\\\/se-realizara-una-nueva-junta-de-presidentes-jurisdiccionales\\\/\",\"name\":\"Se realizar\u00e1 una nueva Junta de Presidentes Jurisdiccionales - Fasta\",\"isPartOf\":{\"@id\":\"https:\\\/\\\/www.fasta.org\\\/pt-br\\\/#website\"},\"primaryImageOfPage\":{\"@id\":\"https:\\\/\\\/www.fasta.org\\\/pt-br\\\/noticias\\\/se-realizara-una-nueva-junta-de-presidentes-jurisdiccionales\\\/#primaryimage\"},\"image\":{\"@id\":\"https:\\\/\\\/www.fasta.org\\\/pt-br\\\/noticias\\\/se-realizara-una-nueva-junta-de-presidentes-jurisdiccionales\\\/#primaryimage\"},\"thumbnailUrl\":\"https:\\\/\\\/www.fasta.org\\\/wp-content\\\/uploads\\\/2026\\\/03\\\/Fotos-InfoCiudad-46.webp\",\"datePublished\":\"2026-03-27T11:16:16+00:00\",\"dateModified\":\"2026-03-27T11:22:47+00:00\",\"breadcrumb\":{\"@id\":\"https:\\\/\\\/www.fasta.org\\\/pt-br\\\/noticias\\\/se-realizara-una-nueva-junta-de-presidentes-jurisdiccionales\\\/#breadcrumb\"},\"inLanguage\":\"pt-BR\",\"potentialAction\":[{\"@type\":\"ReadAction\",\"target\":[\"https:\\\/\\\/www.fasta.org\\\/pt-br\\\/noticias\\\/se-realizara-una-nueva-junta-de-presidentes-jurisdiccionales\\\/\"]}]},{\"@type\":\"ImageObject\",\"inLanguage\":\"pt-BR\",\"@id\":\"https:\\\/\\\/www.fasta.org\\\/pt-br\\\/noticias\\\/se-realizara-una-nueva-junta-de-presidentes-jurisdiccionales\\\/#primaryimage\",\"url\":\"https:\\\/\\\/www.fasta.org\\\/wp-content\\\/uploads\\\/2026\\\/03\\\/Fotos-InfoCiudad-46.webp\",\"contentUrl\":\"https:\\\/\\\/www.fasta.org\\\/wp-content\\\/uploads\\\/2026\\\/03\\\/Fotos-InfoCiudad-46.webp\",\"width\":1500,\"height\":700},{\"@type\":\"BreadcrumbList\",\"@id\":\"https:\\\/\\\/www.fasta.org\\\/pt-br\\\/noticias\\\/se-realizara-una-nueva-junta-de-presidentes-jurisdiccionales\\\/#breadcrumb\",\"itemListElement\":[{\"@type\":\"ListItem\",\"position\":1,\"name\":\"Portada\",\"item\":\"https:\\\/\\\/www.fasta.org\\\/pt-br\\\/\"},{\"@type\":\"ListItem\",\"position\":2,\"name\":\"Noticias\",\"item\":\"https:\\\/\\\/www.fasta.org\\\/pt-br\\\/noticias\\\/\"},{\"@type\":\"ListItem\",\"position\":3,\"name\":\"Se realizar\u00e1 una nueva Junta de Presidentes Jurisdiccionales\"}]},{\"@type\":\"WebSite\",\"@id\":\"https:\\\/\\\/www.fasta.org\\\/pt-br\\\/#website\",\"url\":\"https:\\\/\\\/www.fasta.org\\\/pt-br\\\/\",\"name\":\"Fasta\",\"description\":\"Fraternidad de Agrupaciones Santo Tom\u00e1s de Aquino\",\"publisher\":{\"@id\":\"https:\\\/\\\/www.fasta.org\\\/pt-br\\\/#organization\"},\"potentialAction\":[{\"@type\":\"SearchAction\",\"target\":{\"@type\":\"EntryPoint\",\"urlTemplate\":\"https:\\\/\\\/www.fasta.org\\\/pt-br\\\/?s={search_term_string}\"},\"query-input\":{\"@type\":\"PropertyValueSpecification\",\"valueRequired\":true,\"valueName\":\"search_term_string\"}}],\"inLanguage\":\"pt-BR\"},{\"@type\":\"Organization\",\"@id\":\"https:\\\/\\\/www.fasta.org\\\/pt-br\\\/#organization\",\"name\":\"Fasta\",\"url\":\"https:\\\/\\\/www.fasta.org\\\/pt-br\\\/\",\"logo\":{\"@type\":\"ImageObject\",\"inLanguage\":\"pt-BR\",\"@id\":\"https:\\\/\\\/www.fasta.org\\\/pt-br\\\/#\\\/schema\\\/logo\\\/image\\\/\",\"url\":\"https:\\\/\\\/www.fasta.org\\\/wp-content\\\/uploads\\\/2021\\\/08\\\/Marca-Fasta.png\",\"contentUrl\":\"https:\\\/\\\/www.fasta.org\\\/wp-content\\\/uploads\\\/2021\\\/08\\\/Marca-Fasta.png\",\"width\":1595,\"height\":644,\"caption\":\"Fasta\"},\"image\":{\"@id\":\"https:\\\/\\\/www.fasta.org\\\/pt-br\\\/#\\\/schema\\\/logo\\\/image\\\/\"},\"sameAs\":[\"https:\\\/\\\/www.facebook.com\\\/MovimientoFasta\"]}]}<\/script>\n<!-- \/ Yoast SEO plugin. -->","yoast_head_json":{"title":"Se realizar\u00e1 una nueva Junta de Presidentes Jurisdiccionales - Fasta","robots":{"index":"index","follow":"follow","max-snippet":"max-snippet:-1","max-image-preview":"max-image-preview:large","max-video-preview":"max-video-preview:-1"},"canonical":"https:\/\/www.fasta.org\/pt-br\/noticias\/se-realizara-una-nueva-junta-de-presidentes-jurisdiccionales\/","og_locale":"pt_BR","og_type":"article","og_title":"Se realizar\u00e1 una nueva Junta de Presidentes Jurisdiccionales - Fasta","og_description":"La Direcci\u00f3n Nacional del Movimiento de Argentina realizar\u00e1 el 10, 11 y 12 de abril la Junta de Presidentes Jurisdiccionales en la Casa de Mar\u00eda, ubicada en Luj\u00e1n, Provincia de Buenos Aires. El Director Nacional del Movimiento explic\u00f3 que \u201cesta Junta busca dar continuidad al camino iniciado en la \u00faltima Junta Ampliada que se hizo [&hellip;]","og_url":"https:\/\/www.fasta.org\/pt-br\/noticias\/se-realizara-una-nueva-junta-de-presidentes-jurisdiccionales\/","og_site_name":"Fasta","article_publisher":"https:\/\/www.facebook.com\/MovimientoFasta","article_modified_time":"2026-03-27T11:22:47+00:00","og_image":[{"width":1500,"height":700,"url":"https:\/\/www.fasta.org\/wp-content\/uploads\/2026\/03\/Fotos-InfoCiudad-46.webp","type":"image\/webp"}],"twitter_card":"summary_large_image","twitter_misc":{"Est. tempo de leitura":"2 minutos"},"schema":{"@context":"https:\/\/schema.org","@graph":[{"@type":"WebPage","@id":"https:\/\/www.fasta.org\/pt-br\/noticias\/se-realizara-una-nueva-junta-de-presidentes-jurisdiccionales\/","url":"https:\/\/www.fasta.org\/pt-br\/noticias\/se-realizara-una-nueva-junta-de-presidentes-jurisdiccionales\/","name":"Se realizar\u00e1 una nueva Junta de Presidentes Jurisdiccionales - Fasta","isPartOf":{"@id":"https:\/\/www.fasta.org\/pt-br\/#website"},"primaryImageOfPage":{"@id":"https:\/\/www.fasta.org\/pt-br\/noticias\/se-realizara-una-nueva-junta-de-presidentes-jurisdiccionales\/#primaryimage"},"image":{"@id":"https:\/\/www.fasta.org\/pt-br\/noticias\/se-realizara-una-nueva-junta-de-presidentes-jurisdiccionales\/#primaryimage"},"thumbnailUrl":"https:\/\/www.fasta.org\/wp-content\/uploads\/2026\/03\/Fotos-InfoCiudad-46.webp","datePublished":"2026-03-27T11:16:16+00:00","dateModified":"2026-03-27T11:22:47+00:00","breadcrumb":{"@id":"https:\/\/www.fasta.org\/pt-br\/noticias\/se-realizara-una-nueva-junta-de-presidentes-jurisdiccionales\/#breadcrumb"},"inLanguage":"pt-BR","potentialAction":[{"@type":"ReadAction","target":["https:\/\/www.fasta.org\/pt-br\/noticias\/se-realizara-una-nueva-junta-de-presidentes-jurisdiccionales\/"]}]},{"@type":"ImageObject","inLanguage":"pt-BR","@id":"https:\/\/www.fasta.org\/pt-br\/noticias\/se-realizara-una-nueva-junta-de-presidentes-jurisdiccionales\/#primaryimage","url":"https:\/\/www.fasta.org\/wp-content\/uploads\/2026\/03\/Fotos-InfoCiudad-46.webp","contentUrl":"https:\/\/www.fasta.org\/wp-content\/uploads\/2026\/03\/Fotos-InfoCiudad-46.webp","width":1500,"height":700},{"@type":"BreadcrumbList","@id":"https:\/\/www.fasta.org\/pt-br\/noticias\/se-realizara-una-nueva-junta-de-presidentes-jurisdiccionales\/#breadcrumb","itemListElement":[{"@type":"ListItem","position":1,"name":"Portada","item":"https:\/\/www.fasta.org\/pt-br\/"},{"@type":"ListItem","position":2,"name":"Noticias","item":"https:\/\/www.fasta.org\/pt-br\/noticias\/"},{"@type":"ListItem","position":3,"name":"Se realizar\u00e1 una nueva Junta de Presidentes Jurisdiccionales"}]},{"@type":"WebSite","@id":"https:\/\/www.fasta.org\/pt-br\/#website","url":"https:\/\/www.fasta.org\/pt-br\/","name":"Fasta","description":"Fraternidad de Agrupaciones Santo Tom\u00e1s de Aquino","publisher":{"@id":"https:\/\/www.fasta.org\/pt-br\/#organization"},"potentialAction":[{"@type":"SearchAction","target":{"@type":"EntryPoint","urlTemplate":"https:\/\/www.fasta.org\/pt-br\/?s={search_term_string}"},"query-input":{"@type":"PropertyValueSpecification","valueRequired":true,"valueName":"search_term_string"}}],"inLanguage":"pt-BR"},{"@type":"Organization","@id":"https:\/\/www.fasta.org\/pt-br\/#organization","name":"Fasta","url":"https:\/\/www.fasta.org\/pt-br\/","logo":{"@type":"ImageObject","inLanguage":"pt-BR","@id":"https:\/\/www.fasta.org\/pt-br\/#\/schema\/logo\/image\/","url":"https:\/\/www.fasta.org\/wp-content\/uploads\/2021\/08\/Marca-Fasta.png","contentUrl":"https:\/\/www.fasta.org\/wp-content\/uploads\/2021\/08\/Marca-Fasta.png","width":1595,"height":644,"caption":"Fasta"},"image":{"@id":"https:\/\/www.fasta.org\/pt-br\/#\/schema\/logo\/image\/"},"sameAs":["https:\/\/www.facebook.com\/MovimientoFasta"]}]}},"_links":{"self":[{"href":"https:\/\/www.fasta.org\/pt-br\/wp-json\/wp\/v2\/noticias\/2247373","targetHints":{"allow":["GET"]}}],"collection":[{"href":"https:\/\/www.fasta.org\/pt-br\/wp-json\/wp\/v2\/noticias"}],"about":[{"href":"https:\/\/www.fasta.org\/pt-br\/wp-json\/wp\/v2\/types\/noticias"}],"version-history":[{"count":1,"href":"https:\/\/www.fasta.org\/pt-br\/wp-json\/wp\/v2\/noticias\/2247373\/revisions"}],"predecessor-version":[{"id":2247387,"href":"https:\/\/www.fasta.org\/pt-br\/wp-json\/wp\/v2\/noticias\/2247373\/revisions\/2247387"}],"wp:featuredmedia":[{"embeddable":true,"href":"https:\/\/www.fasta.org\/pt-br\/wp-json\/wp\/v2\/media\/2247380"}],"wp:attachment":[{"href":"https:\/\/www.fasta.org\/pt-br\/wp-json\/wp\/v2\/media?parent=2247373"}],"wp:term":[{"taxonomy":"fuente_noticia","embeddable":true,"href":"https:\/\/www.fasta.org\/pt-br\/wp-json\/wp\/v2\/fuente_noticia?post=2247373"},{"taxonomy":"categorias_noticia","embeddable":true,"href":"https:\/\/www.fasta.org\/pt-br\/wp-json\/wp\/v2\/categorias_noticia?post=2247373"},{"taxonomy":"origen_noticia","embeddable":true,"href":"https:\/\/www.fasta.org\/pt-br\/wp-json\/wp\/v2\/origen_noticia?post=2247373"}],"curies":[{"name":"wp","href":"https:\/\/api.w.org\/{rel}","templated":true}]}}