{"id":2235649,"date":"2026-03-20T10:00:33","date_gmt":"2026-03-20T13:00:33","guid":{"rendered":"https:\/\/www.fasta.org\/?post_type=noticias&#038;p=2235649"},"modified":"2026-03-20T10:00:36","modified_gmt":"2026-03-20T13:00:36","slug":"fasta-lima-celebra-los-30-anos-de-su-fundacion","status":"publish","type":"noticias","link":"https:\/\/www.fasta.org\/pt-br\/noticias\/fasta-lima-celebra-los-30-anos-de-su-fundacion\/","title":{"rendered":"Fasta Lima celebra los 30 a\u00f1os de su fundaci\u00f3n"},"content":{"rendered":"\n<p>La comunidad de Fasta Per\u00fa celebra durante este a\u00f1o el 30\u00b0 aniversario de su fundaci\u00f3n, dando gracias a Dios por haber suscitado en su patria este espacio de salvaci\u00f3n.<\/p>\n\n\n\n<p>El Presidente Jurisdiccional, Javier Bastos, destac\u00f3 c\u00f3mo Fasta ha marcado la vida de sus miembros: <em>\u201cFasta es el lugar donde Dios nos llam\u00f3 a evangelizar, a trav\u00e9s del cual cientos de j\u00f3venes y familias han conocido al Amor de sus vidas: Dios; han experimentado el amor de su Madre Celestial, la Virgen Mar\u00eda; y han descubierto a los santos dominicos, especialmente a nuestra Patrona, Santa Rosa de Lima\u201d<\/em>.<\/p>\n\n\n\n<p>Y agreg\u00f3: <em>\u201cEn nuestra comunidad, Fasta nos ha ense\u00f1ado a amar la belleza de la fe y la grandeza de la Patria; hemos aprendido a amar lo heroico y lo dif\u00edcil, y a buscar la santidad en los actos cotidianos, como el estudio y el trabajo\u201d<\/em>.<\/p>\n\n\n\n<p><strong>Santo Toribio, misionero incansable y promotor cultural<\/strong><\/p>\n\n\n\n<p>En este a\u00f1o de celebraci\u00f3n, la comunidad de Fasta Per\u00fa pone su mirada en el ejemplo de Santo Toribio, figura clave en la evangelizaci\u00f3n de Am\u00e9rica.<\/p>\n\n\n\n<p><em>\u201cSanto Toribio es un referente para nuestra Patria y para nosotros, por su compromiso misionero y su incansable labor en la promoci\u00f3n de la cultura\u201d<\/em>, explic\u00f3 Javier Bastos.<\/p>\n\n\n\n<p>Segundo Arzobispo de Lima, fue un misionero incansable, proclamado \u201cSanto Padre de Am\u00e9rica\u201d por la magnitud de su obra evangelizadora en el continente. Recorri\u00f3 cerca de 40.000 kil\u00f3metros para anunciar el Evangelio, promovi\u00f3 la ense\u00f1anza en lenguas nativas y public\u00f3 el primer libro impreso en Sudam\u00e9rica: un catecismo triling\u00fce. En 1983, Juan Pablo II lo proclam\u00f3 Patrono del Episcopado Latinoamericano.<\/p>\n\n\n\n<p><strong>Actividades y propuestas de celebraci\u00f3n<\/strong><\/p>\n\n\n\n<p>Durante el a\u00f1o, la comunidad llevar\u00e1 adelante diversos momentos y actividades en el marco del trig\u00e9simo aniversario: ciclo de conferencias y talleres, visitas de sacerdotes y catherinas, campamento, retiro espiritual y peregrinaci\u00f3n juvenil, entre otras propuestas.<\/p>\n\n\n\n<p>El 25 de abril, con la visita del Padre Presidente de Fasta, Pbro. C\u00e9sar Garc\u00e9s Rojas, junto a otros miembros del Directorio, se realizar\u00e1 la Cena Central, que reunir\u00e1 a la comunidad de Lima y Chiclayo.<\/p>\n\n\n\n<p>Del 5 al 24 de septiembre, se llevar\u00e1 a cabo una peregrinaci\u00f3n a Europa, en la que se visitar\u00e1n algunos de los santuarios m\u00e1s importantes y significativos, recorriendo ciudades como Madrid, Toledo, F\u00e1tima, Valencia, Zaragoza, Lourdes, Roma, Siena, As\u00eds, Loreto, San Giovanni Rotondo y Medjugorje.<\/p>\n\n\n\n<p><strong>En estos 30 a\u00f1os, la comunidad de Fasta Per\u00fa se propone fortalecer su misi\u00f3n evangelizadora, promoviendo la doctrina, la cultura y el protagonismo apost\u00f3lico de los laicos. Para ello, buscan formar laicos preparados para ense\u00f1ar, con una vida espiritual, intelectual y afectiva fundada en Dios y en la gracia santificante<\/strong><\/p>\n","protected":false},"excerpt":{"rendered":"<p>La comunidad de Fasta Per\u00fa celebra durante este a\u00f1o el 30\u00b0 aniversario de su fundaci\u00f3n, dando gracias a Dios por haber suscitado en su patria este espacio de salvaci\u00f3n. El Presidente Jurisdiccional, Javier Bastos, destac\u00f3 c\u00f3mo Fasta ha marcado la vida de sus miembros: \u201cFasta es el lugar donde Dios nos llam\u00f3 a evangelizar, a [&hellip;]<\/p>\n","protected":false},"featured_media":2235656,"template":"","fuente_noticia":[],"categorias_noticia":[],"origen_noticia":[69],"class_list":["post-2235649","noticias","type-noticias","status-publish","has-post-thumbnail","hentry","origen_noticia-propia"],"acf":[],"yoast_head":"<!-- This site is optimized with the Yoast SEO plugin v27.4 - https:\/\/yoast.com\/product\/yoast-seo-wordpress\/ -->\n<title>Fasta Lima celebra los 30 a\u00f1os de su fundaci\u00f3n - Fasta<\/title>\n<meta name=\"robots\" content=\"index, follow, max-snippet:-1, max-image-preview:large, max-video-preview:-1\" \/>\n<link rel=\"canonical\" href=\"https:\/\/www.fasta.org\/pt-br\/noticias\/fasta-lima-celebra-los-30-anos-de-su-fundacion\/\" \/>\n<meta property=\"og:locale\" content=\"pt_BR\" \/>\n<meta property=\"og:type\" content=\"article\" \/>\n<meta property=\"og:title\" content=\"Fasta Lima celebra los 30 a\u00f1os de su fundaci\u00f3n - Fasta\" \/>\n<meta property=\"og:description\" content=\"La comunidad de Fasta Per\u00fa celebra durante este a\u00f1o el 30\u00b0 aniversario de su fundaci\u00f3n, dando gracias a Dios por haber suscitado en su patria este espacio de salvaci\u00f3n. El Presidente Jurisdiccional, Javier Bastos, destac\u00f3 c\u00f3mo Fasta ha marcado la vida de sus miembros: \u201cFasta es el lugar donde Dios nos llam\u00f3 a evangelizar, a [&hellip;]\" \/>\n<meta property=\"og:url\" content=\"https:\/\/www.fasta.org\/pt-br\/noticias\/fasta-lima-celebra-los-30-anos-de-su-fundacion\/\" \/>\n<meta property=\"og:site_name\" content=\"Fasta\" \/>\n<meta property=\"article:publisher\" content=\"https:\/\/www.facebook.com\/MovimientoFasta\" \/>\n<meta property=\"article:modified_time\" content=\"2026-03-20T13:00:36+00:00\" \/>\n<meta property=\"og:image\" content=\"https:\/\/www.fasta.org\/wp-content\/uploads\/2026\/03\/30anos-peru.webp\" \/>\n\t<meta property=\"og:image:width\" content=\"1500\" \/>\n\t<meta property=\"og:image:height\" content=\"700\" \/>\n\t<meta property=\"og:image:type\" content=\"image\/webp\" \/>\n<meta name=\"twitter:card\" content=\"summary_large_image\" \/>\n<meta name=\"twitter:label1\" content=\"Est. tempo de leitura\" \/>\n\t<meta name=\"twitter:data1\" content=\"3 minutos\" \/>\n<script type=\"application\/ld+json\" class=\"yoast-schema-graph\">{\"@context\":\"https:\\\/\\\/schema.org\",\"@graph\":[{\"@type\":\"WebPage\",\"@id\":\"https:\\\/\\\/www.fasta.org\\\/pt-br\\\/noticias\\\/fasta-lima-celebra-los-30-anos-de-su-fundacion\\\/\",\"url\":\"https:\\\/\\\/www.fasta.org\\\/pt-br\\\/noticias\\\/fasta-lima-celebra-los-30-anos-de-su-fundacion\\\/\",\"name\":\"Fasta Lima celebra los 30 a\u00f1os de su fundaci\u00f3n - Fasta\",\"isPartOf\":{\"@id\":\"https:\\\/\\\/www.fasta.org\\\/pt-br\\\/#website\"},\"primaryImageOfPage\":{\"@id\":\"https:\\\/\\\/www.fasta.org\\\/pt-br\\\/noticias\\\/fasta-lima-celebra-los-30-anos-de-su-fundacion\\\/#primaryimage\"},\"image\":{\"@id\":\"https:\\\/\\\/www.fasta.org\\\/pt-br\\\/noticias\\\/fasta-lima-celebra-los-30-anos-de-su-fundacion\\\/#primaryimage\"},\"thumbnailUrl\":\"https:\\\/\\\/www.fasta.org\\\/wp-content\\\/uploads\\\/2026\\\/03\\\/30anos-peru.webp\",\"datePublished\":\"2026-03-20T13:00:33+00:00\",\"dateModified\":\"2026-03-20T13:00:36+00:00\",\"breadcrumb\":{\"@id\":\"https:\\\/\\\/www.fasta.org\\\/pt-br\\\/noticias\\\/fasta-lima-celebra-los-30-anos-de-su-fundacion\\\/#breadcrumb\"},\"inLanguage\":\"pt-BR\",\"potentialAction\":[{\"@type\":\"ReadAction\",\"target\":[\"https:\\\/\\\/www.fasta.org\\\/pt-br\\\/noticias\\\/fasta-lima-celebra-los-30-anos-de-su-fundacion\\\/\"]}]},{\"@type\":\"ImageObject\",\"inLanguage\":\"pt-BR\",\"@id\":\"https:\\\/\\\/www.fasta.org\\\/pt-br\\\/noticias\\\/fasta-lima-celebra-los-30-anos-de-su-fundacion\\\/#primaryimage\",\"url\":\"https:\\\/\\\/www.fasta.org\\\/wp-content\\\/uploads\\\/2026\\\/03\\\/30anos-peru.webp\",\"contentUrl\":\"https:\\\/\\\/www.fasta.org\\\/wp-content\\\/uploads\\\/2026\\\/03\\\/30anos-peru.webp\",\"width\":1500,\"height\":700},{\"@type\":\"BreadcrumbList\",\"@id\":\"https:\\\/\\\/www.fasta.org\\\/pt-br\\\/noticias\\\/fasta-lima-celebra-los-30-anos-de-su-fundacion\\\/#breadcrumb\",\"itemListElement\":[{\"@type\":\"ListItem\",\"position\":1,\"name\":\"Portada\",\"item\":\"https:\\\/\\\/www.fasta.org\\\/pt-br\\\/\"},{\"@type\":\"ListItem\",\"position\":2,\"name\":\"Noticias\",\"item\":\"https:\\\/\\\/www.fasta.org\\\/pt-br\\\/noticias\\\/\"},{\"@type\":\"ListItem\",\"position\":3,\"name\":\"Fasta Lima celebra los 30 a\u00f1os de su fundaci\u00f3n\"}]},{\"@type\":\"WebSite\",\"@id\":\"https:\\\/\\\/www.fasta.org\\\/pt-br\\\/#website\",\"url\":\"https:\\\/\\\/www.fasta.org\\\/pt-br\\\/\",\"name\":\"Fasta\",\"description\":\"Fraternidad de Agrupaciones Santo Tom\u00e1s de Aquino\",\"publisher\":{\"@id\":\"https:\\\/\\\/www.fasta.org\\\/pt-br\\\/#organization\"},\"potentialAction\":[{\"@type\":\"SearchAction\",\"target\":{\"@type\":\"EntryPoint\",\"urlTemplate\":\"https:\\\/\\\/www.fasta.org\\\/pt-br\\\/?s={search_term_string}\"},\"query-input\":{\"@type\":\"PropertyValueSpecification\",\"valueRequired\":true,\"valueName\":\"search_term_string\"}}],\"inLanguage\":\"pt-BR\"},{\"@type\":\"Organization\",\"@id\":\"https:\\\/\\\/www.fasta.org\\\/pt-br\\\/#organization\",\"name\":\"Fasta\",\"url\":\"https:\\\/\\\/www.fasta.org\\\/pt-br\\\/\",\"logo\":{\"@type\":\"ImageObject\",\"inLanguage\":\"pt-BR\",\"@id\":\"https:\\\/\\\/www.fasta.org\\\/pt-br\\\/#\\\/schema\\\/logo\\\/image\\\/\",\"url\":\"https:\\\/\\\/www.fasta.org\\\/wp-content\\\/uploads\\\/2021\\\/08\\\/Marca-Fasta.png\",\"contentUrl\":\"https:\\\/\\\/www.fasta.org\\\/wp-content\\\/uploads\\\/2021\\\/08\\\/Marca-Fasta.png\",\"width\":1595,\"height\":644,\"caption\":\"Fasta\"},\"image\":{\"@id\":\"https:\\\/\\\/www.fasta.org\\\/pt-br\\\/#\\\/schema\\\/logo\\\/image\\\/\"},\"sameAs\":[\"https:\\\/\\\/www.facebook.com\\\/MovimientoFasta\"]}]}<\/script>\n<!-- \/ Yoast SEO plugin. -->","yoast_head_json":{"title":"Fasta Lima celebra los 30 a\u00f1os de su fundaci\u00f3n - Fasta","robots":{"index":"index","follow":"follow","max-snippet":"max-snippet:-1","max-image-preview":"max-image-preview:large","max-video-preview":"max-video-preview:-1"},"canonical":"https:\/\/www.fasta.org\/pt-br\/noticias\/fasta-lima-celebra-los-30-anos-de-su-fundacion\/","og_locale":"pt_BR","og_type":"article","og_title":"Fasta Lima celebra los 30 a\u00f1os de su fundaci\u00f3n - Fasta","og_description":"La comunidad de Fasta Per\u00fa celebra durante este a\u00f1o el 30\u00b0 aniversario de su fundaci\u00f3n, dando gracias a Dios por haber suscitado en su patria este espacio de salvaci\u00f3n. El Presidente Jurisdiccional, Javier Bastos, destac\u00f3 c\u00f3mo Fasta ha marcado la vida de sus miembros: \u201cFasta es el lugar donde Dios nos llam\u00f3 a evangelizar, a [&hellip;]","og_url":"https:\/\/www.fasta.org\/pt-br\/noticias\/fasta-lima-celebra-los-30-anos-de-su-fundacion\/","og_site_name":"Fasta","article_publisher":"https:\/\/www.facebook.com\/MovimientoFasta","article_modified_time":"2026-03-20T13:00:36+00:00","og_image":[{"width":1500,"height":700,"url":"https:\/\/www.fasta.org\/wp-content\/uploads\/2026\/03\/30anos-peru.webp","type":"image\/webp"}],"twitter_card":"summary_large_image","twitter_misc":{"Est. tempo de leitura":"3 minutos"},"schema":{"@context":"https:\/\/schema.org","@graph":[{"@type":"WebPage","@id":"https:\/\/www.fasta.org\/pt-br\/noticias\/fasta-lima-celebra-los-30-anos-de-su-fundacion\/","url":"https:\/\/www.fasta.org\/pt-br\/noticias\/fasta-lima-celebra-los-30-anos-de-su-fundacion\/","name":"Fasta Lima celebra los 30 a\u00f1os de su fundaci\u00f3n - Fasta","isPartOf":{"@id":"https:\/\/www.fasta.org\/pt-br\/#website"},"primaryImageOfPage":{"@id":"https:\/\/www.fasta.org\/pt-br\/noticias\/fasta-lima-celebra-los-30-anos-de-su-fundacion\/#primaryimage"},"image":{"@id":"https:\/\/www.fasta.org\/pt-br\/noticias\/fasta-lima-celebra-los-30-anos-de-su-fundacion\/#primaryimage"},"thumbnailUrl":"https:\/\/www.fasta.org\/wp-content\/uploads\/2026\/03\/30anos-peru.webp","datePublished":"2026-03-20T13:00:33+00:00","dateModified":"2026-03-20T13:00:36+00:00","breadcrumb":{"@id":"https:\/\/www.fasta.org\/pt-br\/noticias\/fasta-lima-celebra-los-30-anos-de-su-fundacion\/#breadcrumb"},"inLanguage":"pt-BR","potentialAction":[{"@type":"ReadAction","target":["https:\/\/www.fasta.org\/pt-br\/noticias\/fasta-lima-celebra-los-30-anos-de-su-fundacion\/"]}]},{"@type":"ImageObject","inLanguage":"pt-BR","@id":"https:\/\/www.fasta.org\/pt-br\/noticias\/fasta-lima-celebra-los-30-anos-de-su-fundacion\/#primaryimage","url":"https:\/\/www.fasta.org\/wp-content\/uploads\/2026\/03\/30anos-peru.webp","contentUrl":"https:\/\/www.fasta.org\/wp-content\/uploads\/2026\/03\/30anos-peru.webp","width":1500,"height":700},{"@type":"BreadcrumbList","@id":"https:\/\/www.fasta.org\/pt-br\/noticias\/fasta-lima-celebra-los-30-anos-de-su-fundacion\/#breadcrumb","itemListElement":[{"@type":"ListItem","position":1,"name":"Portada","item":"https:\/\/www.fasta.org\/pt-br\/"},{"@type":"ListItem","position":2,"name":"Noticias","item":"https:\/\/www.fasta.org\/pt-br\/noticias\/"},{"@type":"ListItem","position":3,"name":"Fasta Lima celebra los 30 a\u00f1os de su fundaci\u00f3n"}]},{"@type":"WebSite","@id":"https:\/\/www.fasta.org\/pt-br\/#website","url":"https:\/\/www.fasta.org\/pt-br\/","name":"Fasta","description":"Fraternidad de Agrupaciones Santo Tom\u00e1s de Aquino","publisher":{"@id":"https:\/\/www.fasta.org\/pt-br\/#organization"},"potentialAction":[{"@type":"SearchAction","target":{"@type":"EntryPoint","urlTemplate":"https:\/\/www.fasta.org\/pt-br\/?s={search_term_string}"},"query-input":{"@type":"PropertyValueSpecification","valueRequired":true,"valueName":"search_term_string"}}],"inLanguage":"pt-BR"},{"@type":"Organization","@id":"https:\/\/www.fasta.org\/pt-br\/#organization","name":"Fasta","url":"https:\/\/www.fasta.org\/pt-br\/","logo":{"@type":"ImageObject","inLanguage":"pt-BR","@id":"https:\/\/www.fasta.org\/pt-br\/#\/schema\/logo\/image\/","url":"https:\/\/www.fasta.org\/wp-content\/uploads\/2021\/08\/Marca-Fasta.png","contentUrl":"https:\/\/www.fasta.org\/wp-content\/uploads\/2021\/08\/Marca-Fasta.png","width":1595,"height":644,"caption":"Fasta"},"image":{"@id":"https:\/\/www.fasta.org\/pt-br\/#\/schema\/logo\/image\/"},"sameAs":["https:\/\/www.facebook.com\/MovimientoFasta"]}]}},"_links":{"self":[{"href":"https:\/\/www.fasta.org\/pt-br\/wp-json\/wp\/v2\/noticias\/2235649","targetHints":{"allow":["GET"]}}],"collection":[{"href":"https:\/\/www.fasta.org\/pt-br\/wp-json\/wp\/v2\/noticias"}],"about":[{"href":"https:\/\/www.fasta.org\/pt-br\/wp-json\/wp\/v2\/types\/noticias"}],"version-history":[{"count":1,"href":"https:\/\/www.fasta.org\/pt-br\/wp-json\/wp\/v2\/noticias\/2235649\/revisions"}],"predecessor-version":[{"id":2235663,"href":"https:\/\/www.fasta.org\/pt-br\/wp-json\/wp\/v2\/noticias\/2235649\/revisions\/2235663"}],"wp:featuredmedia":[{"embeddable":true,"href":"https:\/\/www.fasta.org\/pt-br\/wp-json\/wp\/v2\/media\/2235656"}],"wp:attachment":[{"href":"https:\/\/www.fasta.org\/pt-br\/wp-json\/wp\/v2\/media?parent=2235649"}],"wp:term":[{"taxonomy":"fuente_noticia","embeddable":true,"href":"https:\/\/www.fasta.org\/pt-br\/wp-json\/wp\/v2\/fuente_noticia?post=2235649"},{"taxonomy":"categorias_noticia","embeddable":true,"href":"https:\/\/www.fasta.org\/pt-br\/wp-json\/wp\/v2\/categorias_noticia?post=2235649"},{"taxonomy":"origen_noticia","embeddable":true,"href":"https:\/\/www.fasta.org\/pt-br\/wp-json\/wp\/v2\/origen_noticia?post=2235649"}],"curies":[{"name":"wp","href":"https:\/\/api.w.org\/{rel}","templated":true}]}}