{"id":2228265,"date":"2026-03-13T10:32:16","date_gmt":"2026-03-13T13:32:16","guid":{"rendered":"https:\/\/www.fasta.org\/?post_type=noticias&#038;p=2228265"},"modified":"2026-03-13T11:36:52","modified_gmt":"2026-03-13T14:36:52","slug":"misioneras-de-paz-se-prepara-el-foro-de-la-mujer-2026","status":"publish","type":"noticias","link":"https:\/\/www.fasta.org\/pt-br\/noticias\/misioneras-de-paz-se-prepara-el-foro-de-la-mujer-2026\/","title":{"rendered":"Misioneras de Paz: se prepara el Foro de la Mujer 2026"},"content":{"rendered":"\n<p>El Foro se desarrollar\u00e1 en el Hotel Huaico, con espacios de charla y trabajo que tambi\u00e9n tendr\u00e1n lugar en la Universidad Cat\u00f3lica de Salta y en el Sal\u00f3n Mediterr\u00e1neo.<\/p>\n\n\n\n<p>Quienes quieran conocer m\u00e1s sobre el encuentro, recibir novedades y acompa\u00f1ar el camino hacia el Foro pueden sumarse al grupo de WhatsApp (<a href=\"https:\/\/chat.whatsapp.com\/BfHrzcSKGM64WVwWCneWyj%E2%81%A0%EF%BF%BD\" type=\"link\" id=\"https:\/\/chat.whatsapp.com\/BfHrzcSKGM64WVwWCneWyj%E2%81%A0%EF%BF%BD\" target=\"_blank\" rel=\"noreferrer noopener\">clic aqu\u00ed)<\/a>, donde se ir\u00e1 compartiendo toda la informaci\u00f3n del evento.<\/p>\n\n\n\n<p>All\u00ed se comunicar\u00e1n los detalles del programa, las actividades y las distintas propuestas que formar\u00e1n parte de este encuentro que busca convocar a las mujeres a vivir su vocaci\u00f3n como verdaderas Misioneras de Paz.<\/p>\n\n\n\n<p><strong>Un tiempo para detenerse<\/strong><\/p>\n\n\n\n<p>Vivimos tiempos acelerados. Entre responsabilidades, decisiones y tantas tareas que llenan la vida cotidiana, muchas veces resulta dif\u00edcil encontrar un momento para detenerse y mirar con serenidad el propio camino.<\/p>\n\n\n\n<p>La Jefa de la actividad, Carolina Hourcade, que es miembro de la comunidad de Fasta Tucum\u00e1n, expres\u00f3 <em><em>&#8220;el Foro de la Mujer quiere ofrecer precisamente eso: un tiempo para detenerse, pensar y volver a escuchar. Un espacio sencillo y profundo a la vez, donde compartir la vida, las preguntas y la fe (&#8230;) Ser\u00e1 una oportunidad para volver a mirar lo cotidiano con una nueva luz, descubrir caminos de esperanza y redescubrir c\u00f3mo cada mujer, desde su propio lugar, puede ser constructora de paz en su familia, en su comunidad y en la sociedad&#8221;<\/em><\/em>.<\/p>\n\n\n\n<p><strong>\u201cMisioneras de Paz\u201d<\/strong><\/p>\n\n\n\n<p>La idea central de este Foro nace de una certeza profundamente cristiana: la paz no es simplemente una idea o un concepto, sino una Persona.<\/p>\n\n\n\n<p>Como ense\u00f1aba el Padre An\u00edbal Fosbery, la mujer de Fasta est\u00e1 llamada a ser, ante todo, \u201cmisionera de la cultura\u201d, capaz de humanizar los ambientes donde la vida parece haberse vuelto \u00e1rida.<\/p>\n\n\n\n<p>El Foro propone recorrer ese camino desde la fe, buscando lo que el Padre Fosbery llamaba la restauraci\u00f3n del orden interior: que la inteligencia, iluminada por la fe, pueda orientar los afectos y sanar las heridas. Desde all\u00ed, el desaf\u00edo es redescubrir el legado de fe recibido y renovar el impulso misionero para llevar la paz y la esperanza del Evangelio a la vida cotidiana.<\/p>\n\n\n\n<p><strong>Un espacio de encuentro entre generaciones<\/strong><\/p>\n\n\n\n<p>Entre los principales objetivos del Foro se encuentra el de propiciar un espacio de encuentro para las mujeres de la Ciudad Miliciana, fortaleciendo la fraternidad y la amistad entre comunidades y generaciones.<\/p>\n\n\n\n<p>El encuentro buscar\u00e1 generar v\u00ednculos intergeneracionales donde el fervor de las m\u00e1s j\u00f3venes pueda encontrarse con la experiencia de las mayores, enriqueciendo la vida de toda la comunidad.<\/p>\n\n\n\n<p><strong>Una invitaci\u00f3n abierta<\/strong><\/p>\n\n\n\n<p>El Foro de la Mujer Fasta 2026 est\u00e1 pensado como un espacio abierto.<\/p>\n\n\n\n<p>Est\u00e1n especialmente invitadas las mujeres de Fasta, pero tambi\u00e9n todas aquellas que deseen vivir esta experiencia de encuentro, reflexi\u00f3n y crecimiento espiritual.<\/p>\n\n\n\n<p>Ser\u00e1 un tiempo para compartir, escuchar y redescubrir la misi\u00f3n que cada mujer est\u00e1 llamada a realizar en el mundo de hoy.<\/p>\n","protected":false},"excerpt":{"rendered":"<p>El Foro se desarrollar\u00e1 en el Hotel Huaico, con espacios de charla y trabajo que tambi\u00e9n tendr\u00e1n lugar en la Universidad Cat\u00f3lica de Salta y en el Sal\u00f3n Mediterr\u00e1neo. Quienes quieran conocer m\u00e1s sobre el encuentro, recibir novedades y acompa\u00f1ar el camino hacia el Foro pueden sumarse al grupo de WhatsApp (clic aqu\u00ed), donde se [&hellip;]<\/p>\n","protected":false},"featured_media":2228269,"template":"","fuente_noticia":[],"categorias_noticia":[103],"origen_noticia":[69],"class_list":["post-2228265","noticias","type-noticias","status-publish","has-post-thumbnail","hentry","categorias_noticia-movimiento","origen_noticia-propia"],"acf":[],"yoast_head":"<!-- This site is optimized with the Yoast SEO plugin v27.4 - https:\/\/yoast.com\/product\/yoast-seo-wordpress\/ -->\n<title>Misioneras de Paz: se prepara el Foro de la Mujer 2026 - Fasta<\/title>\n<meta name=\"robots\" content=\"index, follow, max-snippet:-1, max-image-preview:large, max-video-preview:-1\" \/>\n<link rel=\"canonical\" href=\"https:\/\/www.fasta.org\/pt-br\/noticias\/misioneras-de-paz-se-prepara-el-foro-de-la-mujer-2026\/\" \/>\n<meta property=\"og:locale\" content=\"pt_BR\" \/>\n<meta property=\"og:type\" content=\"article\" \/>\n<meta property=\"og:title\" content=\"Misioneras de Paz: se prepara el Foro de la Mujer 2026 - Fasta\" \/>\n<meta property=\"og:description\" content=\"El Foro se desarrollar\u00e1 en el Hotel Huaico, con espacios de charla y trabajo que tambi\u00e9n tendr\u00e1n lugar en la Universidad Cat\u00f3lica de Salta y en el Sal\u00f3n Mediterr\u00e1neo. Quienes quieran conocer m\u00e1s sobre el encuentro, recibir novedades y acompa\u00f1ar el camino hacia el Foro pueden sumarse al grupo de WhatsApp (clic aqu\u00ed), donde se [&hellip;]\" \/>\n<meta property=\"og:url\" content=\"https:\/\/www.fasta.org\/pt-br\/noticias\/misioneras-de-paz-se-prepara-el-foro-de-la-mujer-2026\/\" \/>\n<meta property=\"og:site_name\" content=\"Fasta\" \/>\n<meta property=\"article:publisher\" content=\"https:\/\/www.facebook.com\/MovimientoFasta\" \/>\n<meta property=\"article:modified_time\" content=\"2026-03-13T14:36:52+00:00\" \/>\n<meta property=\"og:image\" content=\"https:\/\/www.fasta.org\/wp-content\/uploads\/2026\/03\/InfoCiudad45_Foro-de-la-mujer-web-1-scaled.webp\" \/>\n\t<meta property=\"og:image:width\" content=\"2560\" \/>\n\t<meta property=\"og:image:height\" content=\"1195\" \/>\n\t<meta property=\"og:image:type\" content=\"image\/webp\" \/>\n<meta name=\"twitter:card\" content=\"summary_large_image\" \/>\n<meta name=\"twitter:label1\" content=\"Est. tempo de leitura\" \/>\n\t<meta name=\"twitter:data1\" content=\"3 minutos\" \/>\n<script type=\"application\/ld+json\" class=\"yoast-schema-graph\">{\"@context\":\"https:\\\/\\\/schema.org\",\"@graph\":[{\"@type\":\"WebPage\",\"@id\":\"https:\\\/\\\/www.fasta.org\\\/pt-br\\\/noticias\\\/misioneras-de-paz-se-prepara-el-foro-de-la-mujer-2026\\\/\",\"url\":\"https:\\\/\\\/www.fasta.org\\\/pt-br\\\/noticias\\\/misioneras-de-paz-se-prepara-el-foro-de-la-mujer-2026\\\/\",\"name\":\"Misioneras de Paz: se prepara el Foro de la Mujer 2026 - Fasta\",\"isPartOf\":{\"@id\":\"https:\\\/\\\/www.fasta.org\\\/pt-br\\\/#website\"},\"primaryImageOfPage\":{\"@id\":\"https:\\\/\\\/www.fasta.org\\\/pt-br\\\/noticias\\\/misioneras-de-paz-se-prepara-el-foro-de-la-mujer-2026\\\/#primaryimage\"},\"image\":{\"@id\":\"https:\\\/\\\/www.fasta.org\\\/pt-br\\\/noticias\\\/misioneras-de-paz-se-prepara-el-foro-de-la-mujer-2026\\\/#primaryimage\"},\"thumbnailUrl\":\"https:\\\/\\\/www.fasta.org\\\/wp-content\\\/uploads\\\/2026\\\/03\\\/InfoCiudad45_Foro-de-la-mujer-web-1-scaled.webp\",\"datePublished\":\"2026-03-13T13:32:16+00:00\",\"dateModified\":\"2026-03-13T14:36:52+00:00\",\"breadcrumb\":{\"@id\":\"https:\\\/\\\/www.fasta.org\\\/pt-br\\\/noticias\\\/misioneras-de-paz-se-prepara-el-foro-de-la-mujer-2026\\\/#breadcrumb\"},\"inLanguage\":\"pt-BR\",\"potentialAction\":[{\"@type\":\"ReadAction\",\"target\":[\"https:\\\/\\\/www.fasta.org\\\/pt-br\\\/noticias\\\/misioneras-de-paz-se-prepara-el-foro-de-la-mujer-2026\\\/\"]}]},{\"@type\":\"ImageObject\",\"inLanguage\":\"pt-BR\",\"@id\":\"https:\\\/\\\/www.fasta.org\\\/pt-br\\\/noticias\\\/misioneras-de-paz-se-prepara-el-foro-de-la-mujer-2026\\\/#primaryimage\",\"url\":\"https:\\\/\\\/www.fasta.org\\\/wp-content\\\/uploads\\\/2026\\\/03\\\/InfoCiudad45_Foro-de-la-mujer-web-1-scaled.webp\",\"contentUrl\":\"https:\\\/\\\/www.fasta.org\\\/wp-content\\\/uploads\\\/2026\\\/03\\\/InfoCiudad45_Foro-de-la-mujer-web-1-scaled.webp\",\"width\":2560,\"height\":1195},{\"@type\":\"BreadcrumbList\",\"@id\":\"https:\\\/\\\/www.fasta.org\\\/pt-br\\\/noticias\\\/misioneras-de-paz-se-prepara-el-foro-de-la-mujer-2026\\\/#breadcrumb\",\"itemListElement\":[{\"@type\":\"ListItem\",\"position\":1,\"name\":\"Portada\",\"item\":\"https:\\\/\\\/www.fasta.org\\\/pt-br\\\/\"},{\"@type\":\"ListItem\",\"position\":2,\"name\":\"Noticias\",\"item\":\"https:\\\/\\\/www.fasta.org\\\/pt-br\\\/noticias\\\/\"},{\"@type\":\"ListItem\",\"position\":3,\"name\":\"Misioneras de Paz: se prepara el Foro de la Mujer 2026\"}]},{\"@type\":\"WebSite\",\"@id\":\"https:\\\/\\\/www.fasta.org\\\/pt-br\\\/#website\",\"url\":\"https:\\\/\\\/www.fasta.org\\\/pt-br\\\/\",\"name\":\"Fasta\",\"description\":\"Fraternidad de Agrupaciones Santo Tom\u00e1s de Aquino\",\"publisher\":{\"@id\":\"https:\\\/\\\/www.fasta.org\\\/pt-br\\\/#organization\"},\"potentialAction\":[{\"@type\":\"SearchAction\",\"target\":{\"@type\":\"EntryPoint\",\"urlTemplate\":\"https:\\\/\\\/www.fasta.org\\\/pt-br\\\/?s={search_term_string}\"},\"query-input\":{\"@type\":\"PropertyValueSpecification\",\"valueRequired\":true,\"valueName\":\"search_term_string\"}}],\"inLanguage\":\"pt-BR\"},{\"@type\":\"Organization\",\"@id\":\"https:\\\/\\\/www.fasta.org\\\/pt-br\\\/#organization\",\"name\":\"Fasta\",\"url\":\"https:\\\/\\\/www.fasta.org\\\/pt-br\\\/\",\"logo\":{\"@type\":\"ImageObject\",\"inLanguage\":\"pt-BR\",\"@id\":\"https:\\\/\\\/www.fasta.org\\\/pt-br\\\/#\\\/schema\\\/logo\\\/image\\\/\",\"url\":\"https:\\\/\\\/www.fasta.org\\\/wp-content\\\/uploads\\\/2021\\\/08\\\/Marca-Fasta.png\",\"contentUrl\":\"https:\\\/\\\/www.fasta.org\\\/wp-content\\\/uploads\\\/2021\\\/08\\\/Marca-Fasta.png\",\"width\":1595,\"height\":644,\"caption\":\"Fasta\"},\"image\":{\"@id\":\"https:\\\/\\\/www.fasta.org\\\/pt-br\\\/#\\\/schema\\\/logo\\\/image\\\/\"},\"sameAs\":[\"https:\\\/\\\/www.facebook.com\\\/MovimientoFasta\"]}]}<\/script>\n<!-- \/ Yoast SEO plugin. -->","yoast_head_json":{"title":"Misioneras de Paz: se prepara el Foro de la Mujer 2026 - Fasta","robots":{"index":"index","follow":"follow","max-snippet":"max-snippet:-1","max-image-preview":"max-image-preview:large","max-video-preview":"max-video-preview:-1"},"canonical":"https:\/\/www.fasta.org\/pt-br\/noticias\/misioneras-de-paz-se-prepara-el-foro-de-la-mujer-2026\/","og_locale":"pt_BR","og_type":"article","og_title":"Misioneras de Paz: se prepara el Foro de la Mujer 2026 - Fasta","og_description":"El Foro se desarrollar\u00e1 en el Hotel Huaico, con espacios de charla y trabajo que tambi\u00e9n tendr\u00e1n lugar en la Universidad Cat\u00f3lica de Salta y en el Sal\u00f3n Mediterr\u00e1neo. Quienes quieran conocer m\u00e1s sobre el encuentro, recibir novedades y acompa\u00f1ar el camino hacia el Foro pueden sumarse al grupo de WhatsApp (clic aqu\u00ed), donde se [&hellip;]","og_url":"https:\/\/www.fasta.org\/pt-br\/noticias\/misioneras-de-paz-se-prepara-el-foro-de-la-mujer-2026\/","og_site_name":"Fasta","article_publisher":"https:\/\/www.facebook.com\/MovimientoFasta","article_modified_time":"2026-03-13T14:36:52+00:00","og_image":[{"width":2560,"height":1195,"url":"https:\/\/www.fasta.org\/wp-content\/uploads\/2026\/03\/InfoCiudad45_Foro-de-la-mujer-web-1-scaled.webp","type":"image\/webp"}],"twitter_card":"summary_large_image","twitter_misc":{"Est. tempo de leitura":"3 minutos"},"schema":{"@context":"https:\/\/schema.org","@graph":[{"@type":"WebPage","@id":"https:\/\/www.fasta.org\/pt-br\/noticias\/misioneras-de-paz-se-prepara-el-foro-de-la-mujer-2026\/","url":"https:\/\/www.fasta.org\/pt-br\/noticias\/misioneras-de-paz-se-prepara-el-foro-de-la-mujer-2026\/","name":"Misioneras de Paz: se prepara el Foro de la Mujer 2026 - Fasta","isPartOf":{"@id":"https:\/\/www.fasta.org\/pt-br\/#website"},"primaryImageOfPage":{"@id":"https:\/\/www.fasta.org\/pt-br\/noticias\/misioneras-de-paz-se-prepara-el-foro-de-la-mujer-2026\/#primaryimage"},"image":{"@id":"https:\/\/www.fasta.org\/pt-br\/noticias\/misioneras-de-paz-se-prepara-el-foro-de-la-mujer-2026\/#primaryimage"},"thumbnailUrl":"https:\/\/www.fasta.org\/wp-content\/uploads\/2026\/03\/InfoCiudad45_Foro-de-la-mujer-web-1-scaled.webp","datePublished":"2026-03-13T13:32:16+00:00","dateModified":"2026-03-13T14:36:52+00:00","breadcrumb":{"@id":"https:\/\/www.fasta.org\/pt-br\/noticias\/misioneras-de-paz-se-prepara-el-foro-de-la-mujer-2026\/#breadcrumb"},"inLanguage":"pt-BR","potentialAction":[{"@type":"ReadAction","target":["https:\/\/www.fasta.org\/pt-br\/noticias\/misioneras-de-paz-se-prepara-el-foro-de-la-mujer-2026\/"]}]},{"@type":"ImageObject","inLanguage":"pt-BR","@id":"https:\/\/www.fasta.org\/pt-br\/noticias\/misioneras-de-paz-se-prepara-el-foro-de-la-mujer-2026\/#primaryimage","url":"https:\/\/www.fasta.org\/wp-content\/uploads\/2026\/03\/InfoCiudad45_Foro-de-la-mujer-web-1-scaled.webp","contentUrl":"https:\/\/www.fasta.org\/wp-content\/uploads\/2026\/03\/InfoCiudad45_Foro-de-la-mujer-web-1-scaled.webp","width":2560,"height":1195},{"@type":"BreadcrumbList","@id":"https:\/\/www.fasta.org\/pt-br\/noticias\/misioneras-de-paz-se-prepara-el-foro-de-la-mujer-2026\/#breadcrumb","itemListElement":[{"@type":"ListItem","position":1,"name":"Portada","item":"https:\/\/www.fasta.org\/pt-br\/"},{"@type":"ListItem","position":2,"name":"Noticias","item":"https:\/\/www.fasta.org\/pt-br\/noticias\/"},{"@type":"ListItem","position":3,"name":"Misioneras de Paz: se prepara el Foro de la Mujer 2026"}]},{"@type":"WebSite","@id":"https:\/\/www.fasta.org\/pt-br\/#website","url":"https:\/\/www.fasta.org\/pt-br\/","name":"Fasta","description":"Fraternidad de Agrupaciones Santo Tom\u00e1s de Aquino","publisher":{"@id":"https:\/\/www.fasta.org\/pt-br\/#organization"},"potentialAction":[{"@type":"SearchAction","target":{"@type":"EntryPoint","urlTemplate":"https:\/\/www.fasta.org\/pt-br\/?s={search_term_string}"},"query-input":{"@type":"PropertyValueSpecification","valueRequired":true,"valueName":"search_term_string"}}],"inLanguage":"pt-BR"},{"@type":"Organization","@id":"https:\/\/www.fasta.org\/pt-br\/#organization","name":"Fasta","url":"https:\/\/www.fasta.org\/pt-br\/","logo":{"@type":"ImageObject","inLanguage":"pt-BR","@id":"https:\/\/www.fasta.org\/pt-br\/#\/schema\/logo\/image\/","url":"https:\/\/www.fasta.org\/wp-content\/uploads\/2021\/08\/Marca-Fasta.png","contentUrl":"https:\/\/www.fasta.org\/wp-content\/uploads\/2021\/08\/Marca-Fasta.png","width":1595,"height":644,"caption":"Fasta"},"image":{"@id":"https:\/\/www.fasta.org\/pt-br\/#\/schema\/logo\/image\/"},"sameAs":["https:\/\/www.facebook.com\/MovimientoFasta"]}]}},"_links":{"self":[{"href":"https:\/\/www.fasta.org\/pt-br\/wp-json\/wp\/v2\/noticias\/2228265","targetHints":{"allow":["GET"]}}],"collection":[{"href":"https:\/\/www.fasta.org\/pt-br\/wp-json\/wp\/v2\/noticias"}],"about":[{"href":"https:\/\/www.fasta.org\/pt-br\/wp-json\/wp\/v2\/types\/noticias"}],"version-history":[{"count":5,"href":"https:\/\/www.fasta.org\/pt-br\/wp-json\/wp\/v2\/noticias\/2228265\/revisions"}],"predecessor-version":[{"id":2228469,"href":"https:\/\/www.fasta.org\/pt-br\/wp-json\/wp\/v2\/noticias\/2228265\/revisions\/2228469"}],"wp:featuredmedia":[{"embeddable":true,"href":"https:\/\/www.fasta.org\/pt-br\/wp-json\/wp\/v2\/media\/2228269"}],"wp:attachment":[{"href":"https:\/\/www.fasta.org\/pt-br\/wp-json\/wp\/v2\/media?parent=2228265"}],"wp:term":[{"taxonomy":"fuente_noticia","embeddable":true,"href":"https:\/\/www.fasta.org\/pt-br\/wp-json\/wp\/v2\/fuente_noticia?post=2228265"},{"taxonomy":"categorias_noticia","embeddable":true,"href":"https:\/\/www.fasta.org\/pt-br\/wp-json\/wp\/v2\/categorias_noticia?post=2228265"},{"taxonomy":"origen_noticia","embeddable":true,"href":"https:\/\/www.fasta.org\/pt-br\/wp-json\/wp\/v2\/origen_noticia?post=2228265"}],"curies":[{"name":"wp","href":"https:\/\/api.w.org\/{rel}","templated":true}]}}