{"id":2228186,"date":"2026-03-13T10:20:42","date_gmt":"2026-03-13T13:20:42","guid":{"rendered":"https:\/\/www.fasta.org\/?post_type=noticias&#038;p=2228186"},"modified":"2026-03-13T10:20:46","modified_gmt":"2026-03-13T13:20:46","slug":"fasta-presente-en-el-congreso-latinoamericano-sobre-prevencion-y-cultura-del-cuidado","status":"publish","type":"noticias","link":"https:\/\/www.fasta.org\/pt-br\/noticias\/fasta-presente-en-el-congreso-latinoamericano-sobre-prevencion-y-cultura-del-cuidado\/","title":{"rendered":"Fasta presente en el Congreso Latinoamericano sobre prevenci\u00f3n y cultura del cuidado"},"content":{"rendered":"\n<p>Del 3 al 5 de marzo se realiz\u00f3 en San Jos\u00e9 de Costa Rica el <a href=\"https:\/\/congreso.cepromelat.com\/\">V Congreso Latinoamericano<\/a> del Centro de Investigaci\u00f3n y Formaci\u00f3n Interdisciplinar para la Protecci\u00f3n del Menor, organizado por CEPROME Latinoam\u00e9rica. El encuentro reuni\u00f3 a especialistas, agentes pastorales y referentes eclesiales de distintos pa\u00edses comprometidos con la prevenci\u00f3n de abusos y el acompa\u00f1amiento a las v\u00edctimas dentro de la Iglesia.<\/p>\n\n\n\n<p>El congreso se desarroll\u00f3 bajo el lema <em>\u201cReparar el da\u00f1o: entre la fe que sostiene, el cuidado que acompa\u00f1a y la justicia que restaura\u201d<\/em>, invitando a reflexionar sobre los caminos de reparaci\u00f3n, prevenci\u00f3n y generaci\u00f3n de ambientes seguros en las comunidades eclesiales.<\/p>\n\n\n\n<p>En este marco particip\u00f3 Cristina Monest\u00e9s, miembro de la Comunidad de Escucha y Acompa\u00f1amiento de Fasta, quien form\u00f3 parte de la delegaci\u00f3n argentina presente en el encuentro. Su participaci\u00f3n permiti\u00f3 compartir experiencias y profundizar la formaci\u00f3n junto a especialistas y agentes pastorales de toda Am\u00e9rica Latina que trabajan en la promoci\u00f3n de ambientes seguros y en el acompa\u00f1amiento a las v\u00edctimas.<\/p>\n\n\n\n<p>Durante las jornadas se desarrollaron conferencias, paneles y espacios de di\u00e1logo en torno a los desaf\u00edos actuales de la prevenci\u00f3n, la reparaci\u00f3n del da\u00f1o causado por los abusos y el fortalecimiento de estructuras eclesiales que promuevan una aut\u00e9ntica cultura del cuidado.<\/p>\n\n\n\n<p><em>\u201cParticipar de este congreso fue una oportunidad para seguir profundizando caminos de formaci\u00f3n y reflexi\u00f3n que ayuden a nuestras comunidades a promover ambientes seguros y una aut\u00e9ntica cultura del cuidado\u201d<\/em>, expres\u00f3 Cristina al compartir su experiencia del encuentro.<\/p>\n\n\n\n<p><strong>Reparar y acompa\u00f1ar<\/strong><\/p>\n\n\n\n<p>En este sentido, el congreso puso especial \u00e9nfasis en la necesidad de escuchar y acompa\u00f1ar integralmente a las v\u00edctimas, reconociendo que los procesos de reparaci\u00f3n requieren no solo respuestas jur\u00eddicas o institucionales, sino tambi\u00e9n caminos pastorales y comunitarios que ayuden a restaurar la dignidad de las personas.<\/p>\n\n\n\n<p><em>\u201cEscuchar experiencias de distintos pa\u00edses de Am\u00e9rica Latina nos ayuda a comprender mejor el desaf\u00edo de acompa\u00f1ar a las v\u00edctimas y de construir comunidades donde cada persona sea cuidada y respetada en su dignidad\u201d, <\/em>se\u00f1al\u00f3.<\/p>\n\n\n\n<p>La participaci\u00f3n en estos espacios formativos contribuye a seguir fortaleciendo en las comunidades y obras de Fasta una cultura del cuidado, en sinton\u00eda con el llamado de la Iglesia a promover ambientes seguros y a custodiar la dignidad de cada persona.<\/p>\n","protected":false},"excerpt":{"rendered":"<p>Del 3 al 5 de marzo se realiz\u00f3 en San Jos\u00e9 de Costa Rica el V Congreso Latinoamericano del Centro de Investigaci\u00f3n y Formaci\u00f3n Interdisciplinar para la Protecci\u00f3n del Menor, organizado por CEPROME Latinoam\u00e9rica. El encuentro reuni\u00f3 a especialistas, agentes pastorales y referentes eclesiales de distintos pa\u00edses comprometidos con la prevenci\u00f3n de abusos y el [&hellip;]<\/p>\n","protected":false},"featured_media":2228225,"template":"","fuente_noticia":[],"categorias_noticia":[183],"origen_noticia":[69],"class_list":["post-2228186","noticias","type-noticias","status-publish","has-post-thumbnail","hentry","categorias_noticia-cultura-del-cuidado","origen_noticia-propia"],"acf":[],"yoast_head":"<!-- This site is optimized with the Yoast SEO plugin v27.4 - https:\/\/yoast.com\/product\/yoast-seo-wordpress\/ -->\n<title>Fasta presente en el Congreso Latinoamericano sobre prevenci\u00f3n y cultura del cuidado - Fasta<\/title>\n<meta name=\"robots\" content=\"index, follow, max-snippet:-1, max-image-preview:large, max-video-preview:-1\" \/>\n<link rel=\"canonical\" href=\"https:\/\/www.fasta.org\/pt-br\/noticias\/fasta-presente-en-el-congreso-latinoamericano-sobre-prevencion-y-cultura-del-cuidado\/\" \/>\n<meta property=\"og:locale\" content=\"pt_BR\" \/>\n<meta property=\"og:type\" content=\"article\" \/>\n<meta property=\"og:title\" content=\"Fasta presente en el Congreso Latinoamericano sobre prevenci\u00f3n y cultura del cuidado - Fasta\" \/>\n<meta property=\"og:description\" content=\"Del 3 al 5 de marzo se realiz\u00f3 en San Jos\u00e9 de Costa Rica el V Congreso Latinoamericano del Centro de Investigaci\u00f3n y Formaci\u00f3n Interdisciplinar para la Protecci\u00f3n del Menor, organizado por CEPROME Latinoam\u00e9rica. El encuentro reuni\u00f3 a especialistas, agentes pastorales y referentes eclesiales de distintos pa\u00edses comprometidos con la prevenci\u00f3n de abusos y el [&hellip;]\" \/>\n<meta property=\"og:url\" content=\"https:\/\/www.fasta.org\/pt-br\/noticias\/fasta-presente-en-el-congreso-latinoamericano-sobre-prevencion-y-cultura-del-cuidado\/\" \/>\n<meta property=\"og:site_name\" content=\"Fasta\" \/>\n<meta property=\"article:publisher\" content=\"https:\/\/www.facebook.com\/MovimientoFasta\" \/>\n<meta property=\"article:modified_time\" content=\"2026-03-13T13:20:46+00:00\" \/>\n<meta property=\"og:image\" content=\"https:\/\/www.fasta.org\/wp-content\/uploads\/2026\/03\/InfoCiudad45_Cultura-del-cuidado-16-scaled.webp\" \/>\n\t<meta property=\"og:image:width\" content=\"2560\" \/>\n\t<meta property=\"og:image:height\" content=\"1195\" \/>\n\t<meta property=\"og:image:type\" content=\"image\/webp\" \/>\n<meta name=\"twitter:card\" content=\"summary_large_image\" \/>\n<meta name=\"twitter:label1\" content=\"Est. tempo de leitura\" \/>\n\t<meta name=\"twitter:data1\" content=\"3 minutos\" \/>\n<script type=\"application\/ld+json\" class=\"yoast-schema-graph\">{\"@context\":\"https:\\\/\\\/schema.org\",\"@graph\":[{\"@type\":\"WebPage\",\"@id\":\"https:\\\/\\\/www.fasta.org\\\/pt-br\\\/noticias\\\/fasta-presente-en-el-congreso-latinoamericano-sobre-prevencion-y-cultura-del-cuidado\\\/\",\"url\":\"https:\\\/\\\/www.fasta.org\\\/pt-br\\\/noticias\\\/fasta-presente-en-el-congreso-latinoamericano-sobre-prevencion-y-cultura-del-cuidado\\\/\",\"name\":\"Fasta presente en el Congreso Latinoamericano sobre prevenci\u00f3n y cultura del cuidado - Fasta\",\"isPartOf\":{\"@id\":\"https:\\\/\\\/www.fasta.org\\\/pt-br\\\/#website\"},\"primaryImageOfPage\":{\"@id\":\"https:\\\/\\\/www.fasta.org\\\/pt-br\\\/noticias\\\/fasta-presente-en-el-congreso-latinoamericano-sobre-prevencion-y-cultura-del-cuidado\\\/#primaryimage\"},\"image\":{\"@id\":\"https:\\\/\\\/www.fasta.org\\\/pt-br\\\/noticias\\\/fasta-presente-en-el-congreso-latinoamericano-sobre-prevencion-y-cultura-del-cuidado\\\/#primaryimage\"},\"thumbnailUrl\":\"https:\\\/\\\/www.fasta.org\\\/wp-content\\\/uploads\\\/2026\\\/03\\\/InfoCiudad45_Cultura-del-cuidado-16-scaled.webp\",\"datePublished\":\"2026-03-13T13:20:42+00:00\",\"dateModified\":\"2026-03-13T13:20:46+00:00\",\"breadcrumb\":{\"@id\":\"https:\\\/\\\/www.fasta.org\\\/pt-br\\\/noticias\\\/fasta-presente-en-el-congreso-latinoamericano-sobre-prevencion-y-cultura-del-cuidado\\\/#breadcrumb\"},\"inLanguage\":\"pt-BR\",\"potentialAction\":[{\"@type\":\"ReadAction\",\"target\":[\"https:\\\/\\\/www.fasta.org\\\/pt-br\\\/noticias\\\/fasta-presente-en-el-congreso-latinoamericano-sobre-prevencion-y-cultura-del-cuidado\\\/\"]}]},{\"@type\":\"ImageObject\",\"inLanguage\":\"pt-BR\",\"@id\":\"https:\\\/\\\/www.fasta.org\\\/pt-br\\\/noticias\\\/fasta-presente-en-el-congreso-latinoamericano-sobre-prevencion-y-cultura-del-cuidado\\\/#primaryimage\",\"url\":\"https:\\\/\\\/www.fasta.org\\\/wp-content\\\/uploads\\\/2026\\\/03\\\/InfoCiudad45_Cultura-del-cuidado-16-scaled.webp\",\"contentUrl\":\"https:\\\/\\\/www.fasta.org\\\/wp-content\\\/uploads\\\/2026\\\/03\\\/InfoCiudad45_Cultura-del-cuidado-16-scaled.webp\",\"width\":2560,\"height\":1195},{\"@type\":\"BreadcrumbList\",\"@id\":\"https:\\\/\\\/www.fasta.org\\\/pt-br\\\/noticias\\\/fasta-presente-en-el-congreso-latinoamericano-sobre-prevencion-y-cultura-del-cuidado\\\/#breadcrumb\",\"itemListElement\":[{\"@type\":\"ListItem\",\"position\":1,\"name\":\"Portada\",\"item\":\"https:\\\/\\\/www.fasta.org\\\/pt-br\\\/\"},{\"@type\":\"ListItem\",\"position\":2,\"name\":\"Noticias\",\"item\":\"https:\\\/\\\/www.fasta.org\\\/pt-br\\\/noticias\\\/\"},{\"@type\":\"ListItem\",\"position\":3,\"name\":\"Fasta presente en el Congreso Latinoamericano sobre prevenci\u00f3n y cultura del cuidado\"}]},{\"@type\":\"WebSite\",\"@id\":\"https:\\\/\\\/www.fasta.org\\\/pt-br\\\/#website\",\"url\":\"https:\\\/\\\/www.fasta.org\\\/pt-br\\\/\",\"name\":\"Fasta\",\"description\":\"Fraternidad de Agrupaciones Santo Tom\u00e1s de Aquino\",\"publisher\":{\"@id\":\"https:\\\/\\\/www.fasta.org\\\/pt-br\\\/#organization\"},\"potentialAction\":[{\"@type\":\"SearchAction\",\"target\":{\"@type\":\"EntryPoint\",\"urlTemplate\":\"https:\\\/\\\/www.fasta.org\\\/pt-br\\\/?s={search_term_string}\"},\"query-input\":{\"@type\":\"PropertyValueSpecification\",\"valueRequired\":true,\"valueName\":\"search_term_string\"}}],\"inLanguage\":\"pt-BR\"},{\"@type\":\"Organization\",\"@id\":\"https:\\\/\\\/www.fasta.org\\\/pt-br\\\/#organization\",\"name\":\"Fasta\",\"url\":\"https:\\\/\\\/www.fasta.org\\\/pt-br\\\/\",\"logo\":{\"@type\":\"ImageObject\",\"inLanguage\":\"pt-BR\",\"@id\":\"https:\\\/\\\/www.fasta.org\\\/pt-br\\\/#\\\/schema\\\/logo\\\/image\\\/\",\"url\":\"https:\\\/\\\/www.fasta.org\\\/wp-content\\\/uploads\\\/2021\\\/08\\\/Marca-Fasta.png\",\"contentUrl\":\"https:\\\/\\\/www.fasta.org\\\/wp-content\\\/uploads\\\/2021\\\/08\\\/Marca-Fasta.png\",\"width\":1595,\"height\":644,\"caption\":\"Fasta\"},\"image\":{\"@id\":\"https:\\\/\\\/www.fasta.org\\\/pt-br\\\/#\\\/schema\\\/logo\\\/image\\\/\"},\"sameAs\":[\"https:\\\/\\\/www.facebook.com\\\/MovimientoFasta\"]}]}<\/script>\n<!-- \/ Yoast SEO plugin. -->","yoast_head_json":{"title":"Fasta presente en el Congreso Latinoamericano sobre prevenci\u00f3n y cultura del cuidado - Fasta","robots":{"index":"index","follow":"follow","max-snippet":"max-snippet:-1","max-image-preview":"max-image-preview:large","max-video-preview":"max-video-preview:-1"},"canonical":"https:\/\/www.fasta.org\/pt-br\/noticias\/fasta-presente-en-el-congreso-latinoamericano-sobre-prevencion-y-cultura-del-cuidado\/","og_locale":"pt_BR","og_type":"article","og_title":"Fasta presente en el Congreso Latinoamericano sobre prevenci\u00f3n y cultura del cuidado - Fasta","og_description":"Del 3 al 5 de marzo se realiz\u00f3 en San Jos\u00e9 de Costa Rica el V Congreso Latinoamericano del Centro de Investigaci\u00f3n y Formaci\u00f3n Interdisciplinar para la Protecci\u00f3n del Menor, organizado por CEPROME Latinoam\u00e9rica. El encuentro reuni\u00f3 a especialistas, agentes pastorales y referentes eclesiales de distintos pa\u00edses comprometidos con la prevenci\u00f3n de abusos y el [&hellip;]","og_url":"https:\/\/www.fasta.org\/pt-br\/noticias\/fasta-presente-en-el-congreso-latinoamericano-sobre-prevencion-y-cultura-del-cuidado\/","og_site_name":"Fasta","article_publisher":"https:\/\/www.facebook.com\/MovimientoFasta","article_modified_time":"2026-03-13T13:20:46+00:00","og_image":[{"width":2560,"height":1195,"url":"https:\/\/www.fasta.org\/wp-content\/uploads\/2026\/03\/InfoCiudad45_Cultura-del-cuidado-16-scaled.webp","type":"image\/webp"}],"twitter_card":"summary_large_image","twitter_misc":{"Est. tempo de leitura":"3 minutos"},"schema":{"@context":"https:\/\/schema.org","@graph":[{"@type":"WebPage","@id":"https:\/\/www.fasta.org\/pt-br\/noticias\/fasta-presente-en-el-congreso-latinoamericano-sobre-prevencion-y-cultura-del-cuidado\/","url":"https:\/\/www.fasta.org\/pt-br\/noticias\/fasta-presente-en-el-congreso-latinoamericano-sobre-prevencion-y-cultura-del-cuidado\/","name":"Fasta presente en el Congreso Latinoamericano sobre prevenci\u00f3n y cultura del cuidado - Fasta","isPartOf":{"@id":"https:\/\/www.fasta.org\/pt-br\/#website"},"primaryImageOfPage":{"@id":"https:\/\/www.fasta.org\/pt-br\/noticias\/fasta-presente-en-el-congreso-latinoamericano-sobre-prevencion-y-cultura-del-cuidado\/#primaryimage"},"image":{"@id":"https:\/\/www.fasta.org\/pt-br\/noticias\/fasta-presente-en-el-congreso-latinoamericano-sobre-prevencion-y-cultura-del-cuidado\/#primaryimage"},"thumbnailUrl":"https:\/\/www.fasta.org\/wp-content\/uploads\/2026\/03\/InfoCiudad45_Cultura-del-cuidado-16-scaled.webp","datePublished":"2026-03-13T13:20:42+00:00","dateModified":"2026-03-13T13:20:46+00:00","breadcrumb":{"@id":"https:\/\/www.fasta.org\/pt-br\/noticias\/fasta-presente-en-el-congreso-latinoamericano-sobre-prevencion-y-cultura-del-cuidado\/#breadcrumb"},"inLanguage":"pt-BR","potentialAction":[{"@type":"ReadAction","target":["https:\/\/www.fasta.org\/pt-br\/noticias\/fasta-presente-en-el-congreso-latinoamericano-sobre-prevencion-y-cultura-del-cuidado\/"]}]},{"@type":"ImageObject","inLanguage":"pt-BR","@id":"https:\/\/www.fasta.org\/pt-br\/noticias\/fasta-presente-en-el-congreso-latinoamericano-sobre-prevencion-y-cultura-del-cuidado\/#primaryimage","url":"https:\/\/www.fasta.org\/wp-content\/uploads\/2026\/03\/InfoCiudad45_Cultura-del-cuidado-16-scaled.webp","contentUrl":"https:\/\/www.fasta.org\/wp-content\/uploads\/2026\/03\/InfoCiudad45_Cultura-del-cuidado-16-scaled.webp","width":2560,"height":1195},{"@type":"BreadcrumbList","@id":"https:\/\/www.fasta.org\/pt-br\/noticias\/fasta-presente-en-el-congreso-latinoamericano-sobre-prevencion-y-cultura-del-cuidado\/#breadcrumb","itemListElement":[{"@type":"ListItem","position":1,"name":"Portada","item":"https:\/\/www.fasta.org\/pt-br\/"},{"@type":"ListItem","position":2,"name":"Noticias","item":"https:\/\/www.fasta.org\/pt-br\/noticias\/"},{"@type":"ListItem","position":3,"name":"Fasta presente en el Congreso Latinoamericano sobre prevenci\u00f3n y cultura del cuidado"}]},{"@type":"WebSite","@id":"https:\/\/www.fasta.org\/pt-br\/#website","url":"https:\/\/www.fasta.org\/pt-br\/","name":"Fasta","description":"Fraternidad de Agrupaciones Santo Tom\u00e1s de Aquino","publisher":{"@id":"https:\/\/www.fasta.org\/pt-br\/#organization"},"potentialAction":[{"@type":"SearchAction","target":{"@type":"EntryPoint","urlTemplate":"https:\/\/www.fasta.org\/pt-br\/?s={search_term_string}"},"query-input":{"@type":"PropertyValueSpecification","valueRequired":true,"valueName":"search_term_string"}}],"inLanguage":"pt-BR"},{"@type":"Organization","@id":"https:\/\/www.fasta.org\/pt-br\/#organization","name":"Fasta","url":"https:\/\/www.fasta.org\/pt-br\/","logo":{"@type":"ImageObject","inLanguage":"pt-BR","@id":"https:\/\/www.fasta.org\/pt-br\/#\/schema\/logo\/image\/","url":"https:\/\/www.fasta.org\/wp-content\/uploads\/2021\/08\/Marca-Fasta.png","contentUrl":"https:\/\/www.fasta.org\/wp-content\/uploads\/2021\/08\/Marca-Fasta.png","width":1595,"height":644,"caption":"Fasta"},"image":{"@id":"https:\/\/www.fasta.org\/pt-br\/#\/schema\/logo\/image\/"},"sameAs":["https:\/\/www.facebook.com\/MovimientoFasta"]}]}},"_links":{"self":[{"href":"https:\/\/www.fasta.org\/pt-br\/wp-json\/wp\/v2\/noticias\/2228186","targetHints":{"allow":["GET"]}}],"collection":[{"href":"https:\/\/www.fasta.org\/pt-br\/wp-json\/wp\/v2\/noticias"}],"about":[{"href":"https:\/\/www.fasta.org\/pt-br\/wp-json\/wp\/v2\/types\/noticias"}],"version-history":[{"count":1,"href":"https:\/\/www.fasta.org\/pt-br\/wp-json\/wp\/v2\/noticias\/2228186\/revisions"}],"predecessor-version":[{"id":2228195,"href":"https:\/\/www.fasta.org\/pt-br\/wp-json\/wp\/v2\/noticias\/2228186\/revisions\/2228195"}],"wp:featuredmedia":[{"embeddable":true,"href":"https:\/\/www.fasta.org\/pt-br\/wp-json\/wp\/v2\/media\/2228225"}],"wp:attachment":[{"href":"https:\/\/www.fasta.org\/pt-br\/wp-json\/wp\/v2\/media?parent=2228186"}],"wp:term":[{"taxonomy":"fuente_noticia","embeddable":true,"href":"https:\/\/www.fasta.org\/pt-br\/wp-json\/wp\/v2\/fuente_noticia?post=2228186"},{"taxonomy":"categorias_noticia","embeddable":true,"href":"https:\/\/www.fasta.org\/pt-br\/wp-json\/wp\/v2\/categorias_noticia?post=2228186"},{"taxonomy":"origen_noticia","embeddable":true,"href":"https:\/\/www.fasta.org\/pt-br\/wp-json\/wp\/v2\/origen_noticia?post=2228186"}],"curies":[{"name":"wp","href":"https:\/\/api.w.org\/{rel}","templated":true}]}}