{"id":2227803,"date":"2026-03-12T22:29:15","date_gmt":"2026-03-13T01:29:15","guid":{"rendered":"https:\/\/www.fasta.org\/?post_type=noticias&#038;p=2227803"},"modified":"2026-03-12T22:29:19","modified_gmt":"2026-03-13T01:29:19","slug":"la-pagina-web-de-fasta-integro-el-widget-de-vatican-news","status":"publish","type":"noticias","link":"https:\/\/www.fasta.org\/pt-br\/noticias\/la-pagina-web-de-fasta-integro-el-widget-de-vatican-news\/","title":{"rendered":"La p\u00e1gina web de Fasta integr\u00f3 el widget de Vatican News"},"content":{"rendered":"\n<p>Vatican News es un servicio que ofrece el Dicasterio para la Comunicaci\u00f3n de la Santa Sede. All\u00ed se publican las noticias oficiales, las actividades y los documentos del Vaticano.<\/p>\n\n\n\n<p>Con el objetivo de facilitar el acceso a informaci\u00f3n confiable, desarrollaron un widget que es una herramienta digital que ofrece contenido actualizado de manera continua, para que las di\u00f3cesis, parroquias y movimientos puedan integrarlo en sus sitios web.<\/p>\n\n\n\n<p>Impulsando este desarrollo el Papa escribi\u00f3 en una nota que fue enviada a los Obispos:<em> \u201cesta iniciativa de Vatican News es una herramienta de evangelizaci\u00f3n, ofrece la oportunidad de crear una red y un intercambio de dones entre Roma y la Iglesia de tu pa\u00eds. Es una forma de que tus parroquias y comunidades obtengan constantemente informaci\u00f3n de la fuente primaria\u201d<\/em>.<\/p>\n\n\n\n<p><em>\u201cLa implementaci\u00f3n de esta herramienta en la web institucional de Fasta es tambi\u00e9n una manera de subrayar que somos Iglesia y de acompa\u00f1ar el desaf\u00edo actual de reducir la circulaci\u00f3n de noticias falsas (fake news) que pueden afectar la relaci\u00f3n de los fieles con la Santa Sede\u201d<\/em> coment\u00f3 Javier V\u00e9lez, Director de Comunicaciones de Fasta.<em>&nbsp;<\/em><\/p>\n\n\n\n<p>El sitio web de Fasta contaba desde sus inicios con una secci\u00f3n titulada \u201cNoticias de la Iglesia y del Papa Le\u00f3n XIV\u201d, que se actualiza peri\u00f3dicamente con informaci\u00f3n proveniente de portales cat\u00f3licos como ACI Prensa, Vatican News y Agencia Informativa Cat\u00f3lica Argentina (AICA), entre otros.<\/p>\n\n\n\n<p>La incorporaci\u00f3n de este nuevo widget dentro de esa misma secci\u00f3n permite ahora facilitar a\u00fan m\u00e1s el acceso a contenidos oficiales y actualizados, fortaleciendo la presencia de fuentes confiables sobre la vida de la Iglesia y el magisterio del Papa: <a href=\"https:\/\/www.fasta.org\/noticias\/\">https:\/\/www.fasta.org\/noticias\/<\/a><\/p>\n","protected":false},"excerpt":{"rendered":"<p>Vatican News es un servicio que ofrece el Dicasterio para la Comunicaci\u00f3n de la Santa Sede. All\u00ed se publican las noticias oficiales, las actividades y los documentos del Vaticano. Con el objetivo de facilitar el acceso a informaci\u00f3n confiable, desarrollaron un widget que es una herramienta digital que ofrece contenido actualizado de manera continua, para [&hellip;]<\/p>\n","protected":false},"featured_media":2227809,"template":"","fuente_noticia":[],"categorias_noticia":[115],"origen_noticia":[69],"class_list":["post-2227803","noticias","type-noticias","status-publish","has-post-thumbnail","hentry","categorias_noticia-iglesia","origen_noticia-propia"],"acf":[],"yoast_head":"<!-- This site is optimized with the Yoast SEO plugin v27.4 - https:\/\/yoast.com\/product\/yoast-seo-wordpress\/ -->\n<title>La p\u00e1gina web de Fasta integr\u00f3 el widget de Vatican News - Fasta<\/title>\n<meta name=\"robots\" content=\"index, follow, max-snippet:-1, max-image-preview:large, max-video-preview:-1\" \/>\n<link rel=\"canonical\" href=\"https:\/\/www.fasta.org\/pt-br\/noticias\/la-pagina-web-de-fasta-integro-el-widget-de-vatican-news\/\" \/>\n<meta property=\"og:locale\" content=\"pt_BR\" \/>\n<meta property=\"og:type\" content=\"article\" \/>\n<meta property=\"og:title\" content=\"La p\u00e1gina web de Fasta integr\u00f3 el widget de Vatican News - Fasta\" \/>\n<meta property=\"og:description\" content=\"Vatican News es un servicio que ofrece el Dicasterio para la Comunicaci\u00f3n de la Santa Sede. All\u00ed se publican las noticias oficiales, las actividades y los documentos del Vaticano. Con el objetivo de facilitar el acceso a informaci\u00f3n confiable, desarrollaron un widget que es una herramienta digital que ofrece contenido actualizado de manera continua, para [&hellip;]\" \/>\n<meta property=\"og:url\" content=\"https:\/\/www.fasta.org\/pt-br\/noticias\/la-pagina-web-de-fasta-integro-el-widget-de-vatican-news\/\" \/>\n<meta property=\"og:site_name\" content=\"Fasta\" \/>\n<meta property=\"article:publisher\" content=\"https:\/\/www.facebook.com\/MovimientoFasta\" \/>\n<meta property=\"article:modified_time\" content=\"2026-03-13T01:29:19+00:00\" \/>\n<meta property=\"og:image\" content=\"https:\/\/www.fasta.org\/wp-content\/uploads\/2026\/03\/InfoCiudad45_Comunicaciones-web-scaled.webp\" \/>\n\t<meta property=\"og:image:width\" content=\"2560\" \/>\n\t<meta property=\"og:image:height\" content=\"1195\" \/>\n\t<meta property=\"og:image:type\" content=\"image\/webp\" \/>\n<meta name=\"twitter:card\" content=\"summary_large_image\" \/>\n<meta name=\"twitter:label1\" content=\"Est. tempo de leitura\" \/>\n\t<meta name=\"twitter:data1\" content=\"2 minutos\" \/>\n<script type=\"application\/ld+json\" class=\"yoast-schema-graph\">{\"@context\":\"https:\\\/\\\/schema.org\",\"@graph\":[{\"@type\":\"WebPage\",\"@id\":\"https:\\\/\\\/www.fasta.org\\\/pt-br\\\/noticias\\\/la-pagina-web-de-fasta-integro-el-widget-de-vatican-news\\\/\",\"url\":\"https:\\\/\\\/www.fasta.org\\\/pt-br\\\/noticias\\\/la-pagina-web-de-fasta-integro-el-widget-de-vatican-news\\\/\",\"name\":\"La p\u00e1gina web de Fasta integr\u00f3 el widget de Vatican News - Fasta\",\"isPartOf\":{\"@id\":\"https:\\\/\\\/www.fasta.org\\\/pt-br\\\/#website\"},\"primaryImageOfPage\":{\"@id\":\"https:\\\/\\\/www.fasta.org\\\/pt-br\\\/noticias\\\/la-pagina-web-de-fasta-integro-el-widget-de-vatican-news\\\/#primaryimage\"},\"image\":{\"@id\":\"https:\\\/\\\/www.fasta.org\\\/pt-br\\\/noticias\\\/la-pagina-web-de-fasta-integro-el-widget-de-vatican-news\\\/#primaryimage\"},\"thumbnailUrl\":\"https:\\\/\\\/www.fasta.org\\\/wp-content\\\/uploads\\\/2026\\\/03\\\/InfoCiudad45_Comunicaciones-web-scaled.webp\",\"datePublished\":\"2026-03-13T01:29:15+00:00\",\"dateModified\":\"2026-03-13T01:29:19+00:00\",\"breadcrumb\":{\"@id\":\"https:\\\/\\\/www.fasta.org\\\/pt-br\\\/noticias\\\/la-pagina-web-de-fasta-integro-el-widget-de-vatican-news\\\/#breadcrumb\"},\"inLanguage\":\"pt-BR\",\"potentialAction\":[{\"@type\":\"ReadAction\",\"target\":[\"https:\\\/\\\/www.fasta.org\\\/pt-br\\\/noticias\\\/la-pagina-web-de-fasta-integro-el-widget-de-vatican-news\\\/\"]}]},{\"@type\":\"ImageObject\",\"inLanguage\":\"pt-BR\",\"@id\":\"https:\\\/\\\/www.fasta.org\\\/pt-br\\\/noticias\\\/la-pagina-web-de-fasta-integro-el-widget-de-vatican-news\\\/#primaryimage\",\"url\":\"https:\\\/\\\/www.fasta.org\\\/wp-content\\\/uploads\\\/2026\\\/03\\\/InfoCiudad45_Comunicaciones-web-scaled.webp\",\"contentUrl\":\"https:\\\/\\\/www.fasta.org\\\/wp-content\\\/uploads\\\/2026\\\/03\\\/InfoCiudad45_Comunicaciones-web-scaled.webp\",\"width\":2560,\"height\":1195},{\"@type\":\"BreadcrumbList\",\"@id\":\"https:\\\/\\\/www.fasta.org\\\/pt-br\\\/noticias\\\/la-pagina-web-de-fasta-integro-el-widget-de-vatican-news\\\/#breadcrumb\",\"itemListElement\":[{\"@type\":\"ListItem\",\"position\":1,\"name\":\"Portada\",\"item\":\"https:\\\/\\\/www.fasta.org\\\/pt-br\\\/\"},{\"@type\":\"ListItem\",\"position\":2,\"name\":\"Noticias\",\"item\":\"https:\\\/\\\/www.fasta.org\\\/pt-br\\\/noticias\\\/\"},{\"@type\":\"ListItem\",\"position\":3,\"name\":\"La p\u00e1gina web de Fasta integr\u00f3 el widget de Vatican News\"}]},{\"@type\":\"WebSite\",\"@id\":\"https:\\\/\\\/www.fasta.org\\\/pt-br\\\/#website\",\"url\":\"https:\\\/\\\/www.fasta.org\\\/pt-br\\\/\",\"name\":\"Fasta\",\"description\":\"Fraternidad de Agrupaciones Santo Tom\u00e1s de Aquino\",\"publisher\":{\"@id\":\"https:\\\/\\\/www.fasta.org\\\/pt-br\\\/#organization\"},\"potentialAction\":[{\"@type\":\"SearchAction\",\"target\":{\"@type\":\"EntryPoint\",\"urlTemplate\":\"https:\\\/\\\/www.fasta.org\\\/pt-br\\\/?s={search_term_string}\"},\"query-input\":{\"@type\":\"PropertyValueSpecification\",\"valueRequired\":true,\"valueName\":\"search_term_string\"}}],\"inLanguage\":\"pt-BR\"},{\"@type\":\"Organization\",\"@id\":\"https:\\\/\\\/www.fasta.org\\\/pt-br\\\/#organization\",\"name\":\"Fasta\",\"url\":\"https:\\\/\\\/www.fasta.org\\\/pt-br\\\/\",\"logo\":{\"@type\":\"ImageObject\",\"inLanguage\":\"pt-BR\",\"@id\":\"https:\\\/\\\/www.fasta.org\\\/pt-br\\\/#\\\/schema\\\/logo\\\/image\\\/\",\"url\":\"https:\\\/\\\/www.fasta.org\\\/wp-content\\\/uploads\\\/2021\\\/08\\\/Marca-Fasta.png\",\"contentUrl\":\"https:\\\/\\\/www.fasta.org\\\/wp-content\\\/uploads\\\/2021\\\/08\\\/Marca-Fasta.png\",\"width\":1595,\"height\":644,\"caption\":\"Fasta\"},\"image\":{\"@id\":\"https:\\\/\\\/www.fasta.org\\\/pt-br\\\/#\\\/schema\\\/logo\\\/image\\\/\"},\"sameAs\":[\"https:\\\/\\\/www.facebook.com\\\/MovimientoFasta\"]}]}<\/script>\n<!-- \/ Yoast SEO plugin. -->","yoast_head_json":{"title":"La p\u00e1gina web de Fasta integr\u00f3 el widget de Vatican News - Fasta","robots":{"index":"index","follow":"follow","max-snippet":"max-snippet:-1","max-image-preview":"max-image-preview:large","max-video-preview":"max-video-preview:-1"},"canonical":"https:\/\/www.fasta.org\/pt-br\/noticias\/la-pagina-web-de-fasta-integro-el-widget-de-vatican-news\/","og_locale":"pt_BR","og_type":"article","og_title":"La p\u00e1gina web de Fasta integr\u00f3 el widget de Vatican News - Fasta","og_description":"Vatican News es un servicio que ofrece el Dicasterio para la Comunicaci\u00f3n de la Santa Sede. All\u00ed se publican las noticias oficiales, las actividades y los documentos del Vaticano. Con el objetivo de facilitar el acceso a informaci\u00f3n confiable, desarrollaron un widget que es una herramienta digital que ofrece contenido actualizado de manera continua, para [&hellip;]","og_url":"https:\/\/www.fasta.org\/pt-br\/noticias\/la-pagina-web-de-fasta-integro-el-widget-de-vatican-news\/","og_site_name":"Fasta","article_publisher":"https:\/\/www.facebook.com\/MovimientoFasta","article_modified_time":"2026-03-13T01:29:19+00:00","og_image":[{"width":2560,"height":1195,"url":"https:\/\/www.fasta.org\/wp-content\/uploads\/2026\/03\/InfoCiudad45_Comunicaciones-web-scaled.webp","type":"image\/webp"}],"twitter_card":"summary_large_image","twitter_misc":{"Est. tempo de leitura":"2 minutos"},"schema":{"@context":"https:\/\/schema.org","@graph":[{"@type":"WebPage","@id":"https:\/\/www.fasta.org\/pt-br\/noticias\/la-pagina-web-de-fasta-integro-el-widget-de-vatican-news\/","url":"https:\/\/www.fasta.org\/pt-br\/noticias\/la-pagina-web-de-fasta-integro-el-widget-de-vatican-news\/","name":"La p\u00e1gina web de Fasta integr\u00f3 el widget de Vatican News - Fasta","isPartOf":{"@id":"https:\/\/www.fasta.org\/pt-br\/#website"},"primaryImageOfPage":{"@id":"https:\/\/www.fasta.org\/pt-br\/noticias\/la-pagina-web-de-fasta-integro-el-widget-de-vatican-news\/#primaryimage"},"image":{"@id":"https:\/\/www.fasta.org\/pt-br\/noticias\/la-pagina-web-de-fasta-integro-el-widget-de-vatican-news\/#primaryimage"},"thumbnailUrl":"https:\/\/www.fasta.org\/wp-content\/uploads\/2026\/03\/InfoCiudad45_Comunicaciones-web-scaled.webp","datePublished":"2026-03-13T01:29:15+00:00","dateModified":"2026-03-13T01:29:19+00:00","breadcrumb":{"@id":"https:\/\/www.fasta.org\/pt-br\/noticias\/la-pagina-web-de-fasta-integro-el-widget-de-vatican-news\/#breadcrumb"},"inLanguage":"pt-BR","potentialAction":[{"@type":"ReadAction","target":["https:\/\/www.fasta.org\/pt-br\/noticias\/la-pagina-web-de-fasta-integro-el-widget-de-vatican-news\/"]}]},{"@type":"ImageObject","inLanguage":"pt-BR","@id":"https:\/\/www.fasta.org\/pt-br\/noticias\/la-pagina-web-de-fasta-integro-el-widget-de-vatican-news\/#primaryimage","url":"https:\/\/www.fasta.org\/wp-content\/uploads\/2026\/03\/InfoCiudad45_Comunicaciones-web-scaled.webp","contentUrl":"https:\/\/www.fasta.org\/wp-content\/uploads\/2026\/03\/InfoCiudad45_Comunicaciones-web-scaled.webp","width":2560,"height":1195},{"@type":"BreadcrumbList","@id":"https:\/\/www.fasta.org\/pt-br\/noticias\/la-pagina-web-de-fasta-integro-el-widget-de-vatican-news\/#breadcrumb","itemListElement":[{"@type":"ListItem","position":1,"name":"Portada","item":"https:\/\/www.fasta.org\/pt-br\/"},{"@type":"ListItem","position":2,"name":"Noticias","item":"https:\/\/www.fasta.org\/pt-br\/noticias\/"},{"@type":"ListItem","position":3,"name":"La p\u00e1gina web de Fasta integr\u00f3 el widget de Vatican News"}]},{"@type":"WebSite","@id":"https:\/\/www.fasta.org\/pt-br\/#website","url":"https:\/\/www.fasta.org\/pt-br\/","name":"Fasta","description":"Fraternidad de Agrupaciones Santo Tom\u00e1s de Aquino","publisher":{"@id":"https:\/\/www.fasta.org\/pt-br\/#organization"},"potentialAction":[{"@type":"SearchAction","target":{"@type":"EntryPoint","urlTemplate":"https:\/\/www.fasta.org\/pt-br\/?s={search_term_string}"},"query-input":{"@type":"PropertyValueSpecification","valueRequired":true,"valueName":"search_term_string"}}],"inLanguage":"pt-BR"},{"@type":"Organization","@id":"https:\/\/www.fasta.org\/pt-br\/#organization","name":"Fasta","url":"https:\/\/www.fasta.org\/pt-br\/","logo":{"@type":"ImageObject","inLanguage":"pt-BR","@id":"https:\/\/www.fasta.org\/pt-br\/#\/schema\/logo\/image\/","url":"https:\/\/www.fasta.org\/wp-content\/uploads\/2021\/08\/Marca-Fasta.png","contentUrl":"https:\/\/www.fasta.org\/wp-content\/uploads\/2021\/08\/Marca-Fasta.png","width":1595,"height":644,"caption":"Fasta"},"image":{"@id":"https:\/\/www.fasta.org\/pt-br\/#\/schema\/logo\/image\/"},"sameAs":["https:\/\/www.facebook.com\/MovimientoFasta"]}]}},"_links":{"self":[{"href":"https:\/\/www.fasta.org\/pt-br\/wp-json\/wp\/v2\/noticias\/2227803","targetHints":{"allow":["GET"]}}],"collection":[{"href":"https:\/\/www.fasta.org\/pt-br\/wp-json\/wp\/v2\/noticias"}],"about":[{"href":"https:\/\/www.fasta.org\/pt-br\/wp-json\/wp\/v2\/types\/noticias"}],"version-history":[{"count":1,"href":"https:\/\/www.fasta.org\/pt-br\/wp-json\/wp\/v2\/noticias\/2227803\/revisions"}],"predecessor-version":[{"id":2227816,"href":"https:\/\/www.fasta.org\/pt-br\/wp-json\/wp\/v2\/noticias\/2227803\/revisions\/2227816"}],"wp:featuredmedia":[{"embeddable":true,"href":"https:\/\/www.fasta.org\/pt-br\/wp-json\/wp\/v2\/media\/2227809"}],"wp:attachment":[{"href":"https:\/\/www.fasta.org\/pt-br\/wp-json\/wp\/v2\/media?parent=2227803"}],"wp:term":[{"taxonomy":"fuente_noticia","embeddable":true,"href":"https:\/\/www.fasta.org\/pt-br\/wp-json\/wp\/v2\/fuente_noticia?post=2227803"},{"taxonomy":"categorias_noticia","embeddable":true,"href":"https:\/\/www.fasta.org\/pt-br\/wp-json\/wp\/v2\/categorias_noticia?post=2227803"},{"taxonomy":"origen_noticia","embeddable":true,"href":"https:\/\/www.fasta.org\/pt-br\/wp-json\/wp\/v2\/origen_noticia?post=2227803"}],"curies":[{"name":"wp","href":"https:\/\/api.w.org\/{rel}","templated":true}]}}