{"id":2121398,"date":"2025-12-19T10:47:01","date_gmt":"2025-12-19T13:47:01","guid":{"rendered":"https:\/\/www.fasta.org\/?post_type=noticias&#038;p=2121398"},"modified":"2025-12-19T10:47:07","modified_gmt":"2025-12-19T13:47:07","slug":"inicia-una-nueva-etapa-del-proceso-sonemos-juntos","status":"publish","type":"noticias","link":"https:\/\/www.fasta.org\/pt-br\/noticias\/inicia-una-nueva-etapa-del-proceso-sonemos-juntos\/","title":{"rendered":"Inicia una nueva etapa del Proceso So\u00f1emos Juntos"},"content":{"rendered":"\n<p>El Consejo Plenario 2025 present\u00f3 el documento con las conclusiones de la segunda etapa del <em>Proceso So\u00f1emos Juntos el Futuro de la Ciudad<\/em>. El texto recoge las lecturas, aportes y propuestas elaboradas por las comunidades durante las jornadas de discernimiento realizadas los d\u00edas 15 y 16 de noviembre, y complementa las l\u00edneas de desarrollo aprobadas en el Consejo Plenario 2024.<\/p>\n\n\n\n<p>Tambi\u00e9n la Presidencia public\u00f3 una resoluci\u00f3n en la cual se establece que las comunidades ser\u00e1n asumidas por los distintos \u00e1mbitos de la Ciudad para darle continuidad a las propuestas y que durante este tiempo se generen espacios abiertos y participativos a los fines de receptar los aportes y consultas que puedan surgir durante este tiempo.<\/p>\n\n\n\n<p><strong>Etapa de concretar las l\u00edneas, propuestas y desarrollos<\/strong><\/p>\n\n\n\n<p>A partir de lo discernido y aprobado en el Plenario 2025, la Ciudad Miliciana inicia una nueva etapa del proceso, orientada a concretar y encarnar las l\u00edneas, propuestas y desarrollos elaborados por las Columnas en pol\u00edticas institucionales, planes y acciones concretas. Esta fase tiene como objetivo traducir el camino recorrido en criterios de gobierno, orientaciones pastorales, decisiones organizacionales y pr\u00e1cticas apost\u00f3licas que ordenen de modo org\u00e1nico la vida y la misi\u00f3n de la Ciudad.<\/p>\n\n\n\n<p>El Consejo Plenario 2025 profundiza as\u00ed el camino de autoconciencia eclesial, integrando los aportes de las cinco Comunidades de discernimiento. De este trabajo surgen con claridad algunas convicciones compartidas: la centralidad de la espiritualidad dominicana como fuente y forma de toda acci\u00f3n; la dimensi\u00f3n comunitaria como rasgo distintivo de la evangelizaci\u00f3n; la necesidad de una cultura organizacional y econ\u00f3mica sustentable, profesional y misionera; la actualizaci\u00f3n de los mecanismos institucionales de discernimiento y gobierno; y la prioridad de una aut\u00e9ntica pol\u00edtica de personas que ponga en el centro la dignidad de cada miembro de la Ciudad.<\/p>\n\n\n\n<p>El proceso de Autoconciencia Eclesial recorrido por la Ciudad Miliciana en estos a\u00f1os no constituye \u00fanicamente un ejercicio de planificaci\u00f3n institucional, sino un verdadero camino espiritual y comunitario de discernimiento del paso de Dios en medio de la vida de la Ciudad.<\/p>\n\n\n\n<p><strong>Pr\u00f3ximos pasos: c\u00f3mo continuar\u00e1 el proceso<\/strong><\/p>\n\n\n\n<p>En el marco del proceso <em>\u201cSo\u00f1emos juntos el Futuro de la Ciudad\u201d<\/em> y a partir de los aportes realizados por las distintas comunidades de trabajo, se definieron los pr\u00f3ximos pasos para continuar profundizando las l\u00edneas propuestas.<\/p>\n\n\n\n<p>El Consejo Civitas abordar\u00e1 los aportes de la Comunidad <em>\u201cLa dimensi\u00f3n espiritual, antropol\u00f3gica y eclesial\u201d<\/em>, con el objetivo de seguir profundizando en las implicancias de la espiritualidad propia, junto a los miembros de dicha comunidad.<\/p>\n\n\n\n<p>Por su parte, los aportes de la Comunidad <em>\u201cLa cultura, la formaci\u00f3n y la educaci\u00f3n\u201d<\/em> ser\u00e1n trabajados por el Consejo de Cultura de la Ciudad Miliciana, la Direcci\u00f3n General de la Red Educativa, la Universidad Fasta y la Direcci\u00f3n de Planeamiento y Pol\u00edticas Educativas, a fin de ajustar las propuestas de pol\u00edticas generales vinculadas al estilo educativo de Fasta.<\/p>\n\n\n\n<p>En relaci\u00f3n con el desarrollo econ\u00f3mico, la Direcci\u00f3n de Diversificaci\u00f3n e Inversiones y el Consejo de Desarrollo Econ\u00f3mico elaborar\u00e1n las pol\u00edticas de desarrollo de la Ciudad Miliciana a partir de los aportes de la Comunidad <em>\u201cDesarrollo Econ\u00f3mico y Empresarial de la Ciudad\u201d<\/em>, en di\u00e1logo con las obras de Fasta y las organizaciones asociadas.<\/p>\n\n\n\n<p>Asimismo, la Comunidad <em>\u201cLa Dimensi\u00f3n Organizacional\u201d<\/em>, junto a otros miembros que ser\u00e1n determinados por esta Presidencia, llevar\u00e1 adelante un proceso integral y participativo orientado a profundizar la identidad, los alcances y los modos de la Ciudad Miliciana, as\u00ed como a trazar un itinerario pedag\u00f3gico que permita crecer en su conciencia. Este camino incluir\u00e1 la reforma del Estatuto de Fasta, en di\u00e1logo con el Dicasterio para los Laicos, la Familia y la Vida.<\/p>\n\n\n\n<p>A partir de los aportes de la Comunidad <em>\u201cPol\u00edtica de Personas\u201d<\/em>, se establece como prioridad para este per\u00edodo profundizar una pol\u00edtica de personas. La Direcci\u00f3n General de Administraci\u00f3n y el Consejo de Desarrollo Econ\u00f3mico trabajar\u00e1n en el desarrollo de los programas y propuestas presentadas.<\/p>\n\n\n\n<p>Por \u00faltimo, la Secretar\u00eda General de Fasta y la Secretar\u00eda de Gesti\u00f3n Estrat\u00e9gica propondr\u00e1n \u00e1mbitos abiertos y participativos para recibir aportes y consultas sobre los avances del proceso. Asimismo, los Directores Generales del Movimiento, junto a la Direcci\u00f3n General de la Red Educativa y el Rectorado de la Universidad, arbitrar\u00e1n los medios necesarios para asegurar la adecuada comunicaci\u00f3n de estas definiciones en las comunidades, jurisdicciones y \u00e1mbitos educativos.<\/p>\n","protected":false},"excerpt":{"rendered":"<p>El Consejo Plenario 2025 present\u00f3 el documento con las conclusiones de la segunda etapa del Proceso So\u00f1emos Juntos el Futuro de la Ciudad. El texto recoge las lecturas, aportes y propuestas elaboradas por las comunidades durante las jornadas de discernimiento realizadas los d\u00edas 15 y 16 de noviembre, y complementa las l\u00edneas de desarrollo aprobadas [&hellip;]<\/p>\n","protected":false},"featured_media":0,"template":"","fuente_noticia":[],"categorias_noticia":[156],"origen_noticia":[69],"class_list":["post-2121398","noticias","type-noticias","status-publish","hentry","categorias_noticia-ciudad","origen_noticia-propia"],"acf":[],"yoast_head":"<!-- This site is optimized with the Yoast SEO plugin v27.4 - https:\/\/yoast.com\/product\/yoast-seo-wordpress\/ -->\n<title>Inicia una nueva etapa del Proceso So\u00f1emos Juntos - Fasta<\/title>\n<meta name=\"robots\" content=\"index, follow, max-snippet:-1, max-image-preview:large, max-video-preview:-1\" \/>\n<link rel=\"canonical\" href=\"https:\/\/www.fasta.org\/pt-br\/noticias\/inicia-una-nueva-etapa-del-proceso-sonemos-juntos\/\" \/>\n<meta property=\"og:locale\" content=\"pt_BR\" \/>\n<meta property=\"og:type\" content=\"article\" \/>\n<meta property=\"og:title\" content=\"Inicia una nueva etapa del Proceso So\u00f1emos Juntos - Fasta\" \/>\n<meta property=\"og:description\" content=\"El Consejo Plenario 2025 present\u00f3 el documento con las conclusiones de la segunda etapa del Proceso So\u00f1emos Juntos el Futuro de la Ciudad. El texto recoge las lecturas, aportes y propuestas elaboradas por las comunidades durante las jornadas de discernimiento realizadas los d\u00edas 15 y 16 de noviembre, y complementa las l\u00edneas de desarrollo aprobadas [&hellip;]\" \/>\n<meta property=\"og:url\" content=\"https:\/\/www.fasta.org\/pt-br\/noticias\/inicia-una-nueva-etapa-del-proceso-sonemos-juntos\/\" \/>\n<meta property=\"og:site_name\" content=\"Fasta\" \/>\n<meta property=\"article:publisher\" content=\"https:\/\/www.facebook.com\/MovimientoFasta\" \/>\n<meta property=\"article:modified_time\" content=\"2025-12-19T13:47:07+00:00\" \/>\n<meta property=\"og:image\" content=\"https:\/\/www.fasta.org\/wp-content\/uploads\/2025\/12\/Sonemos.webp\" \/>\n\t<meta property=\"og:image:width\" content=\"1500\" \/>\n\t<meta property=\"og:image:height\" content=\"901\" \/>\n\t<meta property=\"og:image:type\" content=\"image\/webp\" \/>\n<meta name=\"twitter:card\" content=\"summary_large_image\" \/>\n<meta name=\"twitter:label1\" content=\"Est. tempo de leitura\" \/>\n\t<meta name=\"twitter:data1\" content=\"4 minutos\" \/>\n<script type=\"application\/ld+json\" class=\"yoast-schema-graph\">{\"@context\":\"https:\\\/\\\/schema.org\",\"@graph\":[{\"@type\":\"WebPage\",\"@id\":\"https:\\\/\\\/www.fasta.org\\\/pt-br\\\/noticias\\\/inicia-una-nueva-etapa-del-proceso-sonemos-juntos\\\/\",\"url\":\"https:\\\/\\\/www.fasta.org\\\/pt-br\\\/noticias\\\/inicia-una-nueva-etapa-del-proceso-sonemos-juntos\\\/\",\"name\":\"Inicia una nueva etapa del Proceso So\u00f1emos Juntos - Fasta\",\"isPartOf\":{\"@id\":\"https:\\\/\\\/www.fasta.org\\\/pt-br\\\/#website\"},\"datePublished\":\"2025-12-19T13:47:01+00:00\",\"dateModified\":\"2025-12-19T13:47:07+00:00\",\"breadcrumb\":{\"@id\":\"https:\\\/\\\/www.fasta.org\\\/pt-br\\\/noticias\\\/inicia-una-nueva-etapa-del-proceso-sonemos-juntos\\\/#breadcrumb\"},\"inLanguage\":\"pt-BR\",\"potentialAction\":[{\"@type\":\"ReadAction\",\"target\":[\"https:\\\/\\\/www.fasta.org\\\/pt-br\\\/noticias\\\/inicia-una-nueva-etapa-del-proceso-sonemos-juntos\\\/\"]}]},{\"@type\":\"BreadcrumbList\",\"@id\":\"https:\\\/\\\/www.fasta.org\\\/pt-br\\\/noticias\\\/inicia-una-nueva-etapa-del-proceso-sonemos-juntos\\\/#breadcrumb\",\"itemListElement\":[{\"@type\":\"ListItem\",\"position\":1,\"name\":\"Portada\",\"item\":\"https:\\\/\\\/www.fasta.org\\\/pt-br\\\/\"},{\"@type\":\"ListItem\",\"position\":2,\"name\":\"Noticias\",\"item\":\"https:\\\/\\\/www.fasta.org\\\/pt-br\\\/noticias\\\/\"},{\"@type\":\"ListItem\",\"position\":3,\"name\":\"Inicia una nueva etapa del Proceso So\u00f1emos Juntos\"}]},{\"@type\":\"WebSite\",\"@id\":\"https:\\\/\\\/www.fasta.org\\\/pt-br\\\/#website\",\"url\":\"https:\\\/\\\/www.fasta.org\\\/pt-br\\\/\",\"name\":\"Fasta\",\"description\":\"Fraternidad de Agrupaciones Santo Tom\u00e1s de Aquino\",\"publisher\":{\"@id\":\"https:\\\/\\\/www.fasta.org\\\/pt-br\\\/#organization\"},\"potentialAction\":[{\"@type\":\"SearchAction\",\"target\":{\"@type\":\"EntryPoint\",\"urlTemplate\":\"https:\\\/\\\/www.fasta.org\\\/pt-br\\\/?s={search_term_string}\"},\"query-input\":{\"@type\":\"PropertyValueSpecification\",\"valueRequired\":true,\"valueName\":\"search_term_string\"}}],\"inLanguage\":\"pt-BR\"},{\"@type\":\"Organization\",\"@id\":\"https:\\\/\\\/www.fasta.org\\\/pt-br\\\/#organization\",\"name\":\"Fasta\",\"url\":\"https:\\\/\\\/www.fasta.org\\\/pt-br\\\/\",\"logo\":{\"@type\":\"ImageObject\",\"inLanguage\":\"pt-BR\",\"@id\":\"https:\\\/\\\/www.fasta.org\\\/pt-br\\\/#\\\/schema\\\/logo\\\/image\\\/\",\"url\":\"https:\\\/\\\/www.fasta.org\\\/wp-content\\\/uploads\\\/2021\\\/08\\\/Marca-Fasta.png\",\"contentUrl\":\"https:\\\/\\\/www.fasta.org\\\/wp-content\\\/uploads\\\/2021\\\/08\\\/Marca-Fasta.png\",\"width\":1595,\"height\":644,\"caption\":\"Fasta\"},\"image\":{\"@id\":\"https:\\\/\\\/www.fasta.org\\\/pt-br\\\/#\\\/schema\\\/logo\\\/image\\\/\"},\"sameAs\":[\"https:\\\/\\\/www.facebook.com\\\/MovimientoFasta\"]}]}<\/script>\n<!-- \/ Yoast SEO plugin. -->","yoast_head_json":{"title":"Inicia una nueva etapa del Proceso So\u00f1emos Juntos - Fasta","robots":{"index":"index","follow":"follow","max-snippet":"max-snippet:-1","max-image-preview":"max-image-preview:large","max-video-preview":"max-video-preview:-1"},"canonical":"https:\/\/www.fasta.org\/pt-br\/noticias\/inicia-una-nueva-etapa-del-proceso-sonemos-juntos\/","og_locale":"pt_BR","og_type":"article","og_title":"Inicia una nueva etapa del Proceso So\u00f1emos Juntos - Fasta","og_description":"El Consejo Plenario 2025 present\u00f3 el documento con las conclusiones de la segunda etapa del Proceso So\u00f1emos Juntos el Futuro de la Ciudad. El texto recoge las lecturas, aportes y propuestas elaboradas por las comunidades durante las jornadas de discernimiento realizadas los d\u00edas 15 y 16 de noviembre, y complementa las l\u00edneas de desarrollo aprobadas [&hellip;]","og_url":"https:\/\/www.fasta.org\/pt-br\/noticias\/inicia-una-nueva-etapa-del-proceso-sonemos-juntos\/","og_site_name":"Fasta","article_publisher":"https:\/\/www.facebook.com\/MovimientoFasta","article_modified_time":"2025-12-19T13:47:07+00:00","og_image":[{"width":1500,"height":901,"url":"https:\/\/www.fasta.org\/wp-content\/uploads\/2025\/12\/Sonemos.webp","type":"image\/webp"}],"twitter_card":"summary_large_image","twitter_misc":{"Est. tempo de leitura":"4 minutos"},"schema":{"@context":"https:\/\/schema.org","@graph":[{"@type":"WebPage","@id":"https:\/\/www.fasta.org\/pt-br\/noticias\/inicia-una-nueva-etapa-del-proceso-sonemos-juntos\/","url":"https:\/\/www.fasta.org\/pt-br\/noticias\/inicia-una-nueva-etapa-del-proceso-sonemos-juntos\/","name":"Inicia una nueva etapa del Proceso So\u00f1emos Juntos - Fasta","isPartOf":{"@id":"https:\/\/www.fasta.org\/pt-br\/#website"},"datePublished":"2025-12-19T13:47:01+00:00","dateModified":"2025-12-19T13:47:07+00:00","breadcrumb":{"@id":"https:\/\/www.fasta.org\/pt-br\/noticias\/inicia-una-nueva-etapa-del-proceso-sonemos-juntos\/#breadcrumb"},"inLanguage":"pt-BR","potentialAction":[{"@type":"ReadAction","target":["https:\/\/www.fasta.org\/pt-br\/noticias\/inicia-una-nueva-etapa-del-proceso-sonemos-juntos\/"]}]},{"@type":"BreadcrumbList","@id":"https:\/\/www.fasta.org\/pt-br\/noticias\/inicia-una-nueva-etapa-del-proceso-sonemos-juntos\/#breadcrumb","itemListElement":[{"@type":"ListItem","position":1,"name":"Portada","item":"https:\/\/www.fasta.org\/pt-br\/"},{"@type":"ListItem","position":2,"name":"Noticias","item":"https:\/\/www.fasta.org\/pt-br\/noticias\/"},{"@type":"ListItem","position":3,"name":"Inicia una nueva etapa del Proceso So\u00f1emos Juntos"}]},{"@type":"WebSite","@id":"https:\/\/www.fasta.org\/pt-br\/#website","url":"https:\/\/www.fasta.org\/pt-br\/","name":"Fasta","description":"Fraternidad de Agrupaciones Santo Tom\u00e1s de Aquino","publisher":{"@id":"https:\/\/www.fasta.org\/pt-br\/#organization"},"potentialAction":[{"@type":"SearchAction","target":{"@type":"EntryPoint","urlTemplate":"https:\/\/www.fasta.org\/pt-br\/?s={search_term_string}"},"query-input":{"@type":"PropertyValueSpecification","valueRequired":true,"valueName":"search_term_string"}}],"inLanguage":"pt-BR"},{"@type":"Organization","@id":"https:\/\/www.fasta.org\/pt-br\/#organization","name":"Fasta","url":"https:\/\/www.fasta.org\/pt-br\/","logo":{"@type":"ImageObject","inLanguage":"pt-BR","@id":"https:\/\/www.fasta.org\/pt-br\/#\/schema\/logo\/image\/","url":"https:\/\/www.fasta.org\/wp-content\/uploads\/2021\/08\/Marca-Fasta.png","contentUrl":"https:\/\/www.fasta.org\/wp-content\/uploads\/2021\/08\/Marca-Fasta.png","width":1595,"height":644,"caption":"Fasta"},"image":{"@id":"https:\/\/www.fasta.org\/pt-br\/#\/schema\/logo\/image\/"},"sameAs":["https:\/\/www.facebook.com\/MovimientoFasta"]}]}},"_links":{"self":[{"href":"https:\/\/www.fasta.org\/pt-br\/wp-json\/wp\/v2\/noticias\/2121398","targetHints":{"allow":["GET"]}}],"collection":[{"href":"https:\/\/www.fasta.org\/pt-br\/wp-json\/wp\/v2\/noticias"}],"about":[{"href":"https:\/\/www.fasta.org\/pt-br\/wp-json\/wp\/v2\/types\/noticias"}],"version-history":[{"count":1,"href":"https:\/\/www.fasta.org\/pt-br\/wp-json\/wp\/v2\/noticias\/2121398\/revisions"}],"predecessor-version":[{"id":2121408,"href":"https:\/\/www.fasta.org\/pt-br\/wp-json\/wp\/v2\/noticias\/2121398\/revisions\/2121408"}],"wp:attachment":[{"href":"https:\/\/www.fasta.org\/pt-br\/wp-json\/wp\/v2\/media?parent=2121398"}],"wp:term":[{"taxonomy":"fuente_noticia","embeddable":true,"href":"https:\/\/www.fasta.org\/pt-br\/wp-json\/wp\/v2\/fuente_noticia?post=2121398"},{"taxonomy":"categorias_noticia","embeddable":true,"href":"https:\/\/www.fasta.org\/pt-br\/wp-json\/wp\/v2\/categorias_noticia?post=2121398"},{"taxonomy":"origen_noticia","embeddable":true,"href":"https:\/\/www.fasta.org\/pt-br\/wp-json\/wp\/v2\/origen_noticia?post=2121398"}],"curies":[{"name":"wp","href":"https:\/\/api.w.org\/{rel}","templated":true}]}}