{"id":2041565,"date":"2025-11-07T10:22:15","date_gmt":"2025-11-07T13:22:15","guid":{"rendered":"https:\/\/www.fasta.org\/?post_type=noticias&#038;p=2041565"},"modified":"2025-11-07T10:22:18","modified_gmt":"2025-11-07T13:22:18","slug":"se-reunio-el-consejo-de-la-fraternidad-sacerdotal","status":"publish","type":"noticias","link":"https:\/\/www.fasta.org\/pt-br\/noticias\/se-reunio-el-consejo-de-la-fraternidad-sacerdotal\/","title":{"rendered":"Se reuni\u00f3 el Consejo de la Fraternidad Sacerdotal"},"content":{"rendered":"\n<p>El Consejo de la Fraternidad Apost\u00f3lica Sacerdotal Tom\u00e1s de Aquino es el \u00f3rgano m\u00e1ximo de gobierno de Fasta Sacerdotal, y todos los a\u00f1os debe ser convocado al menos en una oportunidad por el Regente.<\/p>\n\n\n\n<p>Las sesiones fueron abiertas por el Regente de la Fraternidad, el Pbro. Andr\u00e9s Quiroga, quien invit\u00f3 a reflexionar sobre la importancia que tiene \u00e9ste \u00f3rgano de gobierno y sus funciones para cumplir con la misi\u00f3n de velar por el bien com\u00fan tanto de la Fraternidad como de toda la Ciudad Miliciana.<\/p>\n\n\n\n<p>El Padre Presidente de Fasta, Pbro. C\u00e9sar Garc\u00e9s Rojas, expuso en la segunda sesi\u00f3n y abri\u00f3 el di\u00e1logo para profundizar sobre d\u00f3nde est\u00e1 Fasta, la Iglesia y el mundo hoy.&nbsp;<\/p>\n\n\n\n<p>En el cierre del Consejo el Padre Andr\u00e9s invit\u00f3 a iniciar un proceso de discernimiento en las Regionales Pastorales y Generaciones en vistas a que en el Consejo del 2026 se realizar\u00e1 la elecci\u00f3n del pr\u00f3ximo Regente de la Fraternidad Sacerdotal.<\/p>\n\n\n\n<p><strong>Presentaci\u00f3n de informes y revisi\u00f3n de pol\u00edticas<\/strong><\/p>\n\n\n\n<p>Durante la sesiones se presentaron los informes de los respectivos \u00f3rganos de gobierno y funciones de la Fraternidad, que son las Regiones Pastorales, Generaciones, Casa de Formaci\u00f3n, Administraci\u00f3n, Secretar\u00eda y Asesor\u00eda Can\u00f3nica; y de las asesor\u00edas sacerdotales de las Direcciones de la Fraternidad Laical.&nbsp;<\/p>\n\n\n\n<p>Tambi\u00e9n se trabajaron las pol\u00edticas aprobadas por el Consejo Plenario de la Fraternidad del a\u00f1o 2023 que se refer\u00edan a la formaci\u00f3n permanente de los sacerdotes, la casa de formaci\u00f3n, los \u00f3rganos de gobierno de la Fraternidad y la relaci\u00f3n de la Fraternidad con las di\u00f3cesis y la Fasta laica.<\/p>\n\n\n\n<p><strong>Espiritualidad y cuidado de la persona<\/strong><\/p>\n\n\n\n<p>Durante la reuni\u00f3n se inici\u00f3 un trabajo sobre la espiritualidad de Fasta partiendo del documento <em>\u201cLa dimensi\u00f3n de la espiritualidad antropol\u00f3gica y eclesial\u201d <\/em>elaborado por la columna 1 del proceso So\u00f1emos Juntos el Futuro de la Ciudad.<\/p>\n\n\n\n<p>En el marco de crear ambientes seguros y de la pol\u00edtica prioritaria de Fasta \u201cVos estis lux mundi\u201d se revis\u00f3 el C\u00f3digo de Conducta de la Fraternidad aprobado ad experimentum en el Consejo Plenario del a\u00f1o pasado.<\/p>\n","protected":false},"excerpt":{"rendered":"<p>El Consejo de la Fraternidad Apost\u00f3lica Sacerdotal Tom\u00e1s de Aquino es el \u00f3rgano m\u00e1ximo de gobierno de Fasta Sacerdotal, y todos los a\u00f1os debe ser convocado al menos en una oportunidad por el Regente. Las sesiones fueron abiertas por el Regente de la Fraternidad, el Pbro. Andr\u00e9s Quiroga, quien invit\u00f3 a reflexionar sobre la importancia [&hellip;]<\/p>\n","protected":false},"featured_media":2041572,"template":"","fuente_noticia":[],"categorias_noticia":[179],"origen_noticia":[69],"class_list":["post-2041565","noticias","type-noticias","status-publish","has-post-thumbnail","hentry","categorias_noticia-fraternidad-sacerdotal","origen_noticia-propia"],"acf":[],"yoast_head":"<!-- This site is optimized with the Yoast SEO plugin v27.4 - https:\/\/yoast.com\/product\/yoast-seo-wordpress\/ -->\n<title>Se reuni\u00f3 el Consejo de la Fraternidad Sacerdotal - Fasta<\/title>\n<meta name=\"robots\" content=\"index, follow, max-snippet:-1, max-image-preview:large, max-video-preview:-1\" \/>\n<link rel=\"canonical\" href=\"https:\/\/www.fasta.org\/pt-br\/noticias\/se-reunio-el-consejo-de-la-fraternidad-sacerdotal\/\" \/>\n<meta property=\"og:locale\" content=\"pt_BR\" \/>\n<meta property=\"og:type\" content=\"article\" \/>\n<meta property=\"og:title\" content=\"Se reuni\u00f3 el Consejo de la Fraternidad Sacerdotal - Fasta\" \/>\n<meta property=\"og:description\" content=\"El Consejo de la Fraternidad Apost\u00f3lica Sacerdotal Tom\u00e1s de Aquino es el \u00f3rgano m\u00e1ximo de gobierno de Fasta Sacerdotal, y todos los a\u00f1os debe ser convocado al menos en una oportunidad por el Regente. Las sesiones fueron abiertas por el Regente de la Fraternidad, el Pbro. Andr\u00e9s Quiroga, quien invit\u00f3 a reflexionar sobre la importancia [&hellip;]\" \/>\n<meta property=\"og:url\" content=\"https:\/\/www.fasta.org\/pt-br\/noticias\/se-reunio-el-consejo-de-la-fraternidad-sacerdotal\/\" \/>\n<meta property=\"og:site_name\" content=\"Fasta\" \/>\n<meta property=\"article:publisher\" content=\"https:\/\/www.facebook.com\/MovimientoFasta\" \/>\n<meta property=\"article:modified_time\" content=\"2025-11-07T13:22:18+00:00\" \/>\n<meta property=\"og:image\" content=\"https:\/\/www.fasta.org\/wp-content\/uploads\/2025\/11\/sacerdotes.webp\" \/>\n\t<meta property=\"og:image:width\" content=\"1500\" \/>\n\t<meta property=\"og:image:height\" content=\"901\" \/>\n\t<meta property=\"og:image:type\" content=\"image\/webp\" \/>\n<meta name=\"twitter:card\" content=\"summary_large_image\" \/>\n<meta name=\"twitter:label1\" content=\"Est. tempo de leitura\" \/>\n\t<meta name=\"twitter:data1\" content=\"3 minutos\" \/>\n<script type=\"application\/ld+json\" class=\"yoast-schema-graph\">{\"@context\":\"https:\\\/\\\/schema.org\",\"@graph\":[{\"@type\":\"WebPage\",\"@id\":\"https:\\\/\\\/www.fasta.org\\\/pt-br\\\/noticias\\\/se-reunio-el-consejo-de-la-fraternidad-sacerdotal\\\/\",\"url\":\"https:\\\/\\\/www.fasta.org\\\/pt-br\\\/noticias\\\/se-reunio-el-consejo-de-la-fraternidad-sacerdotal\\\/\",\"name\":\"Se reuni\u00f3 el Consejo de la Fraternidad Sacerdotal - Fasta\",\"isPartOf\":{\"@id\":\"https:\\\/\\\/www.fasta.org\\\/pt-br\\\/#website\"},\"primaryImageOfPage\":{\"@id\":\"https:\\\/\\\/www.fasta.org\\\/pt-br\\\/noticias\\\/se-reunio-el-consejo-de-la-fraternidad-sacerdotal\\\/#primaryimage\"},\"image\":{\"@id\":\"https:\\\/\\\/www.fasta.org\\\/pt-br\\\/noticias\\\/se-reunio-el-consejo-de-la-fraternidad-sacerdotal\\\/#primaryimage\"},\"thumbnailUrl\":\"https:\\\/\\\/www.fasta.org\\\/wp-content\\\/uploads\\\/2025\\\/11\\\/sacerdotes.webp\",\"datePublished\":\"2025-11-07T13:22:15+00:00\",\"dateModified\":\"2025-11-07T13:22:18+00:00\",\"breadcrumb\":{\"@id\":\"https:\\\/\\\/www.fasta.org\\\/pt-br\\\/noticias\\\/se-reunio-el-consejo-de-la-fraternidad-sacerdotal\\\/#breadcrumb\"},\"inLanguage\":\"pt-BR\",\"potentialAction\":[{\"@type\":\"ReadAction\",\"target\":[\"https:\\\/\\\/www.fasta.org\\\/pt-br\\\/noticias\\\/se-reunio-el-consejo-de-la-fraternidad-sacerdotal\\\/\"]}]},{\"@type\":\"ImageObject\",\"inLanguage\":\"pt-BR\",\"@id\":\"https:\\\/\\\/www.fasta.org\\\/pt-br\\\/noticias\\\/se-reunio-el-consejo-de-la-fraternidad-sacerdotal\\\/#primaryimage\",\"url\":\"https:\\\/\\\/www.fasta.org\\\/wp-content\\\/uploads\\\/2025\\\/11\\\/sacerdotes.webp\",\"contentUrl\":\"https:\\\/\\\/www.fasta.org\\\/wp-content\\\/uploads\\\/2025\\\/11\\\/sacerdotes.webp\",\"width\":1500,\"height\":901},{\"@type\":\"BreadcrumbList\",\"@id\":\"https:\\\/\\\/www.fasta.org\\\/pt-br\\\/noticias\\\/se-reunio-el-consejo-de-la-fraternidad-sacerdotal\\\/#breadcrumb\",\"itemListElement\":[{\"@type\":\"ListItem\",\"position\":1,\"name\":\"Portada\",\"item\":\"https:\\\/\\\/www.fasta.org\\\/pt-br\\\/\"},{\"@type\":\"ListItem\",\"position\":2,\"name\":\"Noticias\",\"item\":\"https:\\\/\\\/www.fasta.org\\\/pt-br\\\/noticias\\\/\"},{\"@type\":\"ListItem\",\"position\":3,\"name\":\"Se reuni\u00f3 el Consejo de la Fraternidad Sacerdotal\"}]},{\"@type\":\"WebSite\",\"@id\":\"https:\\\/\\\/www.fasta.org\\\/pt-br\\\/#website\",\"url\":\"https:\\\/\\\/www.fasta.org\\\/pt-br\\\/\",\"name\":\"Fasta\",\"description\":\"Fraternidad de Agrupaciones Santo Tom\u00e1s de Aquino\",\"publisher\":{\"@id\":\"https:\\\/\\\/www.fasta.org\\\/pt-br\\\/#organization\"},\"potentialAction\":[{\"@type\":\"SearchAction\",\"target\":{\"@type\":\"EntryPoint\",\"urlTemplate\":\"https:\\\/\\\/www.fasta.org\\\/pt-br\\\/?s={search_term_string}\"},\"query-input\":{\"@type\":\"PropertyValueSpecification\",\"valueRequired\":true,\"valueName\":\"search_term_string\"}}],\"inLanguage\":\"pt-BR\"},{\"@type\":\"Organization\",\"@id\":\"https:\\\/\\\/www.fasta.org\\\/pt-br\\\/#organization\",\"name\":\"Fasta\",\"url\":\"https:\\\/\\\/www.fasta.org\\\/pt-br\\\/\",\"logo\":{\"@type\":\"ImageObject\",\"inLanguage\":\"pt-BR\",\"@id\":\"https:\\\/\\\/www.fasta.org\\\/pt-br\\\/#\\\/schema\\\/logo\\\/image\\\/\",\"url\":\"https:\\\/\\\/www.fasta.org\\\/wp-content\\\/uploads\\\/2021\\\/08\\\/Marca-Fasta.png\",\"contentUrl\":\"https:\\\/\\\/www.fasta.org\\\/wp-content\\\/uploads\\\/2021\\\/08\\\/Marca-Fasta.png\",\"width\":1595,\"height\":644,\"caption\":\"Fasta\"},\"image\":{\"@id\":\"https:\\\/\\\/www.fasta.org\\\/pt-br\\\/#\\\/schema\\\/logo\\\/image\\\/\"},\"sameAs\":[\"https:\\\/\\\/www.facebook.com\\\/MovimientoFasta\"]}]}<\/script>\n<!-- \/ Yoast SEO plugin. -->","yoast_head_json":{"title":"Se reuni\u00f3 el Consejo de la Fraternidad Sacerdotal - Fasta","robots":{"index":"index","follow":"follow","max-snippet":"max-snippet:-1","max-image-preview":"max-image-preview:large","max-video-preview":"max-video-preview:-1"},"canonical":"https:\/\/www.fasta.org\/pt-br\/noticias\/se-reunio-el-consejo-de-la-fraternidad-sacerdotal\/","og_locale":"pt_BR","og_type":"article","og_title":"Se reuni\u00f3 el Consejo de la Fraternidad Sacerdotal - Fasta","og_description":"El Consejo de la Fraternidad Apost\u00f3lica Sacerdotal Tom\u00e1s de Aquino es el \u00f3rgano m\u00e1ximo de gobierno de Fasta Sacerdotal, y todos los a\u00f1os debe ser convocado al menos en una oportunidad por el Regente. Las sesiones fueron abiertas por el Regente de la Fraternidad, el Pbro. Andr\u00e9s Quiroga, quien invit\u00f3 a reflexionar sobre la importancia [&hellip;]","og_url":"https:\/\/www.fasta.org\/pt-br\/noticias\/se-reunio-el-consejo-de-la-fraternidad-sacerdotal\/","og_site_name":"Fasta","article_publisher":"https:\/\/www.facebook.com\/MovimientoFasta","article_modified_time":"2025-11-07T13:22:18+00:00","og_image":[{"width":1500,"height":901,"url":"https:\/\/www.fasta.org\/wp-content\/uploads\/2025\/11\/sacerdotes.webp","type":"image\/webp"}],"twitter_card":"summary_large_image","twitter_misc":{"Est. tempo de leitura":"3 minutos"},"schema":{"@context":"https:\/\/schema.org","@graph":[{"@type":"WebPage","@id":"https:\/\/www.fasta.org\/pt-br\/noticias\/se-reunio-el-consejo-de-la-fraternidad-sacerdotal\/","url":"https:\/\/www.fasta.org\/pt-br\/noticias\/se-reunio-el-consejo-de-la-fraternidad-sacerdotal\/","name":"Se reuni\u00f3 el Consejo de la Fraternidad Sacerdotal - Fasta","isPartOf":{"@id":"https:\/\/www.fasta.org\/pt-br\/#website"},"primaryImageOfPage":{"@id":"https:\/\/www.fasta.org\/pt-br\/noticias\/se-reunio-el-consejo-de-la-fraternidad-sacerdotal\/#primaryimage"},"image":{"@id":"https:\/\/www.fasta.org\/pt-br\/noticias\/se-reunio-el-consejo-de-la-fraternidad-sacerdotal\/#primaryimage"},"thumbnailUrl":"https:\/\/www.fasta.org\/wp-content\/uploads\/2025\/11\/sacerdotes.webp","datePublished":"2025-11-07T13:22:15+00:00","dateModified":"2025-11-07T13:22:18+00:00","breadcrumb":{"@id":"https:\/\/www.fasta.org\/pt-br\/noticias\/se-reunio-el-consejo-de-la-fraternidad-sacerdotal\/#breadcrumb"},"inLanguage":"pt-BR","potentialAction":[{"@type":"ReadAction","target":["https:\/\/www.fasta.org\/pt-br\/noticias\/se-reunio-el-consejo-de-la-fraternidad-sacerdotal\/"]}]},{"@type":"ImageObject","inLanguage":"pt-BR","@id":"https:\/\/www.fasta.org\/pt-br\/noticias\/se-reunio-el-consejo-de-la-fraternidad-sacerdotal\/#primaryimage","url":"https:\/\/www.fasta.org\/wp-content\/uploads\/2025\/11\/sacerdotes.webp","contentUrl":"https:\/\/www.fasta.org\/wp-content\/uploads\/2025\/11\/sacerdotes.webp","width":1500,"height":901},{"@type":"BreadcrumbList","@id":"https:\/\/www.fasta.org\/pt-br\/noticias\/se-reunio-el-consejo-de-la-fraternidad-sacerdotal\/#breadcrumb","itemListElement":[{"@type":"ListItem","position":1,"name":"Portada","item":"https:\/\/www.fasta.org\/pt-br\/"},{"@type":"ListItem","position":2,"name":"Noticias","item":"https:\/\/www.fasta.org\/pt-br\/noticias\/"},{"@type":"ListItem","position":3,"name":"Se reuni\u00f3 el Consejo de la Fraternidad Sacerdotal"}]},{"@type":"WebSite","@id":"https:\/\/www.fasta.org\/pt-br\/#website","url":"https:\/\/www.fasta.org\/pt-br\/","name":"Fasta","description":"Fraternidad de Agrupaciones Santo Tom\u00e1s de Aquino","publisher":{"@id":"https:\/\/www.fasta.org\/pt-br\/#organization"},"potentialAction":[{"@type":"SearchAction","target":{"@type":"EntryPoint","urlTemplate":"https:\/\/www.fasta.org\/pt-br\/?s={search_term_string}"},"query-input":{"@type":"PropertyValueSpecification","valueRequired":true,"valueName":"search_term_string"}}],"inLanguage":"pt-BR"},{"@type":"Organization","@id":"https:\/\/www.fasta.org\/pt-br\/#organization","name":"Fasta","url":"https:\/\/www.fasta.org\/pt-br\/","logo":{"@type":"ImageObject","inLanguage":"pt-BR","@id":"https:\/\/www.fasta.org\/pt-br\/#\/schema\/logo\/image\/","url":"https:\/\/www.fasta.org\/wp-content\/uploads\/2021\/08\/Marca-Fasta.png","contentUrl":"https:\/\/www.fasta.org\/wp-content\/uploads\/2021\/08\/Marca-Fasta.png","width":1595,"height":644,"caption":"Fasta"},"image":{"@id":"https:\/\/www.fasta.org\/pt-br\/#\/schema\/logo\/image\/"},"sameAs":["https:\/\/www.facebook.com\/MovimientoFasta"]}]}},"_links":{"self":[{"href":"https:\/\/www.fasta.org\/pt-br\/wp-json\/wp\/v2\/noticias\/2041565","targetHints":{"allow":["GET"]}}],"collection":[{"href":"https:\/\/www.fasta.org\/pt-br\/wp-json\/wp\/v2\/noticias"}],"about":[{"href":"https:\/\/www.fasta.org\/pt-br\/wp-json\/wp\/v2\/types\/noticias"}],"version-history":[{"count":1,"href":"https:\/\/www.fasta.org\/pt-br\/wp-json\/wp\/v2\/noticias\/2041565\/revisions"}],"predecessor-version":[{"id":2041587,"href":"https:\/\/www.fasta.org\/pt-br\/wp-json\/wp\/v2\/noticias\/2041565\/revisions\/2041587"}],"wp:featuredmedia":[{"embeddable":true,"href":"https:\/\/www.fasta.org\/pt-br\/wp-json\/wp\/v2\/media\/2041572"}],"wp:attachment":[{"href":"https:\/\/www.fasta.org\/pt-br\/wp-json\/wp\/v2\/media?parent=2041565"}],"wp:term":[{"taxonomy":"fuente_noticia","embeddable":true,"href":"https:\/\/www.fasta.org\/pt-br\/wp-json\/wp\/v2\/fuente_noticia?post=2041565"},{"taxonomy":"categorias_noticia","embeddable":true,"href":"https:\/\/www.fasta.org\/pt-br\/wp-json\/wp\/v2\/categorias_noticia?post=2041565"},{"taxonomy":"origen_noticia","embeddable":true,"href":"https:\/\/www.fasta.org\/pt-br\/wp-json\/wp\/v2\/origen_noticia?post=2041565"}],"curies":[{"name":"wp","href":"https:\/\/api.w.org\/{rel}","templated":true}]}}