{"id":1903672,"date":"2025-08-24T20:20:27","date_gmt":"2025-08-24T23:20:27","guid":{"rendered":"https:\/\/www.fasta.org\/?post_type=noticias&#038;p=1903672"},"modified":"2025-08-24T20:20:29","modified_gmt":"2025-08-24T23:20:29","slug":"accion-de-gracias-por-los-40-anos-de-la-fraternidad-sacerdotal","status":"publish","type":"noticias","link":"https:\/\/www.fasta.org\/pt-br\/noticias\/accion-de-gracias-por-los-40-anos-de-la-fraternidad-sacerdotal\/","title":{"rendered":"Acci\u00f3n de gracias por los 40 a\u00f1os de la Fraternidad Sacerdotal"},"content":{"rendered":"\n<p>El domingo 24 de agosto, a las 18 horas, se celebr\u00f3 en la capilla del Colegio Fasta Catherina (Soler 5942, Buenos Aires) la Santa Misa en acci\u00f3n de gracias por el 40\u00ba aniversario de la Fraternidad Sacerdotal.<\/p>\n\n\n\n<p>La Eucarist\u00eda fue presidida por Mons. Jorge Ignacio Garc\u00eda Cuerva, Arzobispo de Buenos Aires, y concelebrada por Mons. Alejandro Daniel Pardo, Obispo Auxiliar de Buenos Aires; el Pbro. C\u00e9sar Garc\u00e9s Rojas, Presidente de Fasta; el Pbro. Andr\u00e9s Quiroga Ramella, Regente de la Fraternidad Sacerdotal; y los sacerdotes de Fasta. Participaron adem\u00e1s los seminaristas, las Catherinas y miembros de la Fraternidad Laical de distintas jurisdicciones de Argentina.<\/p>\n\n\n\n<p>En el Evangelio del d\u00eda (Lc 13, 22-30), Jes\u00fas invitaba a \u201cesforzarse por entrar por la puerta estrecha\u201d. En su homil\u00eda, Mons. Garc\u00eda Cuerva explic\u00f3 que esa imagen no busca excluir, sino invitar a aligerar el \u201cequipaje del coraz\u00f3n\u201d:<\/p>\n\n\n\n<blockquote class=\"wp-block-quote is-layout-flow wp-block-quote-is-layout-flow\">\n<p><em>\u201cMuchas veces vamos cargados de orgullos, rencores, prestigios o medallas que nos hacen pesados de equipaje. Jes\u00fas nos pide entrar por la puerta estrecha, que es \u00c9l mismo, y para eso tenemos que hacernos m\u00e1s sencillos\u201d.<\/em><\/p>\n<\/blockquote>\n\n\n\n<p>El Arzobispo tambi\u00e9n record\u00f3 que el mensaje de Dios es universal, abierto a todos: \u201cEl coraz\u00f3n de Dios es gigante y en su Reino hay lugar para todos\u201d. Y concluy\u00f3 su pr\u00e9dica con un mensaje especial a los sacerdotes de Fasta y al Pbro. Gabriel Filipe, ordenado el d\u00eda anterior:<\/p>\n\n\n\n<blockquote class=\"wp-block-quote is-layout-flow wp-block-quote-is-layout-flow\">\n<p><em>\u201cUna vez m\u00e1s, gracias hermanos sacerdotes, gracias a todos ustedes, muchas gracias por lo que hacen en la Arquidi\u00f3cesis y tambi\u00e9n en otros lugares. Miren a Gabriel, necesitamos curas con empuje, que se coman la cancha. Reci\u00e9n empez\u00e1s, as\u00ed que dale para adelante.\u201d<\/em><\/p>\n<\/blockquote>\n\n\n\n<p>Al finalizar la Misa, el regente de la Fraternidad Sacerdotal, Pbro. Andr\u00e9s Quiroga Ramella, dirigi\u00f3 unas palabras de agradecimiento, en nombre de toda la Fraternidad, a los sacerdotes, a las Catherinas por su oraci\u00f3n, al seminario, al coro de la celebraci\u00f3n y a los laicos que acompa\u00f1an y sostienen este camino compartido a lo largo de estos 40 a\u00f1os.<\/p>\n\n\n\n<figure class=\"wp-block-image size-large\"><img fetchpriority=\"high\" decoding=\"async\" width=\"1024\" height=\"425\" src=\"https:\/\/www.fasta.org\/wp-content\/uploads\/2025\/08\/grupal-1024x425.webp\" alt=\"\" class=\"wp-image-1903742\" srcset=\"https:\/\/www.fasta.org\/wp-content\/uploads\/2025\/08\/grupal-1024x425.webp 1024w, https:\/\/www.fasta.org\/wp-content\/uploads\/2025\/08\/grupal-300x125.webp 300w, https:\/\/www.fasta.org\/wp-content\/uploads\/2025\/08\/grupal-768x319.webp 768w, https:\/\/www.fasta.org\/wp-content\/uploads\/2025\/08\/grupal-150x62.webp 150w, https:\/\/www.fasta.org\/wp-content\/uploads\/2025\/08\/grupal.webp 1420w\" sizes=\"(max-width: 1024px) 100vw, 1024px\" \/><\/figure>\n","protected":false},"excerpt":{"rendered":"<p>El domingo 24 de agosto, a las 18 horas, se celebr\u00f3 en la capilla del Colegio Fasta Catherina (Soler 5942, Buenos Aires) la Santa Misa en acci\u00f3n de gracias por el 40\u00ba aniversario de la Fraternidad Sacerdotal. La Eucarist\u00eda fue presidida por Mons. Jorge Ignacio Garc\u00eda Cuerva, Arzobispo de Buenos Aires, y concelebrada por Mons. [&hellip;]<\/p>\n","protected":false},"featured_media":1903746,"template":"","fuente_noticia":[],"categorias_noticia":[179],"origen_noticia":[69],"class_list":["post-1903672","noticias","type-noticias","status-publish","has-post-thumbnail","hentry","categorias_noticia-fraternidad-sacerdotal","origen_noticia-propia"],"acf":[],"yoast_head":"<!-- This site is optimized with the Yoast SEO plugin v27.4 - https:\/\/yoast.com\/product\/yoast-seo-wordpress\/ -->\n<title>Acci\u00f3n de gracias por los 40 a\u00f1os de la Fraternidad Sacerdotal - Fasta<\/title>\n<meta name=\"description\" content=\"En una misa presidida por Mons. Jorge Garc\u00eda Cuerva, la Ciudad dio gracias a Dios por los Sacerdotes de Fasta en estos 40 a\u00f1os.\" \/>\n<meta name=\"robots\" content=\"index, follow, max-snippet:-1, max-image-preview:large, max-video-preview:-1\" \/>\n<link rel=\"canonical\" href=\"https:\/\/www.fasta.org\/pt-br\/noticias\/accion-de-gracias-por-los-40-anos-de-la-fraternidad-sacerdotal\/\" \/>\n<meta property=\"og:locale\" content=\"pt_BR\" \/>\n<meta property=\"og:type\" content=\"article\" \/>\n<meta property=\"og:title\" content=\"Acci\u00f3n de gracias por los 40 a\u00f1os de la Fraternidad Sacerdotal - Fasta\" \/>\n<meta property=\"og:description\" content=\"En una misa presidida por Mons. Jorge Garc\u00eda Cuerva, la Ciudad dio gracias a Dios por los Sacerdotes de Fasta en estos 40 a\u00f1os.\" \/>\n<meta property=\"og:url\" content=\"https:\/\/www.fasta.org\/pt-br\/noticias\/accion-de-gracias-por-los-40-anos-de-la-fraternidad-sacerdotal\/\" \/>\n<meta property=\"og:site_name\" content=\"Fasta\" \/>\n<meta property=\"article:publisher\" content=\"https:\/\/www.facebook.com\/MovimientoFasta\" \/>\n<meta property=\"article:modified_time\" content=\"2025-08-24T23:20:29+00:00\" \/>\n<meta property=\"og:image\" content=\"https:\/\/www.fasta.org\/wp-content\/uploads\/2025\/08\/monsenor.webp\" \/>\n\t<meta property=\"og:image:width\" content=\"1350\" \/>\n\t<meta property=\"og:image:height\" content=\"811\" \/>\n\t<meta property=\"og:image:type\" content=\"image\/webp\" \/>\n<meta name=\"twitter:card\" content=\"summary_large_image\" \/>\n<meta name=\"twitter:label1\" content=\"Est. tempo de leitura\" \/>\n\t<meta name=\"twitter:data1\" content=\"2 minutos\" \/>\n<script type=\"application\/ld+json\" class=\"yoast-schema-graph\">{\"@context\":\"https:\\\/\\\/schema.org\",\"@graph\":[{\"@type\":\"WebPage\",\"@id\":\"https:\\\/\\\/www.fasta.org\\\/pt-br\\\/noticias\\\/accion-de-gracias-por-los-40-anos-de-la-fraternidad-sacerdotal\\\/\",\"url\":\"https:\\\/\\\/www.fasta.org\\\/pt-br\\\/noticias\\\/accion-de-gracias-por-los-40-anos-de-la-fraternidad-sacerdotal\\\/\",\"name\":\"Acci\u00f3n de gracias por los 40 a\u00f1os de la Fraternidad Sacerdotal - Fasta\",\"isPartOf\":{\"@id\":\"https:\\\/\\\/www.fasta.org\\\/pt-br\\\/#website\"},\"primaryImageOfPage\":{\"@id\":\"https:\\\/\\\/www.fasta.org\\\/pt-br\\\/noticias\\\/accion-de-gracias-por-los-40-anos-de-la-fraternidad-sacerdotal\\\/#primaryimage\"},\"image\":{\"@id\":\"https:\\\/\\\/www.fasta.org\\\/pt-br\\\/noticias\\\/accion-de-gracias-por-los-40-anos-de-la-fraternidad-sacerdotal\\\/#primaryimage\"},\"thumbnailUrl\":\"https:\\\/\\\/www.fasta.org\\\/wp-content\\\/uploads\\\/2025\\\/08\\\/monsenor.webp\",\"datePublished\":\"2025-08-24T23:20:27+00:00\",\"dateModified\":\"2025-08-24T23:20:29+00:00\",\"description\":\"En una misa presidida por Mons. Jorge Garc\u00eda Cuerva, la Ciudad dio gracias a Dios por los Sacerdotes de Fasta en estos 40 a\u00f1os.\",\"breadcrumb\":{\"@id\":\"https:\\\/\\\/www.fasta.org\\\/pt-br\\\/noticias\\\/accion-de-gracias-por-los-40-anos-de-la-fraternidad-sacerdotal\\\/#breadcrumb\"},\"inLanguage\":\"pt-BR\",\"potentialAction\":[{\"@type\":\"ReadAction\",\"target\":[\"https:\\\/\\\/www.fasta.org\\\/pt-br\\\/noticias\\\/accion-de-gracias-por-los-40-anos-de-la-fraternidad-sacerdotal\\\/\"]}]},{\"@type\":\"ImageObject\",\"inLanguage\":\"pt-BR\",\"@id\":\"https:\\\/\\\/www.fasta.org\\\/pt-br\\\/noticias\\\/accion-de-gracias-por-los-40-anos-de-la-fraternidad-sacerdotal\\\/#primaryimage\",\"url\":\"https:\\\/\\\/www.fasta.org\\\/wp-content\\\/uploads\\\/2025\\\/08\\\/monsenor.webp\",\"contentUrl\":\"https:\\\/\\\/www.fasta.org\\\/wp-content\\\/uploads\\\/2025\\\/08\\\/monsenor.webp\",\"width\":1350,\"height\":811},{\"@type\":\"BreadcrumbList\",\"@id\":\"https:\\\/\\\/www.fasta.org\\\/pt-br\\\/noticias\\\/accion-de-gracias-por-los-40-anos-de-la-fraternidad-sacerdotal\\\/#breadcrumb\",\"itemListElement\":[{\"@type\":\"ListItem\",\"position\":1,\"name\":\"Portada\",\"item\":\"https:\\\/\\\/www.fasta.org\\\/pt-br\\\/\"},{\"@type\":\"ListItem\",\"position\":2,\"name\":\"Noticias\",\"item\":\"https:\\\/\\\/www.fasta.org\\\/pt-br\\\/noticias\\\/\"},{\"@type\":\"ListItem\",\"position\":3,\"name\":\"Acci\u00f3n de gracias por los 40 a\u00f1os de la Fraternidad Sacerdotal\"}]},{\"@type\":\"WebSite\",\"@id\":\"https:\\\/\\\/www.fasta.org\\\/pt-br\\\/#website\",\"url\":\"https:\\\/\\\/www.fasta.org\\\/pt-br\\\/\",\"name\":\"Fasta\",\"description\":\"Fraternidad de Agrupaciones Santo Tom\u00e1s de Aquino\",\"publisher\":{\"@id\":\"https:\\\/\\\/www.fasta.org\\\/pt-br\\\/#organization\"},\"potentialAction\":[{\"@type\":\"SearchAction\",\"target\":{\"@type\":\"EntryPoint\",\"urlTemplate\":\"https:\\\/\\\/www.fasta.org\\\/pt-br\\\/?s={search_term_string}\"},\"query-input\":{\"@type\":\"PropertyValueSpecification\",\"valueRequired\":true,\"valueName\":\"search_term_string\"}}],\"inLanguage\":\"pt-BR\"},{\"@type\":\"Organization\",\"@id\":\"https:\\\/\\\/www.fasta.org\\\/pt-br\\\/#organization\",\"name\":\"Fasta\",\"url\":\"https:\\\/\\\/www.fasta.org\\\/pt-br\\\/\",\"logo\":{\"@type\":\"ImageObject\",\"inLanguage\":\"pt-BR\",\"@id\":\"https:\\\/\\\/www.fasta.org\\\/pt-br\\\/#\\\/schema\\\/logo\\\/image\\\/\",\"url\":\"https:\\\/\\\/www.fasta.org\\\/wp-content\\\/uploads\\\/2021\\\/08\\\/Marca-Fasta.png\",\"contentUrl\":\"https:\\\/\\\/www.fasta.org\\\/wp-content\\\/uploads\\\/2021\\\/08\\\/Marca-Fasta.png\",\"width\":1595,\"height\":644,\"caption\":\"Fasta\"},\"image\":{\"@id\":\"https:\\\/\\\/www.fasta.org\\\/pt-br\\\/#\\\/schema\\\/logo\\\/image\\\/\"},\"sameAs\":[\"https:\\\/\\\/www.facebook.com\\\/MovimientoFasta\"]}]}<\/script>\n<!-- \/ Yoast SEO plugin. -->","yoast_head_json":{"title":"Acci\u00f3n de gracias por los 40 a\u00f1os de la Fraternidad Sacerdotal - Fasta","description":"En una misa presidida por Mons. Jorge Garc\u00eda Cuerva, la Ciudad dio gracias a Dios por los Sacerdotes de Fasta en estos 40 a\u00f1os.","robots":{"index":"index","follow":"follow","max-snippet":"max-snippet:-1","max-image-preview":"max-image-preview:large","max-video-preview":"max-video-preview:-1"},"canonical":"https:\/\/www.fasta.org\/pt-br\/noticias\/accion-de-gracias-por-los-40-anos-de-la-fraternidad-sacerdotal\/","og_locale":"pt_BR","og_type":"article","og_title":"Acci\u00f3n de gracias por los 40 a\u00f1os de la Fraternidad Sacerdotal - Fasta","og_description":"En una misa presidida por Mons. Jorge Garc\u00eda Cuerva, la Ciudad dio gracias a Dios por los Sacerdotes de Fasta en estos 40 a\u00f1os.","og_url":"https:\/\/www.fasta.org\/pt-br\/noticias\/accion-de-gracias-por-los-40-anos-de-la-fraternidad-sacerdotal\/","og_site_name":"Fasta","article_publisher":"https:\/\/www.facebook.com\/MovimientoFasta","article_modified_time":"2025-08-24T23:20:29+00:00","og_image":[{"width":1350,"height":811,"url":"https:\/\/www.fasta.org\/wp-content\/uploads\/2025\/08\/monsenor.webp","type":"image\/webp"}],"twitter_card":"summary_large_image","twitter_misc":{"Est. tempo de leitura":"2 minutos"},"schema":{"@context":"https:\/\/schema.org","@graph":[{"@type":"WebPage","@id":"https:\/\/www.fasta.org\/pt-br\/noticias\/accion-de-gracias-por-los-40-anos-de-la-fraternidad-sacerdotal\/","url":"https:\/\/www.fasta.org\/pt-br\/noticias\/accion-de-gracias-por-los-40-anos-de-la-fraternidad-sacerdotal\/","name":"Acci\u00f3n de gracias por los 40 a\u00f1os de la Fraternidad Sacerdotal - Fasta","isPartOf":{"@id":"https:\/\/www.fasta.org\/pt-br\/#website"},"primaryImageOfPage":{"@id":"https:\/\/www.fasta.org\/pt-br\/noticias\/accion-de-gracias-por-los-40-anos-de-la-fraternidad-sacerdotal\/#primaryimage"},"image":{"@id":"https:\/\/www.fasta.org\/pt-br\/noticias\/accion-de-gracias-por-los-40-anos-de-la-fraternidad-sacerdotal\/#primaryimage"},"thumbnailUrl":"https:\/\/www.fasta.org\/wp-content\/uploads\/2025\/08\/monsenor.webp","datePublished":"2025-08-24T23:20:27+00:00","dateModified":"2025-08-24T23:20:29+00:00","description":"En una misa presidida por Mons. Jorge Garc\u00eda Cuerva, la Ciudad dio gracias a Dios por los Sacerdotes de Fasta en estos 40 a\u00f1os.","breadcrumb":{"@id":"https:\/\/www.fasta.org\/pt-br\/noticias\/accion-de-gracias-por-los-40-anos-de-la-fraternidad-sacerdotal\/#breadcrumb"},"inLanguage":"pt-BR","potentialAction":[{"@type":"ReadAction","target":["https:\/\/www.fasta.org\/pt-br\/noticias\/accion-de-gracias-por-los-40-anos-de-la-fraternidad-sacerdotal\/"]}]},{"@type":"ImageObject","inLanguage":"pt-BR","@id":"https:\/\/www.fasta.org\/pt-br\/noticias\/accion-de-gracias-por-los-40-anos-de-la-fraternidad-sacerdotal\/#primaryimage","url":"https:\/\/www.fasta.org\/wp-content\/uploads\/2025\/08\/monsenor.webp","contentUrl":"https:\/\/www.fasta.org\/wp-content\/uploads\/2025\/08\/monsenor.webp","width":1350,"height":811},{"@type":"BreadcrumbList","@id":"https:\/\/www.fasta.org\/pt-br\/noticias\/accion-de-gracias-por-los-40-anos-de-la-fraternidad-sacerdotal\/#breadcrumb","itemListElement":[{"@type":"ListItem","position":1,"name":"Portada","item":"https:\/\/www.fasta.org\/pt-br\/"},{"@type":"ListItem","position":2,"name":"Noticias","item":"https:\/\/www.fasta.org\/pt-br\/noticias\/"},{"@type":"ListItem","position":3,"name":"Acci\u00f3n de gracias por los 40 a\u00f1os de la Fraternidad Sacerdotal"}]},{"@type":"WebSite","@id":"https:\/\/www.fasta.org\/pt-br\/#website","url":"https:\/\/www.fasta.org\/pt-br\/","name":"Fasta","description":"Fraternidad de Agrupaciones Santo Tom\u00e1s de Aquino","publisher":{"@id":"https:\/\/www.fasta.org\/pt-br\/#organization"},"potentialAction":[{"@type":"SearchAction","target":{"@type":"EntryPoint","urlTemplate":"https:\/\/www.fasta.org\/pt-br\/?s={search_term_string}"},"query-input":{"@type":"PropertyValueSpecification","valueRequired":true,"valueName":"search_term_string"}}],"inLanguage":"pt-BR"},{"@type":"Organization","@id":"https:\/\/www.fasta.org\/pt-br\/#organization","name":"Fasta","url":"https:\/\/www.fasta.org\/pt-br\/","logo":{"@type":"ImageObject","inLanguage":"pt-BR","@id":"https:\/\/www.fasta.org\/pt-br\/#\/schema\/logo\/image\/","url":"https:\/\/www.fasta.org\/wp-content\/uploads\/2021\/08\/Marca-Fasta.png","contentUrl":"https:\/\/www.fasta.org\/wp-content\/uploads\/2021\/08\/Marca-Fasta.png","width":1595,"height":644,"caption":"Fasta"},"image":{"@id":"https:\/\/www.fasta.org\/pt-br\/#\/schema\/logo\/image\/"},"sameAs":["https:\/\/www.facebook.com\/MovimientoFasta"]}]}},"_links":{"self":[{"href":"https:\/\/www.fasta.org\/pt-br\/wp-json\/wp\/v2\/noticias\/1903672","targetHints":{"allow":["GET"]}}],"collection":[{"href":"https:\/\/www.fasta.org\/pt-br\/wp-json\/wp\/v2\/noticias"}],"about":[{"href":"https:\/\/www.fasta.org\/pt-br\/wp-json\/wp\/v2\/types\/noticias"}],"version-history":[{"count":3,"href":"https:\/\/www.fasta.org\/pt-br\/wp-json\/wp\/v2\/noticias\/1903672\/revisions"}],"predecessor-version":[{"id":1935258,"href":"https:\/\/www.fasta.org\/pt-br\/wp-json\/wp\/v2\/noticias\/1903672\/revisions\/1935258"}],"wp:featuredmedia":[{"embeddable":true,"href":"https:\/\/www.fasta.org\/pt-br\/wp-json\/wp\/v2\/media\/1903746"}],"wp:attachment":[{"href":"https:\/\/www.fasta.org\/pt-br\/wp-json\/wp\/v2\/media?parent=1903672"}],"wp:term":[{"taxonomy":"fuente_noticia","embeddable":true,"href":"https:\/\/www.fasta.org\/pt-br\/wp-json\/wp\/v2\/fuente_noticia?post=1903672"},{"taxonomy":"categorias_noticia","embeddable":true,"href":"https:\/\/www.fasta.org\/pt-br\/wp-json\/wp\/v2\/categorias_noticia?post=1903672"},{"taxonomy":"origen_noticia","embeddable":true,"href":"https:\/\/www.fasta.org\/pt-br\/wp-json\/wp\/v2\/origen_noticia?post=1903672"}],"curies":[{"name":"wp","href":"https:\/\/api.w.org\/{rel}","templated":true}]}}