{"id":1902517,"date":"2025-08-23T20:49:05","date_gmt":"2025-08-23T23:49:05","guid":{"rendered":"https:\/\/www.fasta.org\/?post_type=noticias&#038;p=1902517"},"modified":"2025-08-25T13:35:14","modified_gmt":"2025-08-25T16:35:14","slug":"un-nuevo-sacerdote-para-la-ciudad","status":"publish","type":"noticias","link":"https:\/\/www.fasta.org\/pt-br\/noticias\/un-nuevo-sacerdote-para-la-ciudad\/","title":{"rendered":"\u00a1Un nuevo sacerdote para la Ciudad!"},"content":{"rendered":"\n<p><\/p>\n\n\n\n<p>En la tarde de hoy, s\u00e1bado 23 de agosto, en la Bas\u00edlica de Nuestra Se\u00f1ora del Rosario en Buenos Aires, recibi\u00f3 la ordenaci\u00f3n sacerdotal el di\u00e1cono Gabriel Filipe. La celebraci\u00f3n fue presidida por el Obispo Auxiliar de Buenos Aires y Vicario Episcopal de la Zona Belgrano, Monse\u00f1or Alejandro Daniel Pardo, acompa\u00f1ado por el Presidente de Fasta, Pbro. C\u00e9sar Garc\u00e9s Rojas; el Regente de la Fraternidad Sacerdotal, Pbro. Andr\u00e9s Quiroga; y por todos los sacerdotes de Fasta y de la Orden Dominicana.<\/p>\n\n\n\n<p><em><strong>\u201cHoy damos gracias a Dios por el don que hace a la Iglesia con la entrega generosa de tu vida&#8221;<\/strong><\/em><\/p>\n\n\n\n<p>Durante la homil\u00eda, el Obispo dirigi\u00e9ndose a Gabriel, destac\u00f3 la grandeza y la humildad de la vocaci\u00f3n sacerdotal. Expres\u00f3 &#8220;<em>No sos un superh\u00e9roe, nunca te creas eso. Sos un pastor que desde su fragilidad entra en comuni\u00f3n con las heridas de su pueblo\u201d<\/em>. Con estas palabras, invit\u00f3 a Gabriel a vivir el ministerio con sencillez, cercan\u00eda y humildad, record\u00e1ndole que el verdadero lugar del sacerdote es <em>\u201cel \u00faltimo lugar: el lugar del servicio\u201d<\/em>.<\/p>\n\n\n\n<p>Rememorando al Papa Francisco, anim\u00f3 a Gabriel a ser un <em>pastor con olor a oveja<\/em>: un pastor cercano, que acompa\u00f1e como nuevo cireneo las cruces de sus hermanos y nunca deje de conmoverse por los m\u00e1s vulnerables.<\/p>\n\n\n\n<p>Asimismo, record\u00f3 que la misi\u00f3n del sacerdote se juega en la celebraci\u00f3n diaria de la Eucarist\u00eda: <em>\u201cUn sacerdote celebra cada Misa como si fuera la primera, la \u00faltima y la \u00fanica\u201d<\/em>. Y agreg\u00f3: <em>\u201cEl presb\u00edtero no puede decir \u2018esto es mi cuerpo\u2019 sin vivir \u00e9l mismo el deseo de entregar su propia vida por el pueblo confiado\u201d<\/em>.<\/p>\n\n\n\n<p>Pidi\u00f3 para Gabriel el don de la misericordia, destacando que <em>\u201cun buen pastor nunca se cansa de perdonar, recordando siempre todo lo que Dios perdon\u00f3 en su vida\u201d<\/em>. Y lo anim\u00f3 a confiar en la intercesi\u00f3n de Santa Teresita, a quien ambos tienen gran devoci\u00f3n: <em>\u201cLa confianza y el amor son el camino: solo la confianza puede conducirnos a la vida\u201d<\/em><\/p>\n\n\n\n<p><strong>&#8220;<em>Se\u00f1or te doy gracias por tu amor, no abandones la obra de tus manos<\/em>&#8220;<\/strong><\/p>\n\n\n\n<p>Al concluir la celebraci\u00f3n, Gabriel agradeci\u00f3 al obispo por recibirlo, a su familia y amigos, al ruca Pampero, al Colegio Fasta San Vicente de Pa\u00fal, y a todos los que lo acompa\u00f1aron en este camino de fe durante sus a\u00f1os de formaci\u00f3n. Agradeci\u00f3 tambi\u00e9n a los Sacerdotes formadores quienes fueron verdaderos instrumentos de la misericordia de Dios. <em>&#8220;Qu\u00e9 hermoso es entregar la vida a Dios&#8221;<\/em><\/p>\n\n\n\n<p>Con su ordenaci\u00f3n, Gabriel inicia ahora su camino ministerial como sacerdote al servicio de la Iglesia, confiando en la gracia de Dios y en la oraci\u00f3n de toda la Ciudad Miliciana.<\/p>\n\n\n\n<p><\/p>\n","protected":false},"excerpt":{"rendered":"<p>En la tarde de hoy, s\u00e1bado 23 de agosto, en la Bas\u00edlica de Nuestra Se\u00f1ora del Rosario en Buenos Aires, recibi\u00f3 la ordenaci\u00f3n sacerdotal el di\u00e1cono Gabriel Filipe. La celebraci\u00f3n fue presidida por el Obispo Auxiliar de Buenos Aires y Vicario Episcopal de la Zona Belgrano, Monse\u00f1or Alejandro Daniel Pardo, acompa\u00f1ado por el Presidente de [&hellip;]<\/p>\n","protected":false},"featured_media":1902766,"template":"","fuente_noticia":[],"categorias_noticia":[179],"origen_noticia":[69],"class_list":["post-1902517","noticias","type-noticias","status-publish","has-post-thumbnail","hentry","categorias_noticia-fraternidad-sacerdotal","origen_noticia-propia"],"acf":[],"yoast_head":"<!-- This site is optimized with the Yoast SEO plugin v27.4 - https:\/\/yoast.com\/product\/yoast-seo-wordpress\/ -->\n<title>\u00a1Un nuevo sacerdote para la Ciudad! - Fasta<\/title>\n<meta name=\"description\" content=\"En el 40\u00ba aniversario de la Fraternidad Apost\u00f3lica Sacerdotal Tom\u00e1s de Aquino, Gabriel Filipe fue ordenado sacerdote.\" \/>\n<meta name=\"robots\" content=\"index, follow, max-snippet:-1, max-image-preview:large, max-video-preview:-1\" \/>\n<link rel=\"canonical\" href=\"https:\/\/www.fasta.org\/pt-br\/noticias\/un-nuevo-sacerdote-para-la-ciudad\/\" \/>\n<meta property=\"og:locale\" content=\"pt_BR\" \/>\n<meta property=\"og:type\" content=\"article\" \/>\n<meta property=\"og:title\" content=\"\u00a1Un nuevo sacerdote para la Ciudad! - Fasta\" \/>\n<meta property=\"og:description\" content=\"En el 40\u00ba aniversario de la Fraternidad Apost\u00f3lica Sacerdotal Tom\u00e1s de Aquino, Gabriel Filipe fue ordenado sacerdote.\" \/>\n<meta property=\"og:url\" content=\"https:\/\/www.fasta.org\/pt-br\/noticias\/un-nuevo-sacerdote-para-la-ciudad\/\" \/>\n<meta property=\"og:site_name\" content=\"Fasta\" \/>\n<meta property=\"article:publisher\" content=\"https:\/\/www.facebook.com\/MovimientoFasta\" \/>\n<meta property=\"article:modified_time\" content=\"2025-08-25T16:35:14+00:00\" \/>\n<meta property=\"og:image\" content=\"https:\/\/www.fasta.org\/wp-content\/uploads\/2025\/08\/gabi-filipe.webp\" \/>\n\t<meta property=\"og:image:width\" content=\"1350\" \/>\n\t<meta property=\"og:image:height\" content=\"811\" \/>\n\t<meta property=\"og:image:type\" content=\"image\/webp\" \/>\n<meta name=\"twitter:card\" content=\"summary_large_image\" \/>\n<meta name=\"twitter:label1\" content=\"Est. tempo de leitura\" \/>\n\t<meta name=\"twitter:data1\" content=\"3 minutos\" \/>\n<script type=\"application\/ld+json\" class=\"yoast-schema-graph\">{\"@context\":\"https:\\\/\\\/schema.org\",\"@graph\":[{\"@type\":\"WebPage\",\"@id\":\"https:\\\/\\\/www.fasta.org\\\/pt-br\\\/noticias\\\/un-nuevo-sacerdote-para-la-ciudad\\\/\",\"url\":\"https:\\\/\\\/www.fasta.org\\\/pt-br\\\/noticias\\\/un-nuevo-sacerdote-para-la-ciudad\\\/\",\"name\":\"\u00a1Un nuevo sacerdote para la Ciudad! - Fasta\",\"isPartOf\":{\"@id\":\"https:\\\/\\\/www.fasta.org\\\/pt-br\\\/#website\"},\"primaryImageOfPage\":{\"@id\":\"https:\\\/\\\/www.fasta.org\\\/pt-br\\\/noticias\\\/un-nuevo-sacerdote-para-la-ciudad\\\/#primaryimage\"},\"image\":{\"@id\":\"https:\\\/\\\/www.fasta.org\\\/pt-br\\\/noticias\\\/un-nuevo-sacerdote-para-la-ciudad\\\/#primaryimage\"},\"thumbnailUrl\":\"https:\\\/\\\/www.fasta.org\\\/wp-content\\\/uploads\\\/2025\\\/08\\\/gabi-filipe.webp\",\"datePublished\":\"2025-08-23T23:49:05+00:00\",\"dateModified\":\"2025-08-25T16:35:14+00:00\",\"description\":\"En el 40\u00ba aniversario de la Fraternidad Apost\u00f3lica Sacerdotal Tom\u00e1s de Aquino, Gabriel Filipe fue ordenado sacerdote.\",\"breadcrumb\":{\"@id\":\"https:\\\/\\\/www.fasta.org\\\/pt-br\\\/noticias\\\/un-nuevo-sacerdote-para-la-ciudad\\\/#breadcrumb\"},\"inLanguage\":\"pt-BR\",\"potentialAction\":[{\"@type\":\"ReadAction\",\"target\":[\"https:\\\/\\\/www.fasta.org\\\/pt-br\\\/noticias\\\/un-nuevo-sacerdote-para-la-ciudad\\\/\"]}]},{\"@type\":\"ImageObject\",\"inLanguage\":\"pt-BR\",\"@id\":\"https:\\\/\\\/www.fasta.org\\\/pt-br\\\/noticias\\\/un-nuevo-sacerdote-para-la-ciudad\\\/#primaryimage\",\"url\":\"https:\\\/\\\/www.fasta.org\\\/wp-content\\\/uploads\\\/2025\\\/08\\\/gabi-filipe.webp\",\"contentUrl\":\"https:\\\/\\\/www.fasta.org\\\/wp-content\\\/uploads\\\/2025\\\/08\\\/gabi-filipe.webp\",\"width\":1350,\"height\":811},{\"@type\":\"BreadcrumbList\",\"@id\":\"https:\\\/\\\/www.fasta.org\\\/pt-br\\\/noticias\\\/un-nuevo-sacerdote-para-la-ciudad\\\/#breadcrumb\",\"itemListElement\":[{\"@type\":\"ListItem\",\"position\":1,\"name\":\"Portada\",\"item\":\"https:\\\/\\\/www.fasta.org\\\/pt-br\\\/\"},{\"@type\":\"ListItem\",\"position\":2,\"name\":\"Noticias\",\"item\":\"https:\\\/\\\/www.fasta.org\\\/pt-br\\\/noticias\\\/\"},{\"@type\":\"ListItem\",\"position\":3,\"name\":\"\u00a1Un nuevo sacerdote para la Ciudad!\"}]},{\"@type\":\"WebSite\",\"@id\":\"https:\\\/\\\/www.fasta.org\\\/pt-br\\\/#website\",\"url\":\"https:\\\/\\\/www.fasta.org\\\/pt-br\\\/\",\"name\":\"Fasta\",\"description\":\"Fraternidad de Agrupaciones Santo Tom\u00e1s de Aquino\",\"publisher\":{\"@id\":\"https:\\\/\\\/www.fasta.org\\\/pt-br\\\/#organization\"},\"potentialAction\":[{\"@type\":\"SearchAction\",\"target\":{\"@type\":\"EntryPoint\",\"urlTemplate\":\"https:\\\/\\\/www.fasta.org\\\/pt-br\\\/?s={search_term_string}\"},\"query-input\":{\"@type\":\"PropertyValueSpecification\",\"valueRequired\":true,\"valueName\":\"search_term_string\"}}],\"inLanguage\":\"pt-BR\"},{\"@type\":\"Organization\",\"@id\":\"https:\\\/\\\/www.fasta.org\\\/pt-br\\\/#organization\",\"name\":\"Fasta\",\"url\":\"https:\\\/\\\/www.fasta.org\\\/pt-br\\\/\",\"logo\":{\"@type\":\"ImageObject\",\"inLanguage\":\"pt-BR\",\"@id\":\"https:\\\/\\\/www.fasta.org\\\/pt-br\\\/#\\\/schema\\\/logo\\\/image\\\/\",\"url\":\"https:\\\/\\\/www.fasta.org\\\/wp-content\\\/uploads\\\/2021\\\/08\\\/Marca-Fasta.png\",\"contentUrl\":\"https:\\\/\\\/www.fasta.org\\\/wp-content\\\/uploads\\\/2021\\\/08\\\/Marca-Fasta.png\",\"width\":1595,\"height\":644,\"caption\":\"Fasta\"},\"image\":{\"@id\":\"https:\\\/\\\/www.fasta.org\\\/pt-br\\\/#\\\/schema\\\/logo\\\/image\\\/\"},\"sameAs\":[\"https:\\\/\\\/www.facebook.com\\\/MovimientoFasta\"]}]}<\/script>\n<!-- \/ Yoast SEO plugin. -->","yoast_head_json":{"title":"\u00a1Un nuevo sacerdote para la Ciudad! - Fasta","description":"En el 40\u00ba aniversario de la Fraternidad Apost\u00f3lica Sacerdotal Tom\u00e1s de Aquino, Gabriel Filipe fue ordenado sacerdote.","robots":{"index":"index","follow":"follow","max-snippet":"max-snippet:-1","max-image-preview":"max-image-preview:large","max-video-preview":"max-video-preview:-1"},"canonical":"https:\/\/www.fasta.org\/pt-br\/noticias\/un-nuevo-sacerdote-para-la-ciudad\/","og_locale":"pt_BR","og_type":"article","og_title":"\u00a1Un nuevo sacerdote para la Ciudad! - Fasta","og_description":"En el 40\u00ba aniversario de la Fraternidad Apost\u00f3lica Sacerdotal Tom\u00e1s de Aquino, Gabriel Filipe fue ordenado sacerdote.","og_url":"https:\/\/www.fasta.org\/pt-br\/noticias\/un-nuevo-sacerdote-para-la-ciudad\/","og_site_name":"Fasta","article_publisher":"https:\/\/www.facebook.com\/MovimientoFasta","article_modified_time":"2025-08-25T16:35:14+00:00","og_image":[{"width":1350,"height":811,"url":"https:\/\/www.fasta.org\/wp-content\/uploads\/2025\/08\/gabi-filipe.webp","type":"image\/webp"}],"twitter_card":"summary_large_image","twitter_misc":{"Est. tempo de leitura":"3 minutos"},"schema":{"@context":"https:\/\/schema.org","@graph":[{"@type":"WebPage","@id":"https:\/\/www.fasta.org\/pt-br\/noticias\/un-nuevo-sacerdote-para-la-ciudad\/","url":"https:\/\/www.fasta.org\/pt-br\/noticias\/un-nuevo-sacerdote-para-la-ciudad\/","name":"\u00a1Un nuevo sacerdote para la Ciudad! - Fasta","isPartOf":{"@id":"https:\/\/www.fasta.org\/pt-br\/#website"},"primaryImageOfPage":{"@id":"https:\/\/www.fasta.org\/pt-br\/noticias\/un-nuevo-sacerdote-para-la-ciudad\/#primaryimage"},"image":{"@id":"https:\/\/www.fasta.org\/pt-br\/noticias\/un-nuevo-sacerdote-para-la-ciudad\/#primaryimage"},"thumbnailUrl":"https:\/\/www.fasta.org\/wp-content\/uploads\/2025\/08\/gabi-filipe.webp","datePublished":"2025-08-23T23:49:05+00:00","dateModified":"2025-08-25T16:35:14+00:00","description":"En el 40\u00ba aniversario de la Fraternidad Apost\u00f3lica Sacerdotal Tom\u00e1s de Aquino, Gabriel Filipe fue ordenado sacerdote.","breadcrumb":{"@id":"https:\/\/www.fasta.org\/pt-br\/noticias\/un-nuevo-sacerdote-para-la-ciudad\/#breadcrumb"},"inLanguage":"pt-BR","potentialAction":[{"@type":"ReadAction","target":["https:\/\/www.fasta.org\/pt-br\/noticias\/un-nuevo-sacerdote-para-la-ciudad\/"]}]},{"@type":"ImageObject","inLanguage":"pt-BR","@id":"https:\/\/www.fasta.org\/pt-br\/noticias\/un-nuevo-sacerdote-para-la-ciudad\/#primaryimage","url":"https:\/\/www.fasta.org\/wp-content\/uploads\/2025\/08\/gabi-filipe.webp","contentUrl":"https:\/\/www.fasta.org\/wp-content\/uploads\/2025\/08\/gabi-filipe.webp","width":1350,"height":811},{"@type":"BreadcrumbList","@id":"https:\/\/www.fasta.org\/pt-br\/noticias\/un-nuevo-sacerdote-para-la-ciudad\/#breadcrumb","itemListElement":[{"@type":"ListItem","position":1,"name":"Portada","item":"https:\/\/www.fasta.org\/pt-br\/"},{"@type":"ListItem","position":2,"name":"Noticias","item":"https:\/\/www.fasta.org\/pt-br\/noticias\/"},{"@type":"ListItem","position":3,"name":"\u00a1Un nuevo sacerdote para la Ciudad!"}]},{"@type":"WebSite","@id":"https:\/\/www.fasta.org\/pt-br\/#website","url":"https:\/\/www.fasta.org\/pt-br\/","name":"Fasta","description":"Fraternidad de Agrupaciones Santo Tom\u00e1s de Aquino","publisher":{"@id":"https:\/\/www.fasta.org\/pt-br\/#organization"},"potentialAction":[{"@type":"SearchAction","target":{"@type":"EntryPoint","urlTemplate":"https:\/\/www.fasta.org\/pt-br\/?s={search_term_string}"},"query-input":{"@type":"PropertyValueSpecification","valueRequired":true,"valueName":"search_term_string"}}],"inLanguage":"pt-BR"},{"@type":"Organization","@id":"https:\/\/www.fasta.org\/pt-br\/#organization","name":"Fasta","url":"https:\/\/www.fasta.org\/pt-br\/","logo":{"@type":"ImageObject","inLanguage":"pt-BR","@id":"https:\/\/www.fasta.org\/pt-br\/#\/schema\/logo\/image\/","url":"https:\/\/www.fasta.org\/wp-content\/uploads\/2021\/08\/Marca-Fasta.png","contentUrl":"https:\/\/www.fasta.org\/wp-content\/uploads\/2021\/08\/Marca-Fasta.png","width":1595,"height":644,"caption":"Fasta"},"image":{"@id":"https:\/\/www.fasta.org\/pt-br\/#\/schema\/logo\/image\/"},"sameAs":["https:\/\/www.facebook.com\/MovimientoFasta"]}]}},"_links":{"self":[{"href":"https:\/\/www.fasta.org\/pt-br\/wp-json\/wp\/v2\/noticias\/1902517","targetHints":{"allow":["GET"]}}],"collection":[{"href":"https:\/\/www.fasta.org\/pt-br\/wp-json\/wp\/v2\/noticias"}],"about":[{"href":"https:\/\/www.fasta.org\/pt-br\/wp-json\/wp\/v2\/types\/noticias"}],"version-history":[{"count":6,"href":"https:\/\/www.fasta.org\/pt-br\/wp-json\/wp\/v2\/noticias\/1902517\/revisions"}],"predecessor-version":[{"id":1905453,"href":"https:\/\/www.fasta.org\/pt-br\/wp-json\/wp\/v2\/noticias\/1902517\/revisions\/1905453"}],"wp:featuredmedia":[{"embeddable":true,"href":"https:\/\/www.fasta.org\/pt-br\/wp-json\/wp\/v2\/media\/1902766"}],"wp:attachment":[{"href":"https:\/\/www.fasta.org\/pt-br\/wp-json\/wp\/v2\/media?parent=1902517"}],"wp:term":[{"taxonomy":"fuente_noticia","embeddable":true,"href":"https:\/\/www.fasta.org\/pt-br\/wp-json\/wp\/v2\/fuente_noticia?post=1902517"},{"taxonomy":"categorias_noticia","embeddable":true,"href":"https:\/\/www.fasta.org\/pt-br\/wp-json\/wp\/v2\/categorias_noticia?post=1902517"},{"taxonomy":"origen_noticia","embeddable":true,"href":"https:\/\/www.fasta.org\/pt-br\/wp-json\/wp\/v2\/origen_noticia?post=1902517"}],"curies":[{"name":"wp","href":"https:\/\/api.w.org\/{rel}","templated":true}]}}