{"id":1850965,"date":"2025-07-29T12:04:22","date_gmt":"2025-07-29T15:04:22","guid":{"rendered":"https:\/\/www.fasta.org\/?post_type=noticias&#038;p=1850965"},"modified":"2025-07-29T12:04:24","modified_gmt":"2025-07-29T15:04:24","slug":"nuevo-sacerdote","status":"publish","type":"noticias","link":"https:\/\/www.fasta.org\/pt-br\/noticias\/nuevo-sacerdote\/","title":{"rendered":"Fasta tendr\u00e1 un nuevo sacerdote"},"content":{"rendered":"\n<p>La Fraternidad de Agrupaciones Santo Tom\u00e1s de Aquino (Fasta) celebrar\u00e1 la ordenaci\u00f3n sacerdotal del di\u00e1cono Gabriel Filipe el s\u00e1bado 23 de agosto a las 18 horas en la Bas\u00edlica Nuestra Se\u00f1ora del Rosario del Convento Santo Domingo (Defensa 422 de la Ciudad de Buenos Aires).<\/p>\n\n\n\n<p>La celebraci\u00f3n eucar\u00edstica ser\u00e1 presidida por el Obispo Auxiliar de Buenos Aires y Vicario Episcopal Zona Belgrano, Monse\u00f1or Alejandro Daniel Pardo. Luego de la celebraci\u00f3n, se realizar\u00e1 un \u00e1gape para compartir un espacio de amistad.<\/p>\n\n\n\n<p>Gabriel Filipe, quien ser\u00e1 ordenado sacerdote, naci\u00f3 en Buenos Aires en una familia de 7 hermanos. Ingres\u00f3 de chico al colegio Fasta San Vicente de Pa\u00fal en Villa Devoto y es egresado de all\u00ed. Fue en la Universidad cuando escuch\u00f3 el llamado del Se\u00f1or para seguirlo como sacerdote. A trav\u00e9s de su participaci\u00f3n en las actividades del centro juvenil (Ruca Pampero), y de otras comunidades de la Iglesia, fue leyendo los distintos signos que el Se\u00f1or le presentaba. Al ingresar al seminario de la Fraternidad Apost\u00f3lica Sacerdotal Tom\u00e1s de Aquino, le fueron asignadas distintas misiones para acompa\u00f1ar a las comunidades de Fasta en Buenos Aires, San Juan, Chaco, Tucum\u00e1n y C\u00f3rdoba. Desde su Ordenaci\u00f3n Diaconal est\u00e1 destinado a la comunidad de Fasta Mar del Plata, donde es Capell\u00e1n del Colegio Fasta San Vicente de Pa\u00fal y asiste a los rucas Tuc\u00fan y Lourdes.<\/p>\n\n\n\n<p>Al d\u00eda siguiente, domingo 24 de agosto a las 18 horas en la capilla del Colegio Fasta Catherina (Soler 5942) se celebrar\u00e1 la Misa de acci\u00f3n de gracias por el 40\u00ba aniversario de la&nbsp; Fraternidad Sacerdotal, presidida por Mons. Jorge Ignacio Garc\u00eda Cuerva, Arzobispo de Buenos Aires.<\/p>\n\n\n\n<p>La Fraternidad Apost\u00f3lica Sacerdotal Tom\u00e1s de Aquino (Fasta Sacerdotal) fue erigida como asociaci\u00f3n p\u00fablica clerical de derecho diocesano por decreto del arzobispo de Buenos Aires, cardenal Mario Aurelio Poli, el 8 de agosto de 2014. Brinda a los miembros del movimiento la asistencia espiritual y doctrinal que necesitan para poder cumplir con la misi\u00f3n de servir a la Iglesia en la evangelizaci\u00f3n de la familia, la juventud y la cultura.<\/p>\n\n\n\n<p><\/p>\n","protected":false},"excerpt":{"rendered":"<p>La Fraternidad de Agrupaciones Santo Tom\u00e1s de Aquino (Fasta) celebrar\u00e1 la ordenaci\u00f3n sacerdotal del di\u00e1cono Gabriel Filipe el s\u00e1bado 23 de agosto a las 18 horas en la Bas\u00edlica Nuestra Se\u00f1ora del Rosario del Convento Santo Domingo (Defensa 422 de la Ciudad de Buenos Aires). La celebraci\u00f3n eucar\u00edstica ser\u00e1 presidida por el Obispo Auxiliar de [&hellip;]<\/p>\n","protected":false},"featured_media":1850916,"template":"","fuente_noticia":[],"categorias_noticia":[179],"origen_noticia":[69],"class_list":["post-1850965","noticias","type-noticias","status-publish","has-post-thumbnail","hentry","categorias_noticia-fraternidad-sacerdotal","origen_noticia-propia"],"acf":[],"yoast_head":"<!-- This site is optimized with the Yoast SEO plugin v27.4 - https:\/\/yoast.com\/product\/yoast-seo-wordpress\/ -->\n<title>Fasta tendr\u00e1 un nuevo sacerdote - Fasta<\/title>\n<meta name=\"description\" content=\"El di\u00e1cono Gabriel Filipe ser\u00e1 ordenado sacerdote el s\u00e1bado 23 de agosto.\" \/>\n<meta name=\"robots\" content=\"index, follow, max-snippet:-1, max-image-preview:large, max-video-preview:-1\" \/>\n<link rel=\"canonical\" href=\"https:\/\/www.fasta.org\/pt-br\/noticias\/nuevo-sacerdote\/\" \/>\n<meta property=\"og:locale\" content=\"pt_BR\" \/>\n<meta property=\"og:type\" content=\"article\" \/>\n<meta property=\"og:title\" content=\"Fasta tendr\u00e1 un nuevo sacerdote - Fasta\" \/>\n<meta property=\"og:description\" content=\"El di\u00e1cono Gabriel Filipe ser\u00e1 ordenado sacerdote el s\u00e1bado 23 de agosto.\" \/>\n<meta property=\"og:url\" content=\"https:\/\/www.fasta.org\/pt-br\/noticias\/nuevo-sacerdote\/\" \/>\n<meta property=\"og:site_name\" content=\"Fasta\" \/>\n<meta property=\"article:publisher\" content=\"https:\/\/www.facebook.com\/MovimientoFasta\" \/>\n<meta property=\"article:modified_time\" content=\"2025-07-29T15:04:24+00:00\" \/>\n<meta property=\"og:image\" content=\"https:\/\/www.fasta.org\/wp-content\/uploads\/2025\/07\/ordenacion-gabi.webp\" \/>\n\t<meta property=\"og:image:width\" content=\"1350\" \/>\n\t<meta property=\"og:image:height\" content=\"811\" \/>\n\t<meta property=\"og:image:type\" content=\"image\/webp\" \/>\n<meta name=\"twitter:card\" content=\"summary_large_image\" \/>\n<meta name=\"twitter:label1\" content=\"Est. tempo de leitura\" \/>\n\t<meta name=\"twitter:data1\" content=\"3 minutos\" \/>\n<script type=\"application\/ld+json\" class=\"yoast-schema-graph\">{\"@context\":\"https:\\\/\\\/schema.org\",\"@graph\":[{\"@type\":\"WebPage\",\"@id\":\"https:\\\/\\\/www.fasta.org\\\/pt-br\\\/noticias\\\/nuevo-sacerdote\\\/\",\"url\":\"https:\\\/\\\/www.fasta.org\\\/pt-br\\\/noticias\\\/nuevo-sacerdote\\\/\",\"name\":\"Fasta tendr\u00e1 un nuevo sacerdote - Fasta\",\"isPartOf\":{\"@id\":\"https:\\\/\\\/www.fasta.org\\\/pt-br\\\/#website\"},\"primaryImageOfPage\":{\"@id\":\"https:\\\/\\\/www.fasta.org\\\/pt-br\\\/noticias\\\/nuevo-sacerdote\\\/#primaryimage\"},\"image\":{\"@id\":\"https:\\\/\\\/www.fasta.org\\\/pt-br\\\/noticias\\\/nuevo-sacerdote\\\/#primaryimage\"},\"thumbnailUrl\":\"https:\\\/\\\/www.fasta.org\\\/wp-content\\\/uploads\\\/2025\\\/07\\\/ordenacion-gabi.webp\",\"datePublished\":\"2025-07-29T15:04:22+00:00\",\"dateModified\":\"2025-07-29T15:04:24+00:00\",\"description\":\"El di\u00e1cono Gabriel Filipe ser\u00e1 ordenado sacerdote el s\u00e1bado 23 de agosto.\",\"breadcrumb\":{\"@id\":\"https:\\\/\\\/www.fasta.org\\\/pt-br\\\/noticias\\\/nuevo-sacerdote\\\/#breadcrumb\"},\"inLanguage\":\"pt-BR\",\"potentialAction\":[{\"@type\":\"ReadAction\",\"target\":[\"https:\\\/\\\/www.fasta.org\\\/pt-br\\\/noticias\\\/nuevo-sacerdote\\\/\"]}]},{\"@type\":\"ImageObject\",\"inLanguage\":\"pt-BR\",\"@id\":\"https:\\\/\\\/www.fasta.org\\\/pt-br\\\/noticias\\\/nuevo-sacerdote\\\/#primaryimage\",\"url\":\"https:\\\/\\\/www.fasta.org\\\/wp-content\\\/uploads\\\/2025\\\/07\\\/ordenacion-gabi.webp\",\"contentUrl\":\"https:\\\/\\\/www.fasta.org\\\/wp-content\\\/uploads\\\/2025\\\/07\\\/ordenacion-gabi.webp\",\"width\":1350,\"height\":811},{\"@type\":\"BreadcrumbList\",\"@id\":\"https:\\\/\\\/www.fasta.org\\\/pt-br\\\/noticias\\\/nuevo-sacerdote\\\/#breadcrumb\",\"itemListElement\":[{\"@type\":\"ListItem\",\"position\":1,\"name\":\"Portada\",\"item\":\"https:\\\/\\\/www.fasta.org\\\/pt-br\\\/\"},{\"@type\":\"ListItem\",\"position\":2,\"name\":\"Noticias\",\"item\":\"https:\\\/\\\/www.fasta.org\\\/pt-br\\\/noticias\\\/\"},{\"@type\":\"ListItem\",\"position\":3,\"name\":\"Fasta tendr\u00e1 un nuevo sacerdote\"}]},{\"@type\":\"WebSite\",\"@id\":\"https:\\\/\\\/www.fasta.org\\\/pt-br\\\/#website\",\"url\":\"https:\\\/\\\/www.fasta.org\\\/pt-br\\\/\",\"name\":\"Fasta\",\"description\":\"Fraternidad de Agrupaciones Santo Tom\u00e1s de Aquino\",\"publisher\":{\"@id\":\"https:\\\/\\\/www.fasta.org\\\/pt-br\\\/#organization\"},\"potentialAction\":[{\"@type\":\"SearchAction\",\"target\":{\"@type\":\"EntryPoint\",\"urlTemplate\":\"https:\\\/\\\/www.fasta.org\\\/pt-br\\\/?s={search_term_string}\"},\"query-input\":{\"@type\":\"PropertyValueSpecification\",\"valueRequired\":true,\"valueName\":\"search_term_string\"}}],\"inLanguage\":\"pt-BR\"},{\"@type\":\"Organization\",\"@id\":\"https:\\\/\\\/www.fasta.org\\\/pt-br\\\/#organization\",\"name\":\"Fasta\",\"url\":\"https:\\\/\\\/www.fasta.org\\\/pt-br\\\/\",\"logo\":{\"@type\":\"ImageObject\",\"inLanguage\":\"pt-BR\",\"@id\":\"https:\\\/\\\/www.fasta.org\\\/pt-br\\\/#\\\/schema\\\/logo\\\/image\\\/\",\"url\":\"https:\\\/\\\/www.fasta.org\\\/wp-content\\\/uploads\\\/2021\\\/08\\\/Marca-Fasta.png\",\"contentUrl\":\"https:\\\/\\\/www.fasta.org\\\/wp-content\\\/uploads\\\/2021\\\/08\\\/Marca-Fasta.png\",\"width\":1595,\"height\":644,\"caption\":\"Fasta\"},\"image\":{\"@id\":\"https:\\\/\\\/www.fasta.org\\\/pt-br\\\/#\\\/schema\\\/logo\\\/image\\\/\"},\"sameAs\":[\"https:\\\/\\\/www.facebook.com\\\/MovimientoFasta\"]}]}<\/script>\n<!-- \/ Yoast SEO plugin. -->","yoast_head_json":{"title":"Fasta tendr\u00e1 un nuevo sacerdote - Fasta","description":"El di\u00e1cono Gabriel Filipe ser\u00e1 ordenado sacerdote el s\u00e1bado 23 de agosto.","robots":{"index":"index","follow":"follow","max-snippet":"max-snippet:-1","max-image-preview":"max-image-preview:large","max-video-preview":"max-video-preview:-1"},"canonical":"https:\/\/www.fasta.org\/pt-br\/noticias\/nuevo-sacerdote\/","og_locale":"pt_BR","og_type":"article","og_title":"Fasta tendr\u00e1 un nuevo sacerdote - Fasta","og_description":"El di\u00e1cono Gabriel Filipe ser\u00e1 ordenado sacerdote el s\u00e1bado 23 de agosto.","og_url":"https:\/\/www.fasta.org\/pt-br\/noticias\/nuevo-sacerdote\/","og_site_name":"Fasta","article_publisher":"https:\/\/www.facebook.com\/MovimientoFasta","article_modified_time":"2025-07-29T15:04:24+00:00","og_image":[{"width":1350,"height":811,"url":"https:\/\/www.fasta.org\/wp-content\/uploads\/2025\/07\/ordenacion-gabi.webp","type":"image\/webp"}],"twitter_card":"summary_large_image","twitter_misc":{"Est. tempo de leitura":"3 minutos"},"schema":{"@context":"https:\/\/schema.org","@graph":[{"@type":"WebPage","@id":"https:\/\/www.fasta.org\/pt-br\/noticias\/nuevo-sacerdote\/","url":"https:\/\/www.fasta.org\/pt-br\/noticias\/nuevo-sacerdote\/","name":"Fasta tendr\u00e1 un nuevo sacerdote - Fasta","isPartOf":{"@id":"https:\/\/www.fasta.org\/pt-br\/#website"},"primaryImageOfPage":{"@id":"https:\/\/www.fasta.org\/pt-br\/noticias\/nuevo-sacerdote\/#primaryimage"},"image":{"@id":"https:\/\/www.fasta.org\/pt-br\/noticias\/nuevo-sacerdote\/#primaryimage"},"thumbnailUrl":"https:\/\/www.fasta.org\/wp-content\/uploads\/2025\/07\/ordenacion-gabi.webp","datePublished":"2025-07-29T15:04:22+00:00","dateModified":"2025-07-29T15:04:24+00:00","description":"El di\u00e1cono Gabriel Filipe ser\u00e1 ordenado sacerdote el s\u00e1bado 23 de agosto.","breadcrumb":{"@id":"https:\/\/www.fasta.org\/pt-br\/noticias\/nuevo-sacerdote\/#breadcrumb"},"inLanguage":"pt-BR","potentialAction":[{"@type":"ReadAction","target":["https:\/\/www.fasta.org\/pt-br\/noticias\/nuevo-sacerdote\/"]}]},{"@type":"ImageObject","inLanguage":"pt-BR","@id":"https:\/\/www.fasta.org\/pt-br\/noticias\/nuevo-sacerdote\/#primaryimage","url":"https:\/\/www.fasta.org\/wp-content\/uploads\/2025\/07\/ordenacion-gabi.webp","contentUrl":"https:\/\/www.fasta.org\/wp-content\/uploads\/2025\/07\/ordenacion-gabi.webp","width":1350,"height":811},{"@type":"BreadcrumbList","@id":"https:\/\/www.fasta.org\/pt-br\/noticias\/nuevo-sacerdote\/#breadcrumb","itemListElement":[{"@type":"ListItem","position":1,"name":"Portada","item":"https:\/\/www.fasta.org\/pt-br\/"},{"@type":"ListItem","position":2,"name":"Noticias","item":"https:\/\/www.fasta.org\/pt-br\/noticias\/"},{"@type":"ListItem","position":3,"name":"Fasta tendr\u00e1 un nuevo sacerdote"}]},{"@type":"WebSite","@id":"https:\/\/www.fasta.org\/pt-br\/#website","url":"https:\/\/www.fasta.org\/pt-br\/","name":"Fasta","description":"Fraternidad de Agrupaciones Santo Tom\u00e1s de Aquino","publisher":{"@id":"https:\/\/www.fasta.org\/pt-br\/#organization"},"potentialAction":[{"@type":"SearchAction","target":{"@type":"EntryPoint","urlTemplate":"https:\/\/www.fasta.org\/pt-br\/?s={search_term_string}"},"query-input":{"@type":"PropertyValueSpecification","valueRequired":true,"valueName":"search_term_string"}}],"inLanguage":"pt-BR"},{"@type":"Organization","@id":"https:\/\/www.fasta.org\/pt-br\/#organization","name":"Fasta","url":"https:\/\/www.fasta.org\/pt-br\/","logo":{"@type":"ImageObject","inLanguage":"pt-BR","@id":"https:\/\/www.fasta.org\/pt-br\/#\/schema\/logo\/image\/","url":"https:\/\/www.fasta.org\/wp-content\/uploads\/2021\/08\/Marca-Fasta.png","contentUrl":"https:\/\/www.fasta.org\/wp-content\/uploads\/2021\/08\/Marca-Fasta.png","width":1595,"height":644,"caption":"Fasta"},"image":{"@id":"https:\/\/www.fasta.org\/pt-br\/#\/schema\/logo\/image\/"},"sameAs":["https:\/\/www.facebook.com\/MovimientoFasta"]}]}},"_links":{"self":[{"href":"https:\/\/www.fasta.org\/pt-br\/wp-json\/wp\/v2\/noticias\/1850965","targetHints":{"allow":["GET"]}}],"collection":[{"href":"https:\/\/www.fasta.org\/pt-br\/wp-json\/wp\/v2\/noticias"}],"about":[{"href":"https:\/\/www.fasta.org\/pt-br\/wp-json\/wp\/v2\/types\/noticias"}],"version-history":[{"count":1,"href":"https:\/\/www.fasta.org\/pt-br\/wp-json\/wp\/v2\/noticias\/1850965\/revisions"}],"predecessor-version":[{"id":1850976,"href":"https:\/\/www.fasta.org\/pt-br\/wp-json\/wp\/v2\/noticias\/1850965\/revisions\/1850976"}],"wp:featuredmedia":[{"embeddable":true,"href":"https:\/\/www.fasta.org\/pt-br\/wp-json\/wp\/v2\/media\/1850916"}],"wp:attachment":[{"href":"https:\/\/www.fasta.org\/pt-br\/wp-json\/wp\/v2\/media?parent=1850965"}],"wp:term":[{"taxonomy":"fuente_noticia","embeddable":true,"href":"https:\/\/www.fasta.org\/pt-br\/wp-json\/wp\/v2\/fuente_noticia?post=1850965"},{"taxonomy":"categorias_noticia","embeddable":true,"href":"https:\/\/www.fasta.org\/pt-br\/wp-json\/wp\/v2\/categorias_noticia?post=1850965"},{"taxonomy":"origen_noticia","embeddable":true,"href":"https:\/\/www.fasta.org\/pt-br\/wp-json\/wp\/v2\/origen_noticia?post=1850965"}],"curies":[{"name":"wp","href":"https:\/\/api.w.org\/{rel}","templated":true}]}}