{"id":1755223,"date":"2025-06-09T13:21:31","date_gmt":"2025-06-09T16:21:31","guid":{"rendered":"https:\/\/www.fasta.org\/?post_type=noticias&#038;p=1755223"},"modified":"2025-06-09T13:21:33","modified_gmt":"2025-06-09T16:21:33","slug":"un-papa-con-espiritu-misionero-el-camino-de-prevost-antes-del-papado","status":"publish","type":"noticias","link":"https:\/\/www.fasta.org\/pt-br\/noticias\/un-papa-con-espiritu-misionero-el-camino-de-prevost-antes-del-papado\/","title":{"rendered":"Un papa con esp\u00edritu misionero: el camino de Prevost antes del papado"},"content":{"rendered":"\n<p><em>Por Laura Cunietti<\/em><br><\/p>\n\n\n\n<p>Vivimos en una \u00e9poca en la que los j\u00f3venes experimentan la vida a trav\u00e9s de pantallas. Ya no es necesario salir o relacionarse cara a cara; todo est\u00e1 al alcance de un clic, un &#8220;like&#8221; o una inteligencia artificial. Vivimos en una \u00e9poca en la que la palabra &#8220;compromiso&#8221; se percibe como sin\u00f3nimo de &#8220;opresi\u00f3n&#8221;, donde todo es pasajero y desechable, y el placer se valora por encima de cualquier virtud.<\/p>\n\n\n\n<p>En medio de esta sociedad adormecida, Dios nos env\u00eda a un papa con un esp\u00edritu profundamente misionero y evangelizador.<\/p>\n\n\n\n<p><strong>\u00bfQui\u00e9n era Robert Francis Prevost?<\/strong><\/p>\n\n\n\n<p>Eso fue lo que muchos nos preguntamos al ver a este joven cardenal salir al balc\u00f3n del Vaticano como el nuevo sucesor de Pedro. R\u00e1pidamente, descubrimos que no era un hombre de escritorio. Al igual que los ap\u00f3stoles, dej\u00f3 su tierra para llevar a Cristo a los lugares donde se lo necesitaba.&nbsp;<\/p>\n\n\n\n<p>El Papa Le\u00f3n XIV enciende una nueva llama en la Iglesia universal, que hoy m\u00e1s que nunca est\u00e1 llamada a salir y proclamar el Evangelio. <strong>Este fue, a grandes rasgos, su camino misionero antes de recibir la gran misi\u00f3n en Roma:<\/strong><\/p>\n\n\n\n<ul class=\"wp-block-list\">\n<li>Tras ordenarse como sacerdote agustino en 1981, fue enviado a la misi\u00f3n de Chulucanas, en Per\u00fa, donde sirvi\u00f3 como vicario parroquial de la catedral y canciller de la di\u00f3cesis. M\u00e1s tarde, de regreso en Estados Unidos, trabaj\u00f3 como promotor de la pastoral vocacional y director de misiones agustinianas en Illinois.<\/li>\n\n\n\n<li>En 1988, volvi\u00f3 a Per\u00fa para misionar en Trujillo, donde lider\u00f3 proyectos formativos agustinianos y se desempe\u00f1\u00f3 como profesor y director de estudios en el centro de formaci\u00f3n sacerdotal. Particip\u00f3 en la fundaci\u00f3n de la parroquia Nuestra Se\u00f1ora de Monserrat y la capilla Nuestra Se\u00f1ora, Madre de la Iglesia (perteneciente a la parroquia Santa Rita de Cascia).<\/li>\n\n\n\n<li>En 1999, asumi\u00f3 como prior provincial de Nuestra Se\u00f1ora del Buen Consejo de Chicago, y en 2001 fue elegido dos veces como prior general del Ordinario de los Agustinos.<\/li>\n\n\n\n<li>En 2014, fue nombrado administrador apost\u00f3lico de la Di\u00f3cesis de Chiclayo, y en 2015, consagrado obispo de esta misma di\u00f3cesis.\u00a0<\/li>\n\n\n\n<li>En 2023, el papa Francisco le confi\u00f3 la tarea de liderar el Dicasterio para los Obispos, un cargo clave en la Iglesia a nivel global.<\/li>\n<\/ul>\n\n\n\n<p><\/p>\n\n\n\n<p>El Papa Le\u00f3n XIV no solo nos recuerda la urgencia de evangelizar: nos interpela personalmente. Su vida misionera, marcada por su car\u00e1cter sereno, su gran capacidad de escucha, su formaci\u00f3n teol\u00f3gica y su enfoque intercultural, es un llamado a salir de la comodidad y de la fe vivida a medias.<\/p>\n\n\n\n<p><strong><em>\u201cDebemos buscar juntos c\u00f3mo ser una Iglesia misionera, una Iglesia que construye puentes de di\u00e1logo, siempre abierta a recibir con los brazos abiertos a todos, a todos aquellos que necesitan nuestra caridad, nuestra presencia, el di\u00e1logo y el amor\u201d.<\/em><\/strong><\/p>\n\n\n\n<p>(Mensaje del papa Le\u00f3n XIV en San Pedro, el d\u00eda de su elecci\u00f3n el 8 de mayo de 2025)<\/p>\n\n\n\n<p>En un mundo anestesiado, los j\u00f3venes est\u00e1n llamados a despertar, a dejar la pantalla y redescubrir que la misi\u00f3n no es una tarea para unos pocos, sino una invitaci\u00f3n para todos.<\/p>\n\n\n\n<p>El coraz\u00f3n joven, al encontrarse con Cristo, ya no puede conformarse con poco. Busca lo grande, lo verdadero, lo eterno y no hay nada m\u00e1s grande que dar la vida por amor, como lo hizo Cristo, y como lo hacen tantos misioneros en silencio, cada d\u00eda, en los rincones del planeta.<\/p>\n\n\n\n<p><strong><em>&#8220;Vayamos adelante, seamos disc\u00edpulos de Cristo, Cristo nos precede\u201d.&nbsp;<\/em><\/strong><\/p>\n\n\n\n<p>(Mensaje del papa Le\u00f3n XIV en San Pedro, el d\u00eda de su elecci\u00f3n el 8 de mayo de 2025)<\/p>\n\n\n\n<p>Hoy, m\u00e1s que nunca, la Iglesia necesita j\u00f3venes en salida. J\u00f3venes que se animen a amar con radicalidad, a servir sin esperar aplausos, y a anunciar con valent\u00eda que Jes\u00fas vive y transforma.<\/p>\n\n\n\n<p>_______<\/p>\n\n\n\n<p>Referencias:<\/p>\n\n\n\n<p><a href=\"https:\/\/es.wikipedia.org\/wiki\/Le%C3%B3n_XIV\">https:\/\/es.wikipedia.org\/wiki\/Le%C3%B3n_XIV<\/a><\/p>\n\n\n\n<p><a href=\"https:\/\/desdelafe.mx\/noticias\/iglesia-en-el-mundo\/de-mexico-a-corea-los-14-paises-que-visito-leon-xiv-antes-de-ser-papa\">https:\/\/desdelafe.mx\/noticias\/iglesia-en-el-mundo\/de-mexico-a-corea-los-14-paises-que-visito-leon-xiv-antes-de-ser-papa<\/a><\/p>\n\n\n\n<p><a href=\"https:\/\/larepublica.pe\/mundo\/2025\/05\/08\/cuantos-anos-estuvo-robert-prevost-en-peru-antes-de-ser-el-nuevo-papa-y-cual-fue-la-mision-que-tuvo-en-trujillo-735816\">https:\/\/larepublica.pe\/mundo\/2025\/05\/08\/cuantos-anos-estuvo-robert-prevost-en-peru-antes-de-ser-el-nuevo-papa-y-cual-fue-la-mision-que-tuvo-en-trujillo-735816<\/a><\/p>\n","protected":false},"excerpt":{"rendered":"<p>Por Laura Cunietti Vivimos en una \u00e9poca en la que los j\u00f3venes experimentan la vida a trav\u00e9s de pantallas. Ya no es necesario salir o relacionarse cara a cara; todo est\u00e1 al alcance de un clic, un &#8220;like&#8221; o una inteligencia artificial. Vivimos en una \u00e9poca en la que la palabra &#8220;compromiso&#8221; se percibe como [&hellip;]<\/p>\n","protected":false},"featured_media":1755293,"template":"","fuente_noticia":[],"categorias_noticia":[182],"origen_noticia":[69],"class_list":["post-1755223","noticias","type-noticias","status-publish","has-post-thumbnail","hentry","categorias_noticia-papa-leon-xiv","origen_noticia-propia"],"acf":[],"yoast_head":"<!-- This site is optimized with the Yoast SEO plugin v27.4 - https:\/\/yoast.com\/product\/yoast-seo-wordpress\/ -->\n<title>Un papa con esp\u00edritu misionero: el camino de Prevost antes del papado - Fasta<\/title>\n<meta name=\"robots\" content=\"index, follow, max-snippet:-1, max-image-preview:large, max-video-preview:-1\" \/>\n<link rel=\"canonical\" href=\"https:\/\/www.fasta.org\/pt-br\/noticias\/un-papa-con-espiritu-misionero-el-camino-de-prevost-antes-del-papado\/\" \/>\n<meta property=\"og:locale\" content=\"pt_BR\" \/>\n<meta property=\"og:type\" content=\"article\" \/>\n<meta property=\"og:title\" content=\"Un papa con esp\u00edritu misionero: el camino de Prevost antes del papado - Fasta\" \/>\n<meta property=\"og:description\" content=\"Por Laura Cunietti Vivimos en una \u00e9poca en la que los j\u00f3venes experimentan la vida a trav\u00e9s de pantallas. Ya no es necesario salir o relacionarse cara a cara; todo est\u00e1 al alcance de un clic, un &#8220;like&#8221; o una inteligencia artificial. Vivimos en una \u00e9poca en la que la palabra &#8220;compromiso&#8221; se percibe como [&hellip;]\" \/>\n<meta property=\"og:url\" content=\"https:\/\/www.fasta.org\/pt-br\/noticias\/un-papa-con-espiritu-misionero-el-camino-de-prevost-antes-del-papado\/\" \/>\n<meta property=\"og:site_name\" content=\"Fasta\" \/>\n<meta property=\"article:publisher\" content=\"https:\/\/www.facebook.com\/MovimientoFasta\" \/>\n<meta property=\"article:modified_time\" content=\"2025-06-09T16:21:33+00:00\" \/>\n<meta property=\"og:image\" content=\"https:\/\/www.fasta.org\/wp-content\/uploads\/2025\/06\/papa-leon_nota-scaled.webp\" \/>\n\t<meta property=\"og:image:width\" content=\"2560\" \/>\n\t<meta property=\"og:image:height\" content=\"1537\" \/>\n\t<meta property=\"og:image:type\" content=\"image\/webp\" \/>\n<meta name=\"twitter:card\" content=\"summary_large_image\" \/>\n<meta name=\"twitter:label1\" content=\"Est. tempo de leitura\" \/>\n\t<meta name=\"twitter:data1\" content=\"4 minutos\" \/>\n<script type=\"application\/ld+json\" class=\"yoast-schema-graph\">{\"@context\":\"https:\\\/\\\/schema.org\",\"@graph\":[{\"@type\":\"WebPage\",\"@id\":\"https:\\\/\\\/www.fasta.org\\\/pt-br\\\/noticias\\\/un-papa-con-espiritu-misionero-el-camino-de-prevost-antes-del-papado\\\/\",\"url\":\"https:\\\/\\\/www.fasta.org\\\/pt-br\\\/noticias\\\/un-papa-con-espiritu-misionero-el-camino-de-prevost-antes-del-papado\\\/\",\"name\":\"Un papa con esp\u00edritu misionero: el camino de Prevost antes del papado - Fasta\",\"isPartOf\":{\"@id\":\"https:\\\/\\\/www.fasta.org\\\/pt-br\\\/#website\"},\"primaryImageOfPage\":{\"@id\":\"https:\\\/\\\/www.fasta.org\\\/pt-br\\\/noticias\\\/un-papa-con-espiritu-misionero-el-camino-de-prevost-antes-del-papado\\\/#primaryimage\"},\"image\":{\"@id\":\"https:\\\/\\\/www.fasta.org\\\/pt-br\\\/noticias\\\/un-papa-con-espiritu-misionero-el-camino-de-prevost-antes-del-papado\\\/#primaryimage\"},\"thumbnailUrl\":\"https:\\\/\\\/www.fasta.org\\\/wp-content\\\/uploads\\\/2025\\\/06\\\/papa-leon_nota-scaled.webp\",\"datePublished\":\"2025-06-09T16:21:31+00:00\",\"dateModified\":\"2025-06-09T16:21:33+00:00\",\"breadcrumb\":{\"@id\":\"https:\\\/\\\/www.fasta.org\\\/pt-br\\\/noticias\\\/un-papa-con-espiritu-misionero-el-camino-de-prevost-antes-del-papado\\\/#breadcrumb\"},\"inLanguage\":\"pt-BR\",\"potentialAction\":[{\"@type\":\"ReadAction\",\"target\":[\"https:\\\/\\\/www.fasta.org\\\/pt-br\\\/noticias\\\/un-papa-con-espiritu-misionero-el-camino-de-prevost-antes-del-papado\\\/\"]}]},{\"@type\":\"ImageObject\",\"inLanguage\":\"pt-BR\",\"@id\":\"https:\\\/\\\/www.fasta.org\\\/pt-br\\\/noticias\\\/un-papa-con-espiritu-misionero-el-camino-de-prevost-antes-del-papado\\\/#primaryimage\",\"url\":\"https:\\\/\\\/www.fasta.org\\\/wp-content\\\/uploads\\\/2025\\\/06\\\/papa-leon_nota-scaled.webp\",\"contentUrl\":\"https:\\\/\\\/www.fasta.org\\\/wp-content\\\/uploads\\\/2025\\\/06\\\/papa-leon_nota-scaled.webp\",\"width\":2560,\"height\":1537},{\"@type\":\"BreadcrumbList\",\"@id\":\"https:\\\/\\\/www.fasta.org\\\/pt-br\\\/noticias\\\/un-papa-con-espiritu-misionero-el-camino-de-prevost-antes-del-papado\\\/#breadcrumb\",\"itemListElement\":[{\"@type\":\"ListItem\",\"position\":1,\"name\":\"Portada\",\"item\":\"https:\\\/\\\/www.fasta.org\\\/pt-br\\\/\"},{\"@type\":\"ListItem\",\"position\":2,\"name\":\"Noticias\",\"item\":\"https:\\\/\\\/www.fasta.org\\\/pt-br\\\/noticias\\\/\"},{\"@type\":\"ListItem\",\"position\":3,\"name\":\"Un papa con esp\u00edritu misionero: el camino de Prevost antes del papado\"}]},{\"@type\":\"WebSite\",\"@id\":\"https:\\\/\\\/www.fasta.org\\\/pt-br\\\/#website\",\"url\":\"https:\\\/\\\/www.fasta.org\\\/pt-br\\\/\",\"name\":\"Fasta\",\"description\":\"Fraternidad de Agrupaciones Santo Tom\u00e1s de Aquino\",\"publisher\":{\"@id\":\"https:\\\/\\\/www.fasta.org\\\/pt-br\\\/#organization\"},\"potentialAction\":[{\"@type\":\"SearchAction\",\"target\":{\"@type\":\"EntryPoint\",\"urlTemplate\":\"https:\\\/\\\/www.fasta.org\\\/pt-br\\\/?s={search_term_string}\"},\"query-input\":{\"@type\":\"PropertyValueSpecification\",\"valueRequired\":true,\"valueName\":\"search_term_string\"}}],\"inLanguage\":\"pt-BR\"},{\"@type\":\"Organization\",\"@id\":\"https:\\\/\\\/www.fasta.org\\\/pt-br\\\/#organization\",\"name\":\"Fasta\",\"url\":\"https:\\\/\\\/www.fasta.org\\\/pt-br\\\/\",\"logo\":{\"@type\":\"ImageObject\",\"inLanguage\":\"pt-BR\",\"@id\":\"https:\\\/\\\/www.fasta.org\\\/pt-br\\\/#\\\/schema\\\/logo\\\/image\\\/\",\"url\":\"https:\\\/\\\/www.fasta.org\\\/wp-content\\\/uploads\\\/2021\\\/08\\\/Marca-Fasta.png\",\"contentUrl\":\"https:\\\/\\\/www.fasta.org\\\/wp-content\\\/uploads\\\/2021\\\/08\\\/Marca-Fasta.png\",\"width\":1595,\"height\":644,\"caption\":\"Fasta\"},\"image\":{\"@id\":\"https:\\\/\\\/www.fasta.org\\\/pt-br\\\/#\\\/schema\\\/logo\\\/image\\\/\"},\"sameAs\":[\"https:\\\/\\\/www.facebook.com\\\/MovimientoFasta\"]}]}<\/script>\n<!-- \/ Yoast SEO plugin. -->","yoast_head_json":{"title":"Un papa con esp\u00edritu misionero: el camino de Prevost antes del papado - Fasta","robots":{"index":"index","follow":"follow","max-snippet":"max-snippet:-1","max-image-preview":"max-image-preview:large","max-video-preview":"max-video-preview:-1"},"canonical":"https:\/\/www.fasta.org\/pt-br\/noticias\/un-papa-con-espiritu-misionero-el-camino-de-prevost-antes-del-papado\/","og_locale":"pt_BR","og_type":"article","og_title":"Un papa con esp\u00edritu misionero: el camino de Prevost antes del papado - Fasta","og_description":"Por Laura Cunietti Vivimos en una \u00e9poca en la que los j\u00f3venes experimentan la vida a trav\u00e9s de pantallas. Ya no es necesario salir o relacionarse cara a cara; todo est\u00e1 al alcance de un clic, un &#8220;like&#8221; o una inteligencia artificial. Vivimos en una \u00e9poca en la que la palabra &#8220;compromiso&#8221; se percibe como [&hellip;]","og_url":"https:\/\/www.fasta.org\/pt-br\/noticias\/un-papa-con-espiritu-misionero-el-camino-de-prevost-antes-del-papado\/","og_site_name":"Fasta","article_publisher":"https:\/\/www.facebook.com\/MovimientoFasta","article_modified_time":"2025-06-09T16:21:33+00:00","og_image":[{"width":2560,"height":1537,"url":"https:\/\/www.fasta.org\/wp-content\/uploads\/2025\/06\/papa-leon_nota-scaled.webp","type":"image\/webp"}],"twitter_card":"summary_large_image","twitter_misc":{"Est. tempo de leitura":"4 minutos"},"schema":{"@context":"https:\/\/schema.org","@graph":[{"@type":"WebPage","@id":"https:\/\/www.fasta.org\/pt-br\/noticias\/un-papa-con-espiritu-misionero-el-camino-de-prevost-antes-del-papado\/","url":"https:\/\/www.fasta.org\/pt-br\/noticias\/un-papa-con-espiritu-misionero-el-camino-de-prevost-antes-del-papado\/","name":"Un papa con esp\u00edritu misionero: el camino de Prevost antes del papado - Fasta","isPartOf":{"@id":"https:\/\/www.fasta.org\/pt-br\/#website"},"primaryImageOfPage":{"@id":"https:\/\/www.fasta.org\/pt-br\/noticias\/un-papa-con-espiritu-misionero-el-camino-de-prevost-antes-del-papado\/#primaryimage"},"image":{"@id":"https:\/\/www.fasta.org\/pt-br\/noticias\/un-papa-con-espiritu-misionero-el-camino-de-prevost-antes-del-papado\/#primaryimage"},"thumbnailUrl":"https:\/\/www.fasta.org\/wp-content\/uploads\/2025\/06\/papa-leon_nota-scaled.webp","datePublished":"2025-06-09T16:21:31+00:00","dateModified":"2025-06-09T16:21:33+00:00","breadcrumb":{"@id":"https:\/\/www.fasta.org\/pt-br\/noticias\/un-papa-con-espiritu-misionero-el-camino-de-prevost-antes-del-papado\/#breadcrumb"},"inLanguage":"pt-BR","potentialAction":[{"@type":"ReadAction","target":["https:\/\/www.fasta.org\/pt-br\/noticias\/un-papa-con-espiritu-misionero-el-camino-de-prevost-antes-del-papado\/"]}]},{"@type":"ImageObject","inLanguage":"pt-BR","@id":"https:\/\/www.fasta.org\/pt-br\/noticias\/un-papa-con-espiritu-misionero-el-camino-de-prevost-antes-del-papado\/#primaryimage","url":"https:\/\/www.fasta.org\/wp-content\/uploads\/2025\/06\/papa-leon_nota-scaled.webp","contentUrl":"https:\/\/www.fasta.org\/wp-content\/uploads\/2025\/06\/papa-leon_nota-scaled.webp","width":2560,"height":1537},{"@type":"BreadcrumbList","@id":"https:\/\/www.fasta.org\/pt-br\/noticias\/un-papa-con-espiritu-misionero-el-camino-de-prevost-antes-del-papado\/#breadcrumb","itemListElement":[{"@type":"ListItem","position":1,"name":"Portada","item":"https:\/\/www.fasta.org\/pt-br\/"},{"@type":"ListItem","position":2,"name":"Noticias","item":"https:\/\/www.fasta.org\/pt-br\/noticias\/"},{"@type":"ListItem","position":3,"name":"Un papa con esp\u00edritu misionero: el camino de Prevost antes del papado"}]},{"@type":"WebSite","@id":"https:\/\/www.fasta.org\/pt-br\/#website","url":"https:\/\/www.fasta.org\/pt-br\/","name":"Fasta","description":"Fraternidad de Agrupaciones Santo Tom\u00e1s de Aquino","publisher":{"@id":"https:\/\/www.fasta.org\/pt-br\/#organization"},"potentialAction":[{"@type":"SearchAction","target":{"@type":"EntryPoint","urlTemplate":"https:\/\/www.fasta.org\/pt-br\/?s={search_term_string}"},"query-input":{"@type":"PropertyValueSpecification","valueRequired":true,"valueName":"search_term_string"}}],"inLanguage":"pt-BR"},{"@type":"Organization","@id":"https:\/\/www.fasta.org\/pt-br\/#organization","name":"Fasta","url":"https:\/\/www.fasta.org\/pt-br\/","logo":{"@type":"ImageObject","inLanguage":"pt-BR","@id":"https:\/\/www.fasta.org\/pt-br\/#\/schema\/logo\/image\/","url":"https:\/\/www.fasta.org\/wp-content\/uploads\/2021\/08\/Marca-Fasta.png","contentUrl":"https:\/\/www.fasta.org\/wp-content\/uploads\/2021\/08\/Marca-Fasta.png","width":1595,"height":644,"caption":"Fasta"},"image":{"@id":"https:\/\/www.fasta.org\/pt-br\/#\/schema\/logo\/image\/"},"sameAs":["https:\/\/www.facebook.com\/MovimientoFasta"]}]}},"_links":{"self":[{"href":"https:\/\/www.fasta.org\/pt-br\/wp-json\/wp\/v2\/noticias\/1755223","targetHints":{"allow":["GET"]}}],"collection":[{"href":"https:\/\/www.fasta.org\/pt-br\/wp-json\/wp\/v2\/noticias"}],"about":[{"href":"https:\/\/www.fasta.org\/pt-br\/wp-json\/wp\/v2\/types\/noticias"}],"version-history":[{"count":2,"href":"https:\/\/www.fasta.org\/pt-br\/wp-json\/wp\/v2\/noticias\/1755223\/revisions"}],"predecessor-version":[{"id":1755246,"href":"https:\/\/www.fasta.org\/pt-br\/wp-json\/wp\/v2\/noticias\/1755223\/revisions\/1755246"}],"wp:featuredmedia":[{"embeddable":true,"href":"https:\/\/www.fasta.org\/pt-br\/wp-json\/wp\/v2\/media\/1755293"}],"wp:attachment":[{"href":"https:\/\/www.fasta.org\/pt-br\/wp-json\/wp\/v2\/media?parent=1755223"}],"wp:term":[{"taxonomy":"fuente_noticia","embeddable":true,"href":"https:\/\/www.fasta.org\/pt-br\/wp-json\/wp\/v2\/fuente_noticia?post=1755223"},{"taxonomy":"categorias_noticia","embeddable":true,"href":"https:\/\/www.fasta.org\/pt-br\/wp-json\/wp\/v2\/categorias_noticia?post=1755223"},{"taxonomy":"origen_noticia","embeddable":true,"href":"https:\/\/www.fasta.org\/pt-br\/wp-json\/wp\/v2\/origen_noticia?post=1755223"}],"curies":[{"name":"wp","href":"https:\/\/api.w.org\/{rel}","templated":true}]}}