{"id":2247552,"date":"2026-03-27T10:01:50","date_gmt":"2026-03-27T13:01:50","guid":{"rendered":"https:\/\/www.fasta.org\/?post_type=noticias&#038;p=2247552"},"modified":"2026-03-27T10:01:54","modified_gmt":"2026-03-27T13:01:54","slug":"se-realizo-la-primera-reunion-del-ano-del-directorio-de-la-fraternidad-sacerdotal","status":"publish","type":"noticias","link":"https:\/\/www.fasta.org\/fr\/noticias\/se-realizo-la-primera-reunion-del-ano-del-directorio-de-la-fraternidad-sacerdotal\/","title":{"rendered":"Se realiz\u00f3 la primera reuni\u00f3n del a\u00f1o del Directorio de la Fraternidad Sacerdotal"},"content":{"rendered":"\n<p>El mi\u00e9rcoles 18 de marzo tuvo lugar la primera reuni\u00f3n del Directorio de la Fraternidad Sacerdotal correspondiente al a\u00f1o 2026. El encuentro comenz\u00f3 con la reflexi\u00f3n de la homil\u00eda del cardenal Rossi en la fiesta del Santo Cura Brochero, celebrada en Carreta Quemada.<\/p>\n\n\n\n<p>En orden a fortalecer una relaci\u00f3n m\u00e1s cercana que favorezca el di\u00e1logo y el discernimiento entre las Fraternidades, participaron tambi\u00e9n algunos miembros del Directorio de Fasta Laical: el Secretario General, Dr. Leandro Morf\u00fa; el Director General del Movimiento, Carlos Fern\u00e1ndez (h), el Director General de Educaci\u00f3n, Lic. Juan Manuel del Valle y el Secretario de Gesti\u00f3n Estrat\u00e9gica, Ing. Julio Parravicini (h).<\/p>\n\n\n\n<p>Durante la reuni\u00f3n, el Secretario General present\u00f3 las prioridades de gesti\u00f3n de la Presidencia y del Directorio de Fasta para el per\u00edodo 2025\u20132028.<\/p>\n\n\n\n<p>Por su parte, el Director General del Movimiento explic\u00f3 c\u00f3mo esas prioridades se aplican a su \u00e1mbito, junto con una exposici\u00f3n sobre la situaci\u00f3n de las comunidades, tanto en Argentina como en el resto de la Ciudad Miliciana.<\/p>\n\n\n\n<p>A continuaci\u00f3n, el Director de la Direcci\u00f3n General de Educaci\u00f3n expuso acerca de la distinci\u00f3n de los \u00e1mbitos y la regionalizaci\u00f3n de la Red Educativa, as\u00ed como algunos aspectos del Consejo de Educaci\u00f3n y la situaci\u00f3n de determinados colegios de la Red Educativa Fasta.<\/p>\n\n\n\n<p>Finalmente, el Pbro. Pedro Giunta coment\u00f3 la experiencia de la Peregrinaci\u00f3n del Seminario, y otros aspectos sobre la formaci\u00f3n y las pr\u00f3ximas actividades previstas que son:&nbsp; celebraci\u00f3n de la Semana Santa con la comunidad de Fasta Tucum\u00e1n y la visita a la comunidad de Fasta Jujuy en el mes de junio.<\/p>\n","protected":false},"excerpt":{"rendered":"<p>El mi\u00e9rcoles 18 de marzo tuvo lugar la primera reuni\u00f3n del Directorio de la Fraternidad Sacerdotal correspondiente al a\u00f1o 2026. El encuentro comenz\u00f3 con la reflexi\u00f3n de la homil\u00eda del cardenal Rossi en la fiesta del Santo Cura Brochero, celebrada en Carreta Quemada. En orden a fortalecer una relaci\u00f3n m\u00e1s cercana que favorezca el di\u00e1logo [&hellip;]<\/p>\n","protected":false},"featured_media":2247560,"template":"","fuente_noticia":[],"categorias_noticia":[179],"origen_noticia":[69],"class_list":["post-2247552","noticias","type-noticias","status-publish","has-post-thumbnail","hentry","categorias_noticia-fraternidad-sacerdotal","origen_noticia-propia"],"acf":[],"yoast_head":"<!-- This site is optimized with the Yoast SEO plugin v27.4 - https:\/\/yoast.com\/product\/yoast-seo-wordpress\/ -->\n<title>Se realiz\u00f3 la primera reuni\u00f3n del a\u00f1o del Directorio de la Fraternidad Sacerdotal - Fasta<\/title>\n<meta name=\"robots\" content=\"index, follow, max-snippet:-1, max-image-preview:large, max-video-preview:-1\" \/>\n<link rel=\"canonical\" href=\"https:\/\/www.fasta.org\/fr\/noticias\/se-realizo-la-primera-reunion-del-ano-del-directorio-de-la-fraternidad-sacerdotal\/\" \/>\n<meta property=\"og:locale\" content=\"fr_FR\" \/>\n<meta property=\"og:type\" content=\"article\" \/>\n<meta property=\"og:title\" content=\"Se realiz\u00f3 la primera reuni\u00f3n del a\u00f1o del Directorio de la Fraternidad Sacerdotal - Fasta\" \/>\n<meta property=\"og:description\" content=\"El mi\u00e9rcoles 18 de marzo tuvo lugar la primera reuni\u00f3n del Directorio de la Fraternidad Sacerdotal correspondiente al a\u00f1o 2026. El encuentro comenz\u00f3 con la reflexi\u00f3n de la homil\u00eda del cardenal Rossi en la fiesta del Santo Cura Brochero, celebrada en Carreta Quemada. En orden a fortalecer una relaci\u00f3n m\u00e1s cercana que favorezca el di\u00e1logo [&hellip;]\" \/>\n<meta property=\"og:url\" content=\"https:\/\/www.fasta.org\/fr\/noticias\/se-realizo-la-primera-reunion-del-ano-del-directorio-de-la-fraternidad-sacerdotal\/\" \/>\n<meta property=\"og:site_name\" content=\"Fasta\" \/>\n<meta property=\"article:publisher\" content=\"https:\/\/www.facebook.com\/MovimientoFasta\" \/>\n<meta property=\"article:modified_time\" content=\"2026-03-27T13:01:54+00:00\" \/>\n<meta property=\"og:image\" content=\"https:\/\/www.fasta.org\/wp-content\/uploads\/2026\/03\/Fotos-InfoCiudad-463r_Formacion-09.webp\" \/>\n\t<meta property=\"og:image:width\" content=\"1500\" \/>\n\t<meta property=\"og:image:height\" content=\"700\" \/>\n\t<meta property=\"og:image:type\" content=\"image\/webp\" \/>\n<meta name=\"twitter:card\" content=\"summary_large_image\" \/>\n<meta name=\"twitter:label1\" content=\"Dur\u00e9e de lecture estim\u00e9e\" \/>\n\t<meta name=\"twitter:data1\" content=\"2 minutes\" \/>\n<script type=\"application\/ld+json\" class=\"yoast-schema-graph\">{\"@context\":\"https:\\\/\\\/schema.org\",\"@graph\":[{\"@type\":\"WebPage\",\"@id\":\"https:\\\/\\\/www.fasta.org\\\/fr\\\/noticias\\\/se-realizo-la-primera-reunion-del-ano-del-directorio-de-la-fraternidad-sacerdotal\\\/\",\"url\":\"https:\\\/\\\/www.fasta.org\\\/fr\\\/noticias\\\/se-realizo-la-primera-reunion-del-ano-del-directorio-de-la-fraternidad-sacerdotal\\\/\",\"name\":\"Se realiz\u00f3 la primera reuni\u00f3n del a\u00f1o del Directorio de la Fraternidad Sacerdotal - Fasta\",\"isPartOf\":{\"@id\":\"https:\\\/\\\/www.fasta.org\\\/fr\\\/#website\"},\"primaryImageOfPage\":{\"@id\":\"https:\\\/\\\/www.fasta.org\\\/fr\\\/noticias\\\/se-realizo-la-primera-reunion-del-ano-del-directorio-de-la-fraternidad-sacerdotal\\\/#primaryimage\"},\"image\":{\"@id\":\"https:\\\/\\\/www.fasta.org\\\/fr\\\/noticias\\\/se-realizo-la-primera-reunion-del-ano-del-directorio-de-la-fraternidad-sacerdotal\\\/#primaryimage\"},\"thumbnailUrl\":\"https:\\\/\\\/www.fasta.org\\\/wp-content\\\/uploads\\\/2026\\\/03\\\/Fotos-InfoCiudad-463r_Formacion-09.webp\",\"datePublished\":\"2026-03-27T13:01:50+00:00\",\"dateModified\":\"2026-03-27T13:01:54+00:00\",\"breadcrumb\":{\"@id\":\"https:\\\/\\\/www.fasta.org\\\/fr\\\/noticias\\\/se-realizo-la-primera-reunion-del-ano-del-directorio-de-la-fraternidad-sacerdotal\\\/#breadcrumb\"},\"inLanguage\":\"fr-FR\",\"potentialAction\":[{\"@type\":\"ReadAction\",\"target\":[\"https:\\\/\\\/www.fasta.org\\\/fr\\\/noticias\\\/se-realizo-la-primera-reunion-del-ano-del-directorio-de-la-fraternidad-sacerdotal\\\/\"]}]},{\"@type\":\"ImageObject\",\"inLanguage\":\"fr-FR\",\"@id\":\"https:\\\/\\\/www.fasta.org\\\/fr\\\/noticias\\\/se-realizo-la-primera-reunion-del-ano-del-directorio-de-la-fraternidad-sacerdotal\\\/#primaryimage\",\"url\":\"https:\\\/\\\/www.fasta.org\\\/wp-content\\\/uploads\\\/2026\\\/03\\\/Fotos-InfoCiudad-463r_Formacion-09.webp\",\"contentUrl\":\"https:\\\/\\\/www.fasta.org\\\/wp-content\\\/uploads\\\/2026\\\/03\\\/Fotos-InfoCiudad-463r_Formacion-09.webp\",\"width\":1500,\"height\":700},{\"@type\":\"BreadcrumbList\",\"@id\":\"https:\\\/\\\/www.fasta.org\\\/fr\\\/noticias\\\/se-realizo-la-primera-reunion-del-ano-del-directorio-de-la-fraternidad-sacerdotal\\\/#breadcrumb\",\"itemListElement\":[{\"@type\":\"ListItem\",\"position\":1,\"name\":\"Portada\",\"item\":\"https:\\\/\\\/www.fasta.org\\\/fr\\\/\"},{\"@type\":\"ListItem\",\"position\":2,\"name\":\"Noticias\",\"item\":\"https:\\\/\\\/www.fasta.org\\\/fr\\\/noticias\\\/\"},{\"@type\":\"ListItem\",\"position\":3,\"name\":\"Se realiz\u00f3 la primera reuni\u00f3n del a\u00f1o del Directorio de la Fraternidad Sacerdotal\"}]},{\"@type\":\"WebSite\",\"@id\":\"https:\\\/\\\/www.fasta.org\\\/fr\\\/#website\",\"url\":\"https:\\\/\\\/www.fasta.org\\\/fr\\\/\",\"name\":\"Fasta\",\"description\":\"Fraternidad de Agrupaciones Santo Tom\u00e1s de Aquino\",\"publisher\":{\"@id\":\"https:\\\/\\\/www.fasta.org\\\/fr\\\/#organization\"},\"potentialAction\":[{\"@type\":\"SearchAction\",\"target\":{\"@type\":\"EntryPoint\",\"urlTemplate\":\"https:\\\/\\\/www.fasta.org\\\/fr\\\/?s={search_term_string}\"},\"query-input\":{\"@type\":\"PropertyValueSpecification\",\"valueRequired\":true,\"valueName\":\"search_term_string\"}}],\"inLanguage\":\"fr-FR\"},{\"@type\":\"Organization\",\"@id\":\"https:\\\/\\\/www.fasta.org\\\/fr\\\/#organization\",\"name\":\"Fasta\",\"url\":\"https:\\\/\\\/www.fasta.org\\\/fr\\\/\",\"logo\":{\"@type\":\"ImageObject\",\"inLanguage\":\"fr-FR\",\"@id\":\"https:\\\/\\\/www.fasta.org\\\/fr\\\/#\\\/schema\\\/logo\\\/image\\\/\",\"url\":\"https:\\\/\\\/www.fasta.org\\\/wp-content\\\/uploads\\\/2021\\\/08\\\/Marca-Fasta.png\",\"contentUrl\":\"https:\\\/\\\/www.fasta.org\\\/wp-content\\\/uploads\\\/2021\\\/08\\\/Marca-Fasta.png\",\"width\":1595,\"height\":644,\"caption\":\"Fasta\"},\"image\":{\"@id\":\"https:\\\/\\\/www.fasta.org\\\/fr\\\/#\\\/schema\\\/logo\\\/image\\\/\"},\"sameAs\":[\"https:\\\/\\\/www.facebook.com\\\/MovimientoFasta\"]}]}<\/script>\n<!-- \/ Yoast SEO plugin. -->","yoast_head_json":{"title":"Se realiz\u00f3 la primera reuni\u00f3n del a\u00f1o del Directorio de la Fraternidad Sacerdotal - Fasta","robots":{"index":"index","follow":"follow","max-snippet":"max-snippet:-1","max-image-preview":"max-image-preview:large","max-video-preview":"max-video-preview:-1"},"canonical":"https:\/\/www.fasta.org\/fr\/noticias\/se-realizo-la-primera-reunion-del-ano-del-directorio-de-la-fraternidad-sacerdotal\/","og_locale":"fr_FR","og_type":"article","og_title":"Se realiz\u00f3 la primera reuni\u00f3n del a\u00f1o del Directorio de la Fraternidad Sacerdotal - Fasta","og_description":"El mi\u00e9rcoles 18 de marzo tuvo lugar la primera reuni\u00f3n del Directorio de la Fraternidad Sacerdotal correspondiente al a\u00f1o 2026. El encuentro comenz\u00f3 con la reflexi\u00f3n de la homil\u00eda del cardenal Rossi en la fiesta del Santo Cura Brochero, celebrada en Carreta Quemada. En orden a fortalecer una relaci\u00f3n m\u00e1s cercana que favorezca el di\u00e1logo [&hellip;]","og_url":"https:\/\/www.fasta.org\/fr\/noticias\/se-realizo-la-primera-reunion-del-ano-del-directorio-de-la-fraternidad-sacerdotal\/","og_site_name":"Fasta","article_publisher":"https:\/\/www.facebook.com\/MovimientoFasta","article_modified_time":"2026-03-27T13:01:54+00:00","og_image":[{"width":1500,"height":700,"url":"https:\/\/www.fasta.org\/wp-content\/uploads\/2026\/03\/Fotos-InfoCiudad-463r_Formacion-09.webp","type":"image\/webp"}],"twitter_card":"summary_large_image","twitter_misc":{"Dur\u00e9e de lecture estim\u00e9e":"2 minutes"},"schema":{"@context":"https:\/\/schema.org","@graph":[{"@type":"WebPage","@id":"https:\/\/www.fasta.org\/fr\/noticias\/se-realizo-la-primera-reunion-del-ano-del-directorio-de-la-fraternidad-sacerdotal\/","url":"https:\/\/www.fasta.org\/fr\/noticias\/se-realizo-la-primera-reunion-del-ano-del-directorio-de-la-fraternidad-sacerdotal\/","name":"Se realiz\u00f3 la primera reuni\u00f3n del a\u00f1o del Directorio de la Fraternidad Sacerdotal - Fasta","isPartOf":{"@id":"https:\/\/www.fasta.org\/fr\/#website"},"primaryImageOfPage":{"@id":"https:\/\/www.fasta.org\/fr\/noticias\/se-realizo-la-primera-reunion-del-ano-del-directorio-de-la-fraternidad-sacerdotal\/#primaryimage"},"image":{"@id":"https:\/\/www.fasta.org\/fr\/noticias\/se-realizo-la-primera-reunion-del-ano-del-directorio-de-la-fraternidad-sacerdotal\/#primaryimage"},"thumbnailUrl":"https:\/\/www.fasta.org\/wp-content\/uploads\/2026\/03\/Fotos-InfoCiudad-463r_Formacion-09.webp","datePublished":"2026-03-27T13:01:50+00:00","dateModified":"2026-03-27T13:01:54+00:00","breadcrumb":{"@id":"https:\/\/www.fasta.org\/fr\/noticias\/se-realizo-la-primera-reunion-del-ano-del-directorio-de-la-fraternidad-sacerdotal\/#breadcrumb"},"inLanguage":"fr-FR","potentialAction":[{"@type":"ReadAction","target":["https:\/\/www.fasta.org\/fr\/noticias\/se-realizo-la-primera-reunion-del-ano-del-directorio-de-la-fraternidad-sacerdotal\/"]}]},{"@type":"ImageObject","inLanguage":"fr-FR","@id":"https:\/\/www.fasta.org\/fr\/noticias\/se-realizo-la-primera-reunion-del-ano-del-directorio-de-la-fraternidad-sacerdotal\/#primaryimage","url":"https:\/\/www.fasta.org\/wp-content\/uploads\/2026\/03\/Fotos-InfoCiudad-463r_Formacion-09.webp","contentUrl":"https:\/\/www.fasta.org\/wp-content\/uploads\/2026\/03\/Fotos-InfoCiudad-463r_Formacion-09.webp","width":1500,"height":700},{"@type":"BreadcrumbList","@id":"https:\/\/www.fasta.org\/fr\/noticias\/se-realizo-la-primera-reunion-del-ano-del-directorio-de-la-fraternidad-sacerdotal\/#breadcrumb","itemListElement":[{"@type":"ListItem","position":1,"name":"Portada","item":"https:\/\/www.fasta.org\/fr\/"},{"@type":"ListItem","position":2,"name":"Noticias","item":"https:\/\/www.fasta.org\/fr\/noticias\/"},{"@type":"ListItem","position":3,"name":"Se realiz\u00f3 la primera reuni\u00f3n del a\u00f1o del Directorio de la Fraternidad Sacerdotal"}]},{"@type":"WebSite","@id":"https:\/\/www.fasta.org\/fr\/#website","url":"https:\/\/www.fasta.org\/fr\/","name":"Fasta","description":"Fraternidad de Agrupaciones Santo Tom\u00e1s de Aquino","publisher":{"@id":"https:\/\/www.fasta.org\/fr\/#organization"},"potentialAction":[{"@type":"SearchAction","target":{"@type":"EntryPoint","urlTemplate":"https:\/\/www.fasta.org\/fr\/?s={search_term_string}"},"query-input":{"@type":"PropertyValueSpecification","valueRequired":true,"valueName":"search_term_string"}}],"inLanguage":"fr-FR"},{"@type":"Organization","@id":"https:\/\/www.fasta.org\/fr\/#organization","name":"Fasta","url":"https:\/\/www.fasta.org\/fr\/","logo":{"@type":"ImageObject","inLanguage":"fr-FR","@id":"https:\/\/www.fasta.org\/fr\/#\/schema\/logo\/image\/","url":"https:\/\/www.fasta.org\/wp-content\/uploads\/2021\/08\/Marca-Fasta.png","contentUrl":"https:\/\/www.fasta.org\/wp-content\/uploads\/2021\/08\/Marca-Fasta.png","width":1595,"height":644,"caption":"Fasta"},"image":{"@id":"https:\/\/www.fasta.org\/fr\/#\/schema\/logo\/image\/"},"sameAs":["https:\/\/www.facebook.com\/MovimientoFasta"]}]}},"_links":{"self":[{"href":"https:\/\/www.fasta.org\/fr\/wp-json\/wp\/v2\/noticias\/2247552","targetHints":{"allow":["GET"]}}],"collection":[{"href":"https:\/\/www.fasta.org\/fr\/wp-json\/wp\/v2\/noticias"}],"about":[{"href":"https:\/\/www.fasta.org\/fr\/wp-json\/wp\/v2\/types\/noticias"}],"version-history":[{"count":1,"href":"https:\/\/www.fasta.org\/fr\/wp-json\/wp\/v2\/noticias\/2247552\/revisions"}],"predecessor-version":[{"id":2247566,"href":"https:\/\/www.fasta.org\/fr\/wp-json\/wp\/v2\/noticias\/2247552\/revisions\/2247566"}],"wp:featuredmedia":[{"embeddable":true,"href":"https:\/\/www.fasta.org\/fr\/wp-json\/wp\/v2\/media\/2247560"}],"wp:attachment":[{"href":"https:\/\/www.fasta.org\/fr\/wp-json\/wp\/v2\/media?parent=2247552"}],"wp:term":[{"taxonomy":"fuente_noticia","embeddable":true,"href":"https:\/\/www.fasta.org\/fr\/wp-json\/wp\/v2\/fuente_noticia?post=2247552"},{"taxonomy":"categorias_noticia","embeddable":true,"href":"https:\/\/www.fasta.org\/fr\/wp-json\/wp\/v2\/categorias_noticia?post=2247552"},{"taxonomy":"origen_noticia","embeddable":true,"href":"https:\/\/www.fasta.org\/fr\/wp-json\/wp\/v2\/origen_noticia?post=2247552"}],"curies":[{"name":"wp","href":"https:\/\/api.w.org\/{rel}","templated":true}]}}