{"id":575085,"date":"2023-03-17T14:32:02","date_gmt":"2023-03-17T17:32:02","guid":{"rendered":"https:\/\/www.fasta.org\/?post_type=noticias&#038;p=575085"},"modified":"2023-08-17T11:01:15","modified_gmt":"2023-08-17T14:01:15","slug":"reunion-de-directorio-del-mes-de-marzo","status":"publish","type":"noticias","link":"https:\/\/www.fasta.org\/en\/noticias\/reunion-de-directorio-del-mes-de-marzo\/","title":{"rendered":"Reuni\u00f3n de Directorio del mes de marzo"},"content":{"rendered":"\n<p><strong>Fue la primera convocatoria presencial del Directorio Ampliado. Se dio inicio, bajo la modalidad taller, el proceso de Autoconciencia Eclesial de Fasta.<\/strong><\/p>\n\n\n\n<p>El mi\u00e9rcoles 8 de marzo se realiz\u00f3 la primera reuni\u00f3n del a\u00f1o del Directorio Ampliado de Fasta en la sede de la Presidencia de Fasta de la Abad\u00eda San Benito. Fue presidida por el Padre Presidente, Pbro. C\u00e9sar Garc\u00e9s Rojas, y el Vicepresidente Ejecutivo de Fasta, Dr. Alejandro Campos. Previo a esta convocatoria, el mi\u00e9rcoles 15 de febrero, los miembros del Directorio participaron de manera virtual de un conversatorio.<\/p>\n\n\n\n<p>Entre los temas tratados, se aprob\u00f3 la renovaci\u00f3n del Lic. Fabrizio Zotta en el cargo de Decano de la Facultad de Periodismo y Comunicaci\u00f3n de la Universidad Fasta. Del mismo modo,&nbsp; el Directorio evalu\u00f3 y aprob\u00f3 la propuesta de los Directores del Movimiento Fasta Argentina de designar al Mil. Guido Solano como nuevo Presidente de la Jurisdicci\u00f3n Fasta Tucum\u00e1n.<\/p>\n\n\n\n<p>Por otro lado, se design\u00f3 como Presidente de la SITA Secci\u00f3n Argentina al Mil. Dr. Leandro Morf\u00fa y, en ese marco, el Padre Presidente agradeci\u00f3 al Mil Dr. Silvano Penna su entrega y compromiso durante estos a\u00f1os de misi\u00f3n.<\/p>\n\n\n\n<p>Durante la reuni\u00f3n se trabajaron cuestiones relacionadas con lo que ser\u00e1 la segunda sesi\u00f3n del Consejo Plenario que inici\u00f3 en octubre del 2022 y finalizar\u00e1 el 6 y 7 de mayo de 2023 en San Mart\u00edn de los Andes. Este encuentro se realizar\u00e1 en el marco del primer aniversario de la Pascua del Fundador y con ella la Ciudad Miliciana concluir\u00e1 el Jubileo Extraordinario por los 60 a\u00f1os de Fasta.<\/p>\n\n\n\n<p>Por \u00faltimo, se avanz\u00f3 sobre definiciones del proceso de Autoconciencia Eclesial que ya ha iniciado con propuestas metodol\u00f3gicas para el Directorio Ampliado de Fasta y miembros de Presidencia. (se ampl\u00eda noticia aqu\u00ed)<\/p>\n\n\n\n<h4 class=\"wp-block-heading\">Nuevo Presidente Jurisdiccional de Tucum\u00e1n<\/h4>\n\n\n\n<p>Guido Solano naci\u00f3 en San Salvador de Jujuy,&nbsp; tiene 42 a\u00f1os, est\u00e1 casado con Mar\u00eda Alejandra Molina,&nbsp; tiene cuatro hijos y esperan el quinto para el mes de junio. Ingres\u00f3 a Fasta en el a\u00f1o 1993 como alumno en el Colegio San Alberto Magno y fue miliciano del Ruca Cunum\u00ed. Durante su vida pas\u00f3 por distintas comunidades como la de Salta, participando de la fundaci\u00f3n de Ruca Aitue; Jujuy como apoderado legal del Colegio Ingeniero Jos\u00e9 Mar\u00eda Paz; y finalmente desde el 2023 se encuentra en Tucum\u00e1n y asumi\u00f3 la misi\u00f3n de ser&nbsp; Delegado del Movimiento para la Regi\u00f3n Norte.<\/p>\n","protected":false},"excerpt":{"rendered":"<p>Fue la primera convocatoria presencial del Directorio Ampliado. Se dio inicio, bajo la modalidad taller, el proceso de Autoconciencia Eclesial de Fasta. El mi\u00e9rcoles 8 de marzo se realiz\u00f3 la primera reuni\u00f3n del a\u00f1o del Directorio Ampliado de Fasta en la sede de la Presidencia de Fasta de la Abad\u00eda San Benito. Fue presidida por [&hellip;]<\/p>\n","protected":false},"featured_media":0,"template":"","fuente_noticia":[],"categorias_noticia":[156],"origen_noticia":[69],"class_list":["post-575085","noticias","type-noticias","status-publish","hentry","categorias_noticia-ciudad","origen_noticia-propia"],"acf":[],"yoast_head":"<!-- This site is optimized with the Yoast SEO plugin v27.4 - https:\/\/yoast.com\/product\/yoast-seo-wordpress\/ -->\n<title>Reuni\u00f3n de Directorio del mes de marzo - Fasta<\/title>\n<meta name=\"description\" content=\"Fue la primera convocatoria presencial del Directorio Ampliado. Se di\u00f3 inicio, bajo la modalidad taller, el proceso de Autoconciencia Eclesial de Fasta.\" \/>\n<meta name=\"robots\" content=\"noindex, follow\" \/>\n<meta property=\"og:locale\" content=\"en_US\" \/>\n<meta property=\"og:type\" content=\"article\" \/>\n<meta property=\"og:title\" content=\"Reuni\u00f3n de Directorio del mes de marzo - Fasta\" \/>\n<meta property=\"og:description\" content=\"Fue la primera convocatoria presencial del Directorio Ampliado. Se di\u00f3 inicio, bajo la modalidad taller, el proceso de Autoconciencia Eclesial de Fasta.\" \/>\n<meta property=\"og:url\" content=\"https:\/\/www.fasta.org\/en\/noticias\/reunion-de-directorio-del-mes-de-marzo\/\" \/>\n<meta property=\"og:site_name\" content=\"Fasta\" \/>\n<meta property=\"article:publisher\" content=\"https:\/\/www.facebook.com\/MovimientoFasta\" \/>\n<meta property=\"article:modified_time\" content=\"2023-08-17T14:01:15+00:00\" \/>\n<meta name=\"twitter:card\" content=\"summary_large_image\" \/>\n<meta name=\"twitter:label1\" content=\"Est. reading time\" \/>\n\t<meta name=\"twitter:data1\" content=\"2 minutes\" \/>\n<script type=\"application\/ld+json\" class=\"yoast-schema-graph\">{\"@context\":\"https:\\\/\\\/schema.org\",\"@graph\":[{\"@type\":\"WebPage\",\"@id\":\"https:\\\/\\\/www.fasta.org\\\/en\\\/noticias\\\/reunion-de-directorio-del-mes-de-marzo\\\/\",\"url\":\"https:\\\/\\\/www.fasta.org\\\/en\\\/noticias\\\/reunion-de-directorio-del-mes-de-marzo\\\/\",\"name\":\"Reuni\u00f3n de Directorio del mes de marzo - Fasta\",\"isPartOf\":{\"@id\":\"https:\\\/\\\/www.fasta.org\\\/en\\\/#website\"},\"datePublished\":\"2023-03-17T17:32:02+00:00\",\"dateModified\":\"2023-08-17T14:01:15+00:00\",\"description\":\"Fue la primera convocatoria presencial del Directorio Ampliado. Se di\u00f3 inicio, bajo la modalidad taller, el proceso de Autoconciencia Eclesial de Fasta.\",\"breadcrumb\":{\"@id\":\"https:\\\/\\\/www.fasta.org\\\/en\\\/noticias\\\/reunion-de-directorio-del-mes-de-marzo\\\/#breadcrumb\"},\"inLanguage\":\"en-US\",\"potentialAction\":[{\"@type\":\"ReadAction\",\"target\":[\"https:\\\/\\\/www.fasta.org\\\/en\\\/noticias\\\/reunion-de-directorio-del-mes-de-marzo\\\/\"]}]},{\"@type\":\"BreadcrumbList\",\"@id\":\"https:\\\/\\\/www.fasta.org\\\/en\\\/noticias\\\/reunion-de-directorio-del-mes-de-marzo\\\/#breadcrumb\",\"itemListElement\":[{\"@type\":\"ListItem\",\"position\":1,\"name\":\"Portada\",\"item\":\"https:\\\/\\\/www.fasta.org\\\/en\\\/home\\\/\"},{\"@type\":\"ListItem\",\"position\":2,\"name\":\"Noticias\",\"item\":\"https:\\\/\\\/www.fasta.org\\\/en\\\/noticias\\\/\"},{\"@type\":\"ListItem\",\"position\":3,\"name\":\"Reuni\u00f3n de Directorio del mes de marzo\"}]},{\"@type\":\"WebSite\",\"@id\":\"https:\\\/\\\/www.fasta.org\\\/en\\\/#website\",\"url\":\"https:\\\/\\\/www.fasta.org\\\/en\\\/\",\"name\":\"Fasta\",\"description\":\"Fraternidad de Agrupaciones Santo Tom\u00e1s de Aquino\",\"publisher\":{\"@id\":\"https:\\\/\\\/www.fasta.org\\\/en\\\/#organization\"},\"potentialAction\":[{\"@type\":\"SearchAction\",\"target\":{\"@type\":\"EntryPoint\",\"urlTemplate\":\"https:\\\/\\\/www.fasta.org\\\/en\\\/?s={search_term_string}\"},\"query-input\":{\"@type\":\"PropertyValueSpecification\",\"valueRequired\":true,\"valueName\":\"search_term_string\"}}],\"inLanguage\":\"en-US\"},{\"@type\":\"Organization\",\"@id\":\"https:\\\/\\\/www.fasta.org\\\/en\\\/#organization\",\"name\":\"Fasta\",\"url\":\"https:\\\/\\\/www.fasta.org\\\/en\\\/\",\"logo\":{\"@type\":\"ImageObject\",\"inLanguage\":\"en-US\",\"@id\":\"https:\\\/\\\/www.fasta.org\\\/en\\\/#\\\/schema\\\/logo\\\/image\\\/\",\"url\":\"https:\\\/\\\/www.fasta.org\\\/wp-content\\\/uploads\\\/2021\\\/08\\\/Marca-Fasta.png\",\"contentUrl\":\"https:\\\/\\\/www.fasta.org\\\/wp-content\\\/uploads\\\/2021\\\/08\\\/Marca-Fasta.png\",\"width\":1595,\"height\":644,\"caption\":\"Fasta\"},\"image\":{\"@id\":\"https:\\\/\\\/www.fasta.org\\\/en\\\/#\\\/schema\\\/logo\\\/image\\\/\"},\"sameAs\":[\"https:\\\/\\\/www.facebook.com\\\/MovimientoFasta\"]}]}<\/script>\n<!-- \/ Yoast SEO plugin. -->","yoast_head_json":{"title":"Reuni\u00f3n de Directorio del mes de marzo - Fasta","description":"Fue la primera convocatoria presencial del Directorio Ampliado. Se di\u00f3 inicio, bajo la modalidad taller, el proceso de Autoconciencia Eclesial de Fasta.","robots":{"index":"noindex","follow":"follow"},"og_locale":"en_US","og_type":"article","og_title":"Reuni\u00f3n de Directorio del mes de marzo - Fasta","og_description":"Fue la primera convocatoria presencial del Directorio Ampliado. Se di\u00f3 inicio, bajo la modalidad taller, el proceso de Autoconciencia Eclesial de Fasta.","og_url":"https:\/\/www.fasta.org\/en\/noticias\/reunion-de-directorio-del-mes-de-marzo\/","og_site_name":"Fasta","article_publisher":"https:\/\/www.facebook.com\/MovimientoFasta","article_modified_time":"2023-08-17T14:01:15+00:00","twitter_card":"summary_large_image","twitter_misc":{"Est. reading time":"2 minutes"},"schema":{"@context":"https:\/\/schema.org","@graph":[{"@type":"WebPage","@id":"https:\/\/www.fasta.org\/en\/noticias\/reunion-de-directorio-del-mes-de-marzo\/","url":"https:\/\/www.fasta.org\/en\/noticias\/reunion-de-directorio-del-mes-de-marzo\/","name":"Reuni\u00f3n de Directorio del mes de marzo - Fasta","isPartOf":{"@id":"https:\/\/www.fasta.org\/en\/#website"},"datePublished":"2023-03-17T17:32:02+00:00","dateModified":"2023-08-17T14:01:15+00:00","description":"Fue la primera convocatoria presencial del Directorio Ampliado. Se di\u00f3 inicio, bajo la modalidad taller, el proceso de Autoconciencia Eclesial de Fasta.","breadcrumb":{"@id":"https:\/\/www.fasta.org\/en\/noticias\/reunion-de-directorio-del-mes-de-marzo\/#breadcrumb"},"inLanguage":"en-US","potentialAction":[{"@type":"ReadAction","target":["https:\/\/www.fasta.org\/en\/noticias\/reunion-de-directorio-del-mes-de-marzo\/"]}]},{"@type":"BreadcrumbList","@id":"https:\/\/www.fasta.org\/en\/noticias\/reunion-de-directorio-del-mes-de-marzo\/#breadcrumb","itemListElement":[{"@type":"ListItem","position":1,"name":"Portada","item":"https:\/\/www.fasta.org\/en\/home\/"},{"@type":"ListItem","position":2,"name":"Noticias","item":"https:\/\/www.fasta.org\/en\/noticias\/"},{"@type":"ListItem","position":3,"name":"Reuni\u00f3n de Directorio del mes de marzo"}]},{"@type":"WebSite","@id":"https:\/\/www.fasta.org\/en\/#website","url":"https:\/\/www.fasta.org\/en\/","name":"Fasta","description":"Fraternidad de Agrupaciones Santo Tom\u00e1s de Aquino","publisher":{"@id":"https:\/\/www.fasta.org\/en\/#organization"},"potentialAction":[{"@type":"SearchAction","target":{"@type":"EntryPoint","urlTemplate":"https:\/\/www.fasta.org\/en\/?s={search_term_string}"},"query-input":{"@type":"PropertyValueSpecification","valueRequired":true,"valueName":"search_term_string"}}],"inLanguage":"en-US"},{"@type":"Organization","@id":"https:\/\/www.fasta.org\/en\/#organization","name":"Fasta","url":"https:\/\/www.fasta.org\/en\/","logo":{"@type":"ImageObject","inLanguage":"en-US","@id":"https:\/\/www.fasta.org\/en\/#\/schema\/logo\/image\/","url":"https:\/\/www.fasta.org\/wp-content\/uploads\/2021\/08\/Marca-Fasta.png","contentUrl":"https:\/\/www.fasta.org\/wp-content\/uploads\/2021\/08\/Marca-Fasta.png","width":1595,"height":644,"caption":"Fasta"},"image":{"@id":"https:\/\/www.fasta.org\/en\/#\/schema\/logo\/image\/"},"sameAs":["https:\/\/www.facebook.com\/MovimientoFasta"]}]}},"_links":{"self":[{"href":"https:\/\/www.fasta.org\/en\/wp-json\/wp\/v2\/noticias\/575085","targetHints":{"allow":["GET"]}}],"collection":[{"href":"https:\/\/www.fasta.org\/en\/wp-json\/wp\/v2\/noticias"}],"about":[{"href":"https:\/\/www.fasta.org\/en\/wp-json\/wp\/v2\/types\/noticias"}],"version-history":[{"count":9,"href":"https:\/\/www.fasta.org\/en\/wp-json\/wp\/v2\/noticias\/575085\/revisions"}],"predecessor-version":[{"id":794127,"href":"https:\/\/www.fasta.org\/en\/wp-json\/wp\/v2\/noticias\/575085\/revisions\/794127"}],"wp:attachment":[{"href":"https:\/\/www.fasta.org\/en\/wp-json\/wp\/v2\/media?parent=575085"}],"wp:term":[{"taxonomy":"fuente_noticia","embeddable":true,"href":"https:\/\/www.fasta.org\/en\/wp-json\/wp\/v2\/fuente_noticia?post=575085"},{"taxonomy":"categorias_noticia","embeddable":true,"href":"https:\/\/www.fasta.org\/en\/wp-json\/wp\/v2\/categorias_noticia?post=575085"},{"taxonomy":"origen_noticia","embeddable":true,"href":"https:\/\/www.fasta.org\/en\/wp-json\/wp\/v2\/origen_noticia?post=575085"}],"curies":[{"name":"wp","href":"https:\/\/api.w.org\/{rel}","templated":true}]}}