{"id":2493478,"date":"2026-09-02T12:08:00","date_gmt":"2026-09-02T15:08:00","guid":{"rendered":"https:\/\/www.fasta.org\/?post_type=noticias&#038;p=2493478"},"modified":"2026-09-03T08:26:58","modified_gmt":"2026-09-03T11:26:58","slug":"los-jovenes-de-argentina-ya-suenan-los-campamentos-nacionales","status":"publish","type":"noticias","link":"https:\/\/www.fasta.org\/en\/noticias\/los-jovenes-de-argentina-ya-suenan-los-campamentos-nacionales\/","title":{"rendered":"Los j\u00f3venes de Argentina ya sue\u00f1an los campamentos nacionales"},"content":{"rendered":"\n<p class=\"wp-block-paragraph\">En Fasta, los campamentos comienzan a vivirse muchos meses antes de que se concrete la actividad. Con la alegr\u00eda de servir a los dem\u00e1s, los jefes planifican, sue\u00f1an y, especialmente, rezan por cada actividad, por sus participantes y por los frutos que pueda suscitar.&nbsp;<\/p>\n\n\n\n<p class=\"wp-block-paragraph\">En enero se llevar\u00e1n a cabo en Mendoza los campamentos de verano, que este a\u00f1o tendr\u00e1n alcance nacional. Para comenzar a hacerlos realidad, las Agrupaciones Menores se reunieron del 15 al 17 de agosto en C\u00f3rdoba y dieron inicio a las primeras instancias de planificaci\u00f3n.<\/p>\n\n\n\n<p class=\"wp-block-paragraph\"><strong>Campamento Nacional de la Agrupaci\u00f3n Masculina<\/strong><\/p>\n\n\n\n<p class=\"wp-block-paragraph\">La actividad de enero ser\u00e1 un espacio de encuentro donde los milicianos puedan puedan redescubrirse como hijos de Dios, herederos del Cielo. Esto ser\u00e1 a trav\u00e9s de la vida en comunidad, el estilo de Fasta y a trav\u00e9s de un liderazgo en el que los jefes ejerzan una verdadera paternidad espiritual.<\/p>\n\n\n\n<p class=\"wp-block-paragraph\">El Jefe de campamento, Mil. Esteban Filippe, coment\u00f3 <em>\u201cla reuni\u00f3n de C\u00f3rdoba fue en s\u00ed misma una gran actividad, donde tuve la gracia de ver a m\u00e1s de 100 jefes de la masculina de todo el pa\u00eds alegres y fervorosos, sin miedo a entregarse en pos de un desaf\u00edo dif\u00edcil y heroico que, sabemos, tiene el potencial de ser un hito vocacional para la vida de todos los Templarios y Escuderos que participen\u201d<\/em>.<\/p>\n\n\n\n<figure class=\"wp-block-image size-large\"><img fetchpriority=\"high\" decoding=\"async\" width=\"1024\" height=\"390\" src=\"https:\/\/www.fasta.org\/wp-content\/uploads\/2026\/09\/Mesa-de-trabajo-2-1024x390.webp\" alt=\"\" class=\"wp-image-2493499\" srcset=\"https:\/\/www.fasta.org\/wp-content\/uploads\/2026\/09\/Mesa-de-trabajo-2-1024x390.webp 1024w, https:\/\/www.fasta.org\/wp-content\/uploads\/2026\/09\/Mesa-de-trabajo-2-300x114.webp 300w, https:\/\/www.fasta.org\/wp-content\/uploads\/2026\/09\/Mesa-de-trabajo-2-768x293.webp 768w, https:\/\/www.fasta.org\/wp-content\/uploads\/2026\/09\/Mesa-de-trabajo-2-150x57.webp 150w, https:\/\/www.fasta.org\/wp-content\/uploads\/2026\/09\/Mesa-de-trabajo-2.webp 1501w\" sizes=\"(max-width: 1024px) 100vw, 1024px\" \/><\/figure>\n\n\n\n<p class=\"wp-block-paragraph\"><strong>Campamento Nacional de la Agrupaci\u00f3n Femenina<\/strong><\/p>\n\n\n\n<p class=\"wp-block-paragraph\">Los campamentos se empezaron a vivir en comunidad, la actividad de agosto reuni\u00f3 a todas las jefas con el prop\u00f3sito de poner el coraz\u00f3n al servicio de la misi\u00f3n. Fue un fin de semana muy fruct\u00edfero, no solo para empezar a so\u00f1ar el campamento, sino tambi\u00e9n para comenzar a vivirlo.<\/p>\n\n\n\n<p class=\"wp-block-paragraph\"><em>\u201cQuisimos vivenciar un poco de lo que queremos transmitirles a las milicianas: el amor de nuestro Padre, que nos ama profundamente y nos recibe en su casa, aunque nos hayamos alejado, como aquel hijo pr\u00f3digo\u201d<\/em> explic\u00f3 la Mil. Constanza Pe\u00f1aloza, Jefa del Campamento.<\/p>\n\n\n\n<figure class=\"wp-block-image size-large\"><img decoding=\"async\" width=\"1024\" height=\"391\" src=\"https:\/\/www.fasta.org\/wp-content\/uploads\/2026\/09\/Mesa-de-trabajo-3-1024x391.webp\" alt=\"\" class=\"wp-image-2493495\" srcset=\"https:\/\/www.fasta.org\/wp-content\/uploads\/2026\/09\/Mesa-de-trabajo-3-1024x391.webp 1024w, https:\/\/www.fasta.org\/wp-content\/uploads\/2026\/09\/Mesa-de-trabajo-3-300x115.webp 300w, https:\/\/www.fasta.org\/wp-content\/uploads\/2026\/09\/Mesa-de-trabajo-3-768x293.webp 768w, https:\/\/www.fasta.org\/wp-content\/uploads\/2026\/09\/Mesa-de-trabajo-3-150x57.webp 150w, https:\/\/www.fasta.org\/wp-content\/uploads\/2026\/09\/Mesa-de-trabajo-3.webp 1501w\" sizes=\"(max-width: 1024px) 100vw, 1024px\" \/><\/figure>\n\n\n\n<p class=\"wp-block-paragraph\"><strong>Campamento Nacional de Milicianos<\/strong><\/p>\n\n\n\n<p class=\"wp-block-paragraph\">Este a\u00f1o los milicianos de la XIII\u00b0 y XIV\u00b0 generaci\u00f3n se encontrar\u00e1n en la provincia de Mendoza, del 15 al 22 de enero, para vivir juntos un nuevo Campamento Nacional. El Mil. Ignacio Martinez Derlindati expres\u00f3 <em>\u201chabiendo vivido ya la experiencia de ser Predicadores de la Verdad, este campamento nos invita a convertirnos en verdaderos Protagonistas del Bien Com\u00fan. Esto implica discernir sobre el lugar que ocupamos en el mundo, comprender la realidad que nos atraviesa y animarnos a no ser simples espectadores, sino a comprometernos activamente con una mirada esperanzada del mundo y especialmente de nuestra Patria, fiel a nuestro estilo miliciano\u201d<\/em>.<\/p>\n\n\n\n<figure class=\"wp-block-image size-large\"><img decoding=\"async\" width=\"1024\" height=\"390\" src=\"https:\/\/www.fasta.org\/wp-content\/uploads\/2026\/09\/Mesa-de-trabajo-3-copia-1024x390.webp\" alt=\"\" class=\"wp-image-2493491\" srcset=\"https:\/\/www.fasta.org\/wp-content\/uploads\/2026\/09\/Mesa-de-trabajo-3-copia-1024x390.webp 1024w, https:\/\/www.fasta.org\/wp-content\/uploads\/2026\/09\/Mesa-de-trabajo-3-copia-300x114.webp 300w, https:\/\/www.fasta.org\/wp-content\/uploads\/2026\/09\/Mesa-de-trabajo-3-copia-768x293.webp 768w, https:\/\/www.fasta.org\/wp-content\/uploads\/2026\/09\/Mesa-de-trabajo-3-copia-150x57.webp 150w, https:\/\/www.fasta.org\/wp-content\/uploads\/2026\/09\/Mesa-de-trabajo-3-copia.webp 1501w\" sizes=\"(max-width: 1024px) 100vw, 1024px\" \/><\/figure>\n","protected":false},"excerpt":{"rendered":"<p>En Fasta, los campamentos comienzan a vivirse muchos meses antes de que se concrete la actividad. Con la alegr\u00eda de servir a los dem\u00e1s, los jefes planifican, sue\u00f1an y, especialmente, rezan por cada actividad, por sus participantes y por los frutos que pueda suscitar.&nbsp; En enero se llevar\u00e1n a cabo en Mendoza los campamentos de [&hellip;]<\/p>\n","protected":false},"featured_media":2493487,"template":"","fuente_noticia":[],"categorias_noticia":[103],"origen_noticia":[69],"class_list":["post-2493478","noticias","type-noticias","status-publish","has-post-thumbnail","hentry","categorias_noticia-movimiento","origen_noticia-propia"],"acf":[],"yoast_head":"<!-- This site is optimized with the Yoast SEO plugin v27.4 - https:\/\/yoast.com\/product\/yoast-seo-wordpress\/ -->\n<title>Los j\u00f3venes de Argentina ya sue\u00f1an los campamentos nacionales - Fasta<\/title>\n<meta name=\"robots\" content=\"index, follow, max-snippet:-1, max-image-preview:large, max-video-preview:-1\" \/>\n<link rel=\"canonical\" href=\"https:\/\/www.fasta.org\/en\/noticias\/los-jovenes-de-argentina-ya-suenan-los-campamentos-nacionales\/\" \/>\n<meta property=\"og:locale\" content=\"en_US\" \/>\n<meta property=\"og:type\" content=\"article\" \/>\n<meta property=\"og:title\" content=\"Los j\u00f3venes de Argentina ya sue\u00f1an los campamentos nacionales - Fasta\" \/>\n<meta property=\"og:description\" content=\"En Fasta, los campamentos comienzan a vivirse muchos meses antes de que se concrete la actividad. Con la alegr\u00eda de servir a los dem\u00e1s, los jefes planifican, sue\u00f1an y, especialmente, rezan por cada actividad, por sus participantes y por los frutos que pueda suscitar.&nbsp; En enero se llevar\u00e1n a cabo en Mendoza los campamentos de [&hellip;]\" \/>\n<meta property=\"og:url\" content=\"https:\/\/www.fasta.org\/en\/noticias\/los-jovenes-de-argentina-ya-suenan-los-campamentos-nacionales\/\" \/>\n<meta property=\"og:site_name\" content=\"Fasta\" \/>\n<meta property=\"article:publisher\" content=\"https:\/\/www.facebook.com\/MovimientoFasta\" \/>\n<meta property=\"article:modified_time\" content=\"2026-09-03T11:26:58+00:00\" \/>\n<meta property=\"og:image\" content=\"https:\/\/www.fasta.org\/wp-content\/uploads\/2026\/09\/Mesa-de-trabajo-1.webp\" \/>\n\t<meta property=\"og:image:width\" content=\"1501\" \/>\n\t<meta property=\"og:image:height\" content=\"701\" \/>\n\t<meta property=\"og:image:type\" content=\"image\/webp\" \/>\n<meta name=\"twitter:card\" content=\"summary_large_image\" \/>\n<meta name=\"twitter:label1\" content=\"Est. reading time\" \/>\n\t<meta name=\"twitter:data1\" content=\"4 minutes\" \/>\n<script type=\"application\/ld+json\" class=\"yoast-schema-graph\">{\"@context\":\"https:\\\/\\\/schema.org\",\"@graph\":[{\"@type\":\"WebPage\",\"@id\":\"https:\\\/\\\/www.fasta.org\\\/en\\\/noticias\\\/los-jovenes-de-argentina-ya-suenan-los-campamentos-nacionales\\\/\",\"url\":\"https:\\\/\\\/www.fasta.org\\\/en\\\/noticias\\\/los-jovenes-de-argentina-ya-suenan-los-campamentos-nacionales\\\/\",\"name\":\"Los j\u00f3venes de Argentina ya sue\u00f1an los campamentos nacionales - Fasta\",\"isPartOf\":{\"@id\":\"https:\\\/\\\/www.fasta.org\\\/en\\\/#website\"},\"primaryImageOfPage\":{\"@id\":\"https:\\\/\\\/www.fasta.org\\\/en\\\/noticias\\\/los-jovenes-de-argentina-ya-suenan-los-campamentos-nacionales\\\/#primaryimage\"},\"image\":{\"@id\":\"https:\\\/\\\/www.fasta.org\\\/en\\\/noticias\\\/los-jovenes-de-argentina-ya-suenan-los-campamentos-nacionales\\\/#primaryimage\"},\"thumbnailUrl\":\"https:\\\/\\\/www.fasta.org\\\/wp-content\\\/uploads\\\/2026\\\/09\\\/Mesa-de-trabajo-1.webp\",\"datePublished\":\"2026-09-02T15:08:00+00:00\",\"dateModified\":\"2026-09-03T11:26:58+00:00\",\"breadcrumb\":{\"@id\":\"https:\\\/\\\/www.fasta.org\\\/en\\\/noticias\\\/los-jovenes-de-argentina-ya-suenan-los-campamentos-nacionales\\\/#breadcrumb\"},\"inLanguage\":\"en-US\",\"potentialAction\":[{\"@type\":\"ReadAction\",\"target\":[\"https:\\\/\\\/www.fasta.org\\\/en\\\/noticias\\\/los-jovenes-de-argentina-ya-suenan-los-campamentos-nacionales\\\/\"]}]},{\"@type\":\"ImageObject\",\"inLanguage\":\"en-US\",\"@id\":\"https:\\\/\\\/www.fasta.org\\\/en\\\/noticias\\\/los-jovenes-de-argentina-ya-suenan-los-campamentos-nacionales\\\/#primaryimage\",\"url\":\"https:\\\/\\\/www.fasta.org\\\/wp-content\\\/uploads\\\/2026\\\/09\\\/Mesa-de-trabajo-1.webp\",\"contentUrl\":\"https:\\\/\\\/www.fasta.org\\\/wp-content\\\/uploads\\\/2026\\\/09\\\/Mesa-de-trabajo-1.webp\",\"width\":1501,\"height\":701},{\"@type\":\"BreadcrumbList\",\"@id\":\"https:\\\/\\\/www.fasta.org\\\/en\\\/noticias\\\/los-jovenes-de-argentina-ya-suenan-los-campamentos-nacionales\\\/#breadcrumb\",\"itemListElement\":[{\"@type\":\"ListItem\",\"position\":1,\"name\":\"Portada\",\"item\":\"https:\\\/\\\/www.fasta.org\\\/en\\\/home\\\/\"},{\"@type\":\"ListItem\",\"position\":2,\"name\":\"Noticias\",\"item\":\"https:\\\/\\\/www.fasta.org\\\/en\\\/noticias\\\/\"},{\"@type\":\"ListItem\",\"position\":3,\"name\":\"Los j\u00f3venes de Argentina ya sue\u00f1an los campamentos nacionales\"}]},{\"@type\":\"WebSite\",\"@id\":\"https:\\\/\\\/www.fasta.org\\\/en\\\/#website\",\"url\":\"https:\\\/\\\/www.fasta.org\\\/en\\\/\",\"name\":\"Fasta\",\"description\":\"Fraternidad de Agrupaciones Santo Tom\u00e1s de Aquino\",\"publisher\":{\"@id\":\"https:\\\/\\\/www.fasta.org\\\/en\\\/#organization\"},\"potentialAction\":[{\"@type\":\"SearchAction\",\"target\":{\"@type\":\"EntryPoint\",\"urlTemplate\":\"https:\\\/\\\/www.fasta.org\\\/en\\\/?s={search_term_string}\"},\"query-input\":{\"@type\":\"PropertyValueSpecification\",\"valueRequired\":true,\"valueName\":\"search_term_string\"}}],\"inLanguage\":\"en-US\"},{\"@type\":\"Organization\",\"@id\":\"https:\\\/\\\/www.fasta.org\\\/en\\\/#organization\",\"name\":\"Fasta\",\"url\":\"https:\\\/\\\/www.fasta.org\\\/en\\\/\",\"logo\":{\"@type\":\"ImageObject\",\"inLanguage\":\"en-US\",\"@id\":\"https:\\\/\\\/www.fasta.org\\\/en\\\/#\\\/schema\\\/logo\\\/image\\\/\",\"url\":\"https:\\\/\\\/www.fasta.org\\\/wp-content\\\/uploads\\\/2021\\\/08\\\/Marca-Fasta.png\",\"contentUrl\":\"https:\\\/\\\/www.fasta.org\\\/wp-content\\\/uploads\\\/2021\\\/08\\\/Marca-Fasta.png\",\"width\":1595,\"height\":644,\"caption\":\"Fasta\"},\"image\":{\"@id\":\"https:\\\/\\\/www.fasta.org\\\/en\\\/#\\\/schema\\\/logo\\\/image\\\/\"},\"sameAs\":[\"https:\\\/\\\/www.facebook.com\\\/MovimientoFasta\"]}]}<\/script>\n<!-- \/ Yoast SEO plugin. -->","yoast_head_json":{"title":"Los j\u00f3venes de Argentina ya sue\u00f1an los campamentos nacionales - Fasta","robots":{"index":"index","follow":"follow","max-snippet":"max-snippet:-1","max-image-preview":"max-image-preview:large","max-video-preview":"max-video-preview:-1"},"canonical":"https:\/\/www.fasta.org\/en\/noticias\/los-jovenes-de-argentina-ya-suenan-los-campamentos-nacionales\/","og_locale":"en_US","og_type":"article","og_title":"Los j\u00f3venes de Argentina ya sue\u00f1an los campamentos nacionales - Fasta","og_description":"En Fasta, los campamentos comienzan a vivirse muchos meses antes de que se concrete la actividad. Con la alegr\u00eda de servir a los dem\u00e1s, los jefes planifican, sue\u00f1an y, especialmente, rezan por cada actividad, por sus participantes y por los frutos que pueda suscitar.&nbsp; En enero se llevar\u00e1n a cabo en Mendoza los campamentos de [&hellip;]","og_url":"https:\/\/www.fasta.org\/en\/noticias\/los-jovenes-de-argentina-ya-suenan-los-campamentos-nacionales\/","og_site_name":"Fasta","article_publisher":"https:\/\/www.facebook.com\/MovimientoFasta","article_modified_time":"2026-09-03T11:26:58+00:00","og_image":[{"width":1501,"height":701,"url":"https:\/\/www.fasta.org\/wp-content\/uploads\/2026\/09\/Mesa-de-trabajo-1.webp","type":"image\/webp"}],"twitter_card":"summary_large_image","twitter_misc":{"Est. reading time":"4 minutes"},"schema":{"@context":"https:\/\/schema.org","@graph":[{"@type":"WebPage","@id":"https:\/\/www.fasta.org\/en\/noticias\/los-jovenes-de-argentina-ya-suenan-los-campamentos-nacionales\/","url":"https:\/\/www.fasta.org\/en\/noticias\/los-jovenes-de-argentina-ya-suenan-los-campamentos-nacionales\/","name":"Los j\u00f3venes de Argentina ya sue\u00f1an los campamentos nacionales - Fasta","isPartOf":{"@id":"https:\/\/www.fasta.org\/en\/#website"},"primaryImageOfPage":{"@id":"https:\/\/www.fasta.org\/en\/noticias\/los-jovenes-de-argentina-ya-suenan-los-campamentos-nacionales\/#primaryimage"},"image":{"@id":"https:\/\/www.fasta.org\/en\/noticias\/los-jovenes-de-argentina-ya-suenan-los-campamentos-nacionales\/#primaryimage"},"thumbnailUrl":"https:\/\/www.fasta.org\/wp-content\/uploads\/2026\/09\/Mesa-de-trabajo-1.webp","datePublished":"2026-09-02T15:08:00+00:00","dateModified":"2026-09-03T11:26:58+00:00","breadcrumb":{"@id":"https:\/\/www.fasta.org\/en\/noticias\/los-jovenes-de-argentina-ya-suenan-los-campamentos-nacionales\/#breadcrumb"},"inLanguage":"en-US","potentialAction":[{"@type":"ReadAction","target":["https:\/\/www.fasta.org\/en\/noticias\/los-jovenes-de-argentina-ya-suenan-los-campamentos-nacionales\/"]}]},{"@type":"ImageObject","inLanguage":"en-US","@id":"https:\/\/www.fasta.org\/en\/noticias\/los-jovenes-de-argentina-ya-suenan-los-campamentos-nacionales\/#primaryimage","url":"https:\/\/www.fasta.org\/wp-content\/uploads\/2026\/09\/Mesa-de-trabajo-1.webp","contentUrl":"https:\/\/www.fasta.org\/wp-content\/uploads\/2026\/09\/Mesa-de-trabajo-1.webp","width":1501,"height":701},{"@type":"BreadcrumbList","@id":"https:\/\/www.fasta.org\/en\/noticias\/los-jovenes-de-argentina-ya-suenan-los-campamentos-nacionales\/#breadcrumb","itemListElement":[{"@type":"ListItem","position":1,"name":"Portada","item":"https:\/\/www.fasta.org\/en\/home\/"},{"@type":"ListItem","position":2,"name":"Noticias","item":"https:\/\/www.fasta.org\/en\/noticias\/"},{"@type":"ListItem","position":3,"name":"Los j\u00f3venes de Argentina ya sue\u00f1an los campamentos nacionales"}]},{"@type":"WebSite","@id":"https:\/\/www.fasta.org\/en\/#website","url":"https:\/\/www.fasta.org\/en\/","name":"Fasta","description":"Fraternidad de Agrupaciones Santo Tom\u00e1s de Aquino","publisher":{"@id":"https:\/\/www.fasta.org\/en\/#organization"},"potentialAction":[{"@type":"SearchAction","target":{"@type":"EntryPoint","urlTemplate":"https:\/\/www.fasta.org\/en\/?s={search_term_string}"},"query-input":{"@type":"PropertyValueSpecification","valueRequired":true,"valueName":"search_term_string"}}],"inLanguage":"en-US"},{"@type":"Organization","@id":"https:\/\/www.fasta.org\/en\/#organization","name":"Fasta","url":"https:\/\/www.fasta.org\/en\/","logo":{"@type":"ImageObject","inLanguage":"en-US","@id":"https:\/\/www.fasta.org\/en\/#\/schema\/logo\/image\/","url":"https:\/\/www.fasta.org\/wp-content\/uploads\/2021\/08\/Marca-Fasta.png","contentUrl":"https:\/\/www.fasta.org\/wp-content\/uploads\/2021\/08\/Marca-Fasta.png","width":1595,"height":644,"caption":"Fasta"},"image":{"@id":"https:\/\/www.fasta.org\/en\/#\/schema\/logo\/image\/"},"sameAs":["https:\/\/www.facebook.com\/MovimientoFasta"]}]}},"_links":{"self":[{"href":"https:\/\/www.fasta.org\/en\/wp-json\/wp\/v2\/noticias\/2493478","targetHints":{"allow":["GET"]}}],"collection":[{"href":"https:\/\/www.fasta.org\/en\/wp-json\/wp\/v2\/noticias"}],"about":[{"href":"https:\/\/www.fasta.org\/en\/wp-json\/wp\/v2\/types\/noticias"}],"version-history":[{"count":2,"href":"https:\/\/www.fasta.org\/en\/wp-json\/wp\/v2\/noticias\/2493478\/revisions"}],"predecessor-version":[{"id":2495126,"href":"https:\/\/www.fasta.org\/en\/wp-json\/wp\/v2\/noticias\/2493478\/revisions\/2495126"}],"wp:featuredmedia":[{"embeddable":true,"href":"https:\/\/www.fasta.org\/en\/wp-json\/wp\/v2\/media\/2493487"}],"wp:attachment":[{"href":"https:\/\/www.fasta.org\/en\/wp-json\/wp\/v2\/media?parent=2493478"}],"wp:term":[{"taxonomy":"fuente_noticia","embeddable":true,"href":"https:\/\/www.fasta.org\/en\/wp-json\/wp\/v2\/fuente_noticia?post=2493478"},{"taxonomy":"categorias_noticia","embeddable":true,"href":"https:\/\/www.fasta.org\/en\/wp-json\/wp\/v2\/categorias_noticia?post=2493478"},{"taxonomy":"origen_noticia","embeddable":true,"href":"https:\/\/www.fasta.org\/en\/wp-json\/wp\/v2\/origen_noticia?post=2493478"}],"curies":[{"name":"wp","href":"https:\/\/api.w.org\/{rel}","templated":true}]}}