{"id":2480852,"date":"2026-08-28T13:03:38","date_gmt":"2026-08-28T16:03:38","guid":{"rendered":"https:\/\/www.fasta.org\/?post_type=noticias&#038;p=2480852"},"modified":"2026-08-28T13:03:43","modified_gmt":"2026-08-28T16:03:43","slug":"una-vision-comun-de-la-ciudad-desde-las-tres-fraternidades","status":"publish","type":"noticias","link":"https:\/\/www.fasta.org\/en\/noticias\/una-vision-comun-de-la-ciudad-desde-las-tres-fraternidades\/","title":{"rendered":"Una visi\u00f3n com\u00fan de la Ciudad desde las tres fraternidades"},"content":{"rendered":"\n<p class=\"wp-block-paragraph\">Los encuentros realizados durante el a\u00f1o permitieron al Consejo Civitas abordar distintas cuestiones que involucran a toda la Ciudad. Entre los temas m\u00e1s destacados se encuentran la necesidad de volver a profundizar la espiritualidad dominicana, la vinculaci\u00f3n con la Orden Dominicana, la reforma estatutaria y la presencia internacional de Fasta.<\/p>\n\n\n\n<p class=\"wp-block-paragraph\">Fruto del di\u00e1logo se profundiz\u00f3 en distintos modos de hacer presente la espiritualidad dominicana y la figura de Santo Domingo como patrono. En relaci\u00f3n con la vinculaci\u00f3n con la Orden Dominicana, se abordaron las distintas cuestiones vinculadas con la filiaci\u00f3n hist\u00f3rica de Fasta a la Familia Dominicana, con vistas a resolver, en el pr\u00f3ximo Consejo Plenario, el pedido de reincorporaci\u00f3n.<\/p>\n\n\n\n<p class=\"wp-block-paragraph\">Con respecto a la reforma estatutaria se recibi\u00f3 un informe del responsable de la Comisi\u00f3n de Reforma sobre los avances en la actualizaci\u00f3n de los estatutos para responder a las exigencias del Dicasterio para los Laicos, la Familia y la Vida. El proceso se plantea de manera gradual y sinodal, distinguiendo la dimensi\u00f3n jur\u00eddica de la laicidad de la realidad viva de la Ciudad Miliciana.<\/p>\n\n\n\n<p class=\"wp-block-paragraph\">Tambi\u00e9n se analiz\u00f3 el modo posible de que Fasta tenga presencia en Roma y en especial un proyecto de cualificaci\u00f3n acad\u00e9mica en esa ciudad.<\/p>\n\n\n\n<p class=\"wp-block-paragraph\">El Consejo Civitas est\u00e1 formado por representantes de la Fraternidad Laical, Sacerdotal y las Catherinas, siendo presidido por el Presidente de Fasta Pbto. C\u00e9sar Garc\u00e9s. En representaci\u00f3n de la Fraternidad Sacerdotal participan los presb\u00edteros Andr\u00e9s Quiroga, regente de la Fraternidad, y Francisco L\u00e1zzaro, vicerregente. Por parte de las Catherinas, integran el Consejo \u00c1ngela Mar\u00eda Varela, regente de las Catherinas, y Mercedes Sol\u00f3rzano.<\/p>\n\n\n\n<p class=\"wp-block-paragraph\">Actualmente el Secretario de este espacio es el Dr. Valentin Redondo y&nbsp; lo integran adem\u00e1s el Dr. Alejandro Campos, Vicepresidente Ejecutivo de Fasta; el Dr. Silvano Penna, Vicerrector Acad\u00e9mico de la Universidad Fasta; el Dr. Juan Carlos Mena, Rector de la Universidad Fasta; el Cdor. Juan Jos\u00e9 Ferrari, Presidente de la Mutual D\u2019Agostino; el Cdor. Pablo Vittar Marteau, Director de Relaciones Institucionales de Fasta; la Lic. Patricia Rodr\u00edguez, Directora de Formaci\u00f3n de Fasta y Daniel Medina, Director Nacional del Movimiento para la Rep\u00fablica Democr\u00e1tica del Congo.&nbsp;<\/p>\n","protected":false},"excerpt":{"rendered":"<p>Los encuentros realizados durante el a\u00f1o permitieron al Consejo Civitas abordar distintas cuestiones que involucran a toda la Ciudad. Entre los temas m\u00e1s destacados se encuentran la necesidad de volver a profundizar la espiritualidad dominicana, la vinculaci\u00f3n con la Orden Dominicana, la reforma estatutaria y la presencia internacional de Fasta. Fruto del di\u00e1logo se profundiz\u00f3 [&hellip;]<\/p>\n","protected":false},"featured_media":2480857,"template":"","fuente_noticia":[],"categorias_noticia":[156],"origen_noticia":[69],"class_list":["post-2480852","noticias","type-noticias","status-publish","has-post-thumbnail","hentry","categorias_noticia-ciudad","origen_noticia-propia"],"acf":[],"yoast_head":"<!-- This site is optimized with the Yoast SEO plugin v27.4 - https:\/\/yoast.com\/product\/yoast-seo-wordpress\/ -->\n<title>Una visi\u00f3n com\u00fan de la Ciudad desde las tres fraternidades - Fasta<\/title>\n<meta name=\"robots\" content=\"index, follow, max-snippet:-1, max-image-preview:large, max-video-preview:-1\" \/>\n<link rel=\"canonical\" href=\"https:\/\/www.fasta.org\/en\/noticias\/una-vision-comun-de-la-ciudad-desde-las-tres-fraternidades\/\" \/>\n<meta property=\"og:locale\" content=\"en_US\" \/>\n<meta property=\"og:type\" content=\"article\" \/>\n<meta property=\"og:title\" content=\"Una visi\u00f3n com\u00fan de la Ciudad desde las tres fraternidades - Fasta\" \/>\n<meta property=\"og:description\" content=\"Los encuentros realizados durante el a\u00f1o permitieron al Consejo Civitas abordar distintas cuestiones que involucran a toda la Ciudad. Entre los temas m\u00e1s destacados se encuentran la necesidad de volver a profundizar la espiritualidad dominicana, la vinculaci\u00f3n con la Orden Dominicana, la reforma estatutaria y la presencia internacional de Fasta. Fruto del di\u00e1logo se profundiz\u00f3 [&hellip;]\" \/>\n<meta property=\"og:url\" content=\"https:\/\/www.fasta.org\/en\/noticias\/una-vision-comun-de-la-ciudad-desde-las-tres-fraternidades\/\" \/>\n<meta property=\"og:site_name\" content=\"Fasta\" \/>\n<meta property=\"article:publisher\" content=\"https:\/\/www.facebook.com\/MovimientoFasta\" \/>\n<meta property=\"article:modified_time\" content=\"2026-08-28T16:03:43+00:00\" \/>\n<meta property=\"og:image\" content=\"https:\/\/www.fasta.org\/wp-content\/uploads\/2026\/08\/consejo-civitas_11.webp\" \/>\n\t<meta property=\"og:image:width\" content=\"1501\" \/>\n\t<meta property=\"og:image:height\" content=\"701\" \/>\n\t<meta property=\"og:image:type\" content=\"image\/webp\" \/>\n<meta name=\"twitter:card\" content=\"summary_large_image\" \/>\n<meta name=\"twitter:label1\" content=\"Est. reading time\" \/>\n\t<meta name=\"twitter:data1\" content=\"3 minutes\" \/>\n<script type=\"application\/ld+json\" class=\"yoast-schema-graph\">{\"@context\":\"https:\\\/\\\/schema.org\",\"@graph\":[{\"@type\":\"WebPage\",\"@id\":\"https:\\\/\\\/www.fasta.org\\\/en\\\/noticias\\\/una-vision-comun-de-la-ciudad-desde-las-tres-fraternidades\\\/\",\"url\":\"https:\\\/\\\/www.fasta.org\\\/en\\\/noticias\\\/una-vision-comun-de-la-ciudad-desde-las-tres-fraternidades\\\/\",\"name\":\"Una visi\u00f3n com\u00fan de la Ciudad desde las tres fraternidades - Fasta\",\"isPartOf\":{\"@id\":\"https:\\\/\\\/www.fasta.org\\\/en\\\/#website\"},\"primaryImageOfPage\":{\"@id\":\"https:\\\/\\\/www.fasta.org\\\/en\\\/noticias\\\/una-vision-comun-de-la-ciudad-desde-las-tres-fraternidades\\\/#primaryimage\"},\"image\":{\"@id\":\"https:\\\/\\\/www.fasta.org\\\/en\\\/noticias\\\/una-vision-comun-de-la-ciudad-desde-las-tres-fraternidades\\\/#primaryimage\"},\"thumbnailUrl\":\"https:\\\/\\\/www.fasta.org\\\/wp-content\\\/uploads\\\/2026\\\/08\\\/consejo-civitas_11.webp\",\"datePublished\":\"2026-08-28T16:03:38+00:00\",\"dateModified\":\"2026-08-28T16:03:43+00:00\",\"breadcrumb\":{\"@id\":\"https:\\\/\\\/www.fasta.org\\\/en\\\/noticias\\\/una-vision-comun-de-la-ciudad-desde-las-tres-fraternidades\\\/#breadcrumb\"},\"inLanguage\":\"en-US\",\"potentialAction\":[{\"@type\":\"ReadAction\",\"target\":[\"https:\\\/\\\/www.fasta.org\\\/en\\\/noticias\\\/una-vision-comun-de-la-ciudad-desde-las-tres-fraternidades\\\/\"]}]},{\"@type\":\"ImageObject\",\"inLanguage\":\"en-US\",\"@id\":\"https:\\\/\\\/www.fasta.org\\\/en\\\/noticias\\\/una-vision-comun-de-la-ciudad-desde-las-tres-fraternidades\\\/#primaryimage\",\"url\":\"https:\\\/\\\/www.fasta.org\\\/wp-content\\\/uploads\\\/2026\\\/08\\\/consejo-civitas_11.webp\",\"contentUrl\":\"https:\\\/\\\/www.fasta.org\\\/wp-content\\\/uploads\\\/2026\\\/08\\\/consejo-civitas_11.webp\",\"width\":1501,\"height\":701},{\"@type\":\"BreadcrumbList\",\"@id\":\"https:\\\/\\\/www.fasta.org\\\/en\\\/noticias\\\/una-vision-comun-de-la-ciudad-desde-las-tres-fraternidades\\\/#breadcrumb\",\"itemListElement\":[{\"@type\":\"ListItem\",\"position\":1,\"name\":\"Portada\",\"item\":\"https:\\\/\\\/www.fasta.org\\\/en\\\/home\\\/\"},{\"@type\":\"ListItem\",\"position\":2,\"name\":\"Noticias\",\"item\":\"https:\\\/\\\/www.fasta.org\\\/en\\\/noticias\\\/\"},{\"@type\":\"ListItem\",\"position\":3,\"name\":\"Una visi\u00f3n com\u00fan de la Ciudad desde las tres fraternidades\"}]},{\"@type\":\"WebSite\",\"@id\":\"https:\\\/\\\/www.fasta.org\\\/en\\\/#website\",\"url\":\"https:\\\/\\\/www.fasta.org\\\/en\\\/\",\"name\":\"Fasta\",\"description\":\"Fraternidad de Agrupaciones Santo Tom\u00e1s de Aquino\",\"publisher\":{\"@id\":\"https:\\\/\\\/www.fasta.org\\\/en\\\/#organization\"},\"potentialAction\":[{\"@type\":\"SearchAction\",\"target\":{\"@type\":\"EntryPoint\",\"urlTemplate\":\"https:\\\/\\\/www.fasta.org\\\/en\\\/?s={search_term_string}\"},\"query-input\":{\"@type\":\"PropertyValueSpecification\",\"valueRequired\":true,\"valueName\":\"search_term_string\"}}],\"inLanguage\":\"en-US\"},{\"@type\":\"Organization\",\"@id\":\"https:\\\/\\\/www.fasta.org\\\/en\\\/#organization\",\"name\":\"Fasta\",\"url\":\"https:\\\/\\\/www.fasta.org\\\/en\\\/\",\"logo\":{\"@type\":\"ImageObject\",\"inLanguage\":\"en-US\",\"@id\":\"https:\\\/\\\/www.fasta.org\\\/en\\\/#\\\/schema\\\/logo\\\/image\\\/\",\"url\":\"https:\\\/\\\/www.fasta.org\\\/wp-content\\\/uploads\\\/2021\\\/08\\\/Marca-Fasta.png\",\"contentUrl\":\"https:\\\/\\\/www.fasta.org\\\/wp-content\\\/uploads\\\/2021\\\/08\\\/Marca-Fasta.png\",\"width\":1595,\"height\":644,\"caption\":\"Fasta\"},\"image\":{\"@id\":\"https:\\\/\\\/www.fasta.org\\\/en\\\/#\\\/schema\\\/logo\\\/image\\\/\"},\"sameAs\":[\"https:\\\/\\\/www.facebook.com\\\/MovimientoFasta\"]}]}<\/script>\n<!-- \/ Yoast SEO plugin. -->","yoast_head_json":{"title":"Una visi\u00f3n com\u00fan de la Ciudad desde las tres fraternidades - Fasta","robots":{"index":"index","follow":"follow","max-snippet":"max-snippet:-1","max-image-preview":"max-image-preview:large","max-video-preview":"max-video-preview:-1"},"canonical":"https:\/\/www.fasta.org\/en\/noticias\/una-vision-comun-de-la-ciudad-desde-las-tres-fraternidades\/","og_locale":"en_US","og_type":"article","og_title":"Una visi\u00f3n com\u00fan de la Ciudad desde las tres fraternidades - Fasta","og_description":"Los encuentros realizados durante el a\u00f1o permitieron al Consejo Civitas abordar distintas cuestiones que involucran a toda la Ciudad. Entre los temas m\u00e1s destacados se encuentran la necesidad de volver a profundizar la espiritualidad dominicana, la vinculaci\u00f3n con la Orden Dominicana, la reforma estatutaria y la presencia internacional de Fasta. Fruto del di\u00e1logo se profundiz\u00f3 [&hellip;]","og_url":"https:\/\/www.fasta.org\/en\/noticias\/una-vision-comun-de-la-ciudad-desde-las-tres-fraternidades\/","og_site_name":"Fasta","article_publisher":"https:\/\/www.facebook.com\/MovimientoFasta","article_modified_time":"2026-08-28T16:03:43+00:00","og_image":[{"width":1501,"height":701,"url":"https:\/\/www.fasta.org\/wp-content\/uploads\/2026\/08\/consejo-civitas_11.webp","type":"image\/webp"}],"twitter_card":"summary_large_image","twitter_misc":{"Est. reading time":"3 minutes"},"schema":{"@context":"https:\/\/schema.org","@graph":[{"@type":"WebPage","@id":"https:\/\/www.fasta.org\/en\/noticias\/una-vision-comun-de-la-ciudad-desde-las-tres-fraternidades\/","url":"https:\/\/www.fasta.org\/en\/noticias\/una-vision-comun-de-la-ciudad-desde-las-tres-fraternidades\/","name":"Una visi\u00f3n com\u00fan de la Ciudad desde las tres fraternidades - Fasta","isPartOf":{"@id":"https:\/\/www.fasta.org\/en\/#website"},"primaryImageOfPage":{"@id":"https:\/\/www.fasta.org\/en\/noticias\/una-vision-comun-de-la-ciudad-desde-las-tres-fraternidades\/#primaryimage"},"image":{"@id":"https:\/\/www.fasta.org\/en\/noticias\/una-vision-comun-de-la-ciudad-desde-las-tres-fraternidades\/#primaryimage"},"thumbnailUrl":"https:\/\/www.fasta.org\/wp-content\/uploads\/2026\/08\/consejo-civitas_11.webp","datePublished":"2026-08-28T16:03:38+00:00","dateModified":"2026-08-28T16:03:43+00:00","breadcrumb":{"@id":"https:\/\/www.fasta.org\/en\/noticias\/una-vision-comun-de-la-ciudad-desde-las-tres-fraternidades\/#breadcrumb"},"inLanguage":"en-US","potentialAction":[{"@type":"ReadAction","target":["https:\/\/www.fasta.org\/en\/noticias\/una-vision-comun-de-la-ciudad-desde-las-tres-fraternidades\/"]}]},{"@type":"ImageObject","inLanguage":"en-US","@id":"https:\/\/www.fasta.org\/en\/noticias\/una-vision-comun-de-la-ciudad-desde-las-tres-fraternidades\/#primaryimage","url":"https:\/\/www.fasta.org\/wp-content\/uploads\/2026\/08\/consejo-civitas_11.webp","contentUrl":"https:\/\/www.fasta.org\/wp-content\/uploads\/2026\/08\/consejo-civitas_11.webp","width":1501,"height":701},{"@type":"BreadcrumbList","@id":"https:\/\/www.fasta.org\/en\/noticias\/una-vision-comun-de-la-ciudad-desde-las-tres-fraternidades\/#breadcrumb","itemListElement":[{"@type":"ListItem","position":1,"name":"Portada","item":"https:\/\/www.fasta.org\/en\/home\/"},{"@type":"ListItem","position":2,"name":"Noticias","item":"https:\/\/www.fasta.org\/en\/noticias\/"},{"@type":"ListItem","position":3,"name":"Una visi\u00f3n com\u00fan de la Ciudad desde las tres fraternidades"}]},{"@type":"WebSite","@id":"https:\/\/www.fasta.org\/en\/#website","url":"https:\/\/www.fasta.org\/en\/","name":"Fasta","description":"Fraternidad de Agrupaciones Santo Tom\u00e1s de Aquino","publisher":{"@id":"https:\/\/www.fasta.org\/en\/#organization"},"potentialAction":[{"@type":"SearchAction","target":{"@type":"EntryPoint","urlTemplate":"https:\/\/www.fasta.org\/en\/?s={search_term_string}"},"query-input":{"@type":"PropertyValueSpecification","valueRequired":true,"valueName":"search_term_string"}}],"inLanguage":"en-US"},{"@type":"Organization","@id":"https:\/\/www.fasta.org\/en\/#organization","name":"Fasta","url":"https:\/\/www.fasta.org\/en\/","logo":{"@type":"ImageObject","inLanguage":"en-US","@id":"https:\/\/www.fasta.org\/en\/#\/schema\/logo\/image\/","url":"https:\/\/www.fasta.org\/wp-content\/uploads\/2021\/08\/Marca-Fasta.png","contentUrl":"https:\/\/www.fasta.org\/wp-content\/uploads\/2021\/08\/Marca-Fasta.png","width":1595,"height":644,"caption":"Fasta"},"image":{"@id":"https:\/\/www.fasta.org\/en\/#\/schema\/logo\/image\/"},"sameAs":["https:\/\/www.facebook.com\/MovimientoFasta"]}]}},"_links":{"self":[{"href":"https:\/\/www.fasta.org\/en\/wp-json\/wp\/v2\/noticias\/2480852","targetHints":{"allow":["GET"]}}],"collection":[{"href":"https:\/\/www.fasta.org\/en\/wp-json\/wp\/v2\/noticias"}],"about":[{"href":"https:\/\/www.fasta.org\/en\/wp-json\/wp\/v2\/types\/noticias"}],"version-history":[{"count":1,"href":"https:\/\/www.fasta.org\/en\/wp-json\/wp\/v2\/noticias\/2480852\/revisions"}],"predecessor-version":[{"id":2480866,"href":"https:\/\/www.fasta.org\/en\/wp-json\/wp\/v2\/noticias\/2480852\/revisions\/2480866"}],"wp:featuredmedia":[{"embeddable":true,"href":"https:\/\/www.fasta.org\/en\/wp-json\/wp\/v2\/media\/2480857"}],"wp:attachment":[{"href":"https:\/\/www.fasta.org\/en\/wp-json\/wp\/v2\/media?parent=2480852"}],"wp:term":[{"taxonomy":"fuente_noticia","embeddable":true,"href":"https:\/\/www.fasta.org\/en\/wp-json\/wp\/v2\/fuente_noticia?post=2480852"},{"taxonomy":"categorias_noticia","embeddable":true,"href":"https:\/\/www.fasta.org\/en\/wp-json\/wp\/v2\/categorias_noticia?post=2480852"},{"taxonomy":"origen_noticia","embeddable":true,"href":"https:\/\/www.fasta.org\/en\/wp-json\/wp\/v2\/origen_noticia?post=2480852"}],"curies":[{"name":"wp","href":"https:\/\/api.w.org\/{rel}","templated":true}]}}