{"id":2480835,"date":"2026-08-28T13:00:05","date_gmt":"2026-08-28T16:00:05","guid":{"rendered":"https:\/\/www.fasta.org\/?post_type=noticias&#038;p=2480835"},"modified":"2026-08-28T13:00:12","modified_gmt":"2026-08-28T16:00:12","slug":"se-realizo-el-consejo-de-la-fraternidad-sacerdotal-2026","status":"publish","type":"noticias","link":"https:\/\/www.fasta.org\/en\/noticias\/se-realizo-el-consejo-de-la-fraternidad-sacerdotal-2026\/","title":{"rendered":"Se realiz\u00f3 el Consejo de la Fraternidad Sacerdotal 2026"},"content":{"rendered":"\n<p class=\"wp-block-paragraph\">La Fraternidad Apost\u00f3lica Sacerdotal Tom\u00e1s de Aquino llev\u00f3 a cabo los d\u00edas 15 y 16 de agosto su Consejo en la Casa de Retiro de las Obras Misionales Pontificias, en la Ciudad Aut\u00f3noma de Buenos Aires.<\/p>\n\n\n\n<p class=\"wp-block-paragraph\">En el Consejo, fue elegido el nuevo Regente de la Fraternidad Sacerdotal y tambi\u00e9n fueron designados los vocales del Directorio que acompa\u00f1ar\u00e1n al nuevo Regente durante su gesti\u00f3n, as\u00ed como los delegados de la Fraternidad Sacerdotal ante el Consejo Plenario de Fasta, que se celebrar\u00e1 en noviembre.<\/p>\n\n\n\n<p class=\"wp-block-paragraph\">Entre los temas abordados, se realiz\u00f3 una actualizaci\u00f3n de las pol\u00edticas de la Fraternidad, vigentes desde el Plenario de 2023, vinculadas con la formaci\u00f3n permanente, la cultura vocacional, las relaciones con la Fasta Laical y con la Iglesia, y las estructuras de gobierno de la Fraternidad. Asimismo, se trabaj\u00f3 sobre el C\u00f3digo de Conducta, promulgado ad experimentum en 2004.<\/p>\n\n\n\n<p class=\"wp-block-paragraph\">Adem\u00e1s, se realiz\u00f3 un profundo an\u00e1lisis sobre los dones carism\u00e1ticos y se inici\u00f3 un camino de discernimiento en torno a ellos.<\/p>\n\n\n\n<p class=\"wp-block-paragraph\">Con la aprobaci\u00f3n de los sacerdotes miembros del Consejo, se decidi\u00f3 que la Casa de Formaci\u00f3n lleve el nombre de Santo Domingo de Guzm\u00e1n, padre espiritual de Fasta.<\/p>\n\n\n\n<p class=\"wp-block-paragraph\">Los sacerdotes y seminaristas mantuvieron un espacio de di\u00e1logo con los milicianos Ricardo It\u00farrez y Guadalupe Baulos, integrantes de la Comisi\u00f3n para la adecuaci\u00f3n y reforma del Estatuto de Fasta.<\/p>\n\n\n\n<p class=\"wp-block-paragraph\">Asimismo, como es habitual en cada Consejo, se presentaron los informes correspondientes a la gesti\u00f3n de las regiones pastorales y al acompa\u00f1amiento y las asesor\u00edas pastorales a las generaciones, a los \u00e1mbitos del Directorio, a la Casa de Formaci\u00f3n y a las estructuras de la Fasta Laical.<\/p>\n\n\n\n<p class=\"wp-block-paragraph\"><strong>Retiro Anual de la Fraternidad Sacerdotal<\/strong><\/p>\n\n\n\n<p class=\"wp-block-paragraph\">Del 17 al 21 de agosto, los sacerdotes de la Fraternidad Sacerdotal de Fasta participaron de su retiro anual, que se llev\u00f3 a cabo en la Casa de Retiro Solaz de Mar\u00eda, Nuevo Schoenstatt, en Florencio Varela.<\/p>\n\n\n\n<p class=\"wp-block-paragraph\">Para la predicaci\u00f3n del retiro fue invitado el Padre Carlos Ponza, sacerdote de la Arquidi\u00f3cesis de C\u00f3rdoba, quien propuso una profunda reflexi\u00f3n b\u00edblica a partir de la vida de los profetas El\u00edas y Jon\u00e1s y de los ap\u00f3stoles Santo Tom\u00e1s y San Pedro, para iluminar desde sus experiencias la realidad del sacerdote en la actualidad.<\/p>\n\n\n\n<p class=\"wp-block-paragraph\">Durante el retiro, el martes 18, los padres Roberto Zerillo, Francisco L\u00e1zzaro, David P\u00e9rez Pazo y Lisandro Scarabino celebraron su aniversario sacerdotal.<\/p>\n\n\n\n<p class=\"wp-block-paragraph\">El padre David Bertinetti destac\u00f3 que <em>\u201ctodo encuentro de la Fraternidad es bueno para confraternizar, as\u00ed como para compartir la oraci\u00f3n, la Eucarist\u00eda y la Liturgia de las Horas\u201d<\/em>. Adem\u00e1s, agreg\u00f3 <em>\u201crenovados espiritual y fraternalmente, desde el almuerzo del viernes comenzamos a retornar a nuestras comunidades\u201d<\/em>.<\/p>\n","protected":false},"excerpt":{"rendered":"<p>La Fraternidad Apost\u00f3lica Sacerdotal Tom\u00e1s de Aquino llev\u00f3 a cabo los d\u00edas 15 y 16 de agosto su Consejo en la Casa de Retiro de las Obras Misionales Pontificias, en la Ciudad Aut\u00f3noma de Buenos Aires. En el Consejo, fue elegido el nuevo Regente de la Fraternidad Sacerdotal y tambi\u00e9n fueron designados los vocales del [&hellip;]<\/p>\n","protected":false},"featured_media":2480840,"template":"","fuente_noticia":[],"categorias_noticia":[179],"origen_noticia":[69],"class_list":["post-2480835","noticias","type-noticias","status-publish","has-post-thumbnail","hentry","categorias_noticia-fraternidad-sacerdotal","origen_noticia-propia"],"acf":[],"yoast_head":"<!-- This site is optimized with the Yoast SEO plugin v27.4 - https:\/\/yoast.com\/product\/yoast-seo-wordpress\/ -->\n<title>Se realiz\u00f3 el Consejo de la Fraternidad Sacerdotal 2026 - Fasta<\/title>\n<meta name=\"robots\" content=\"index, follow, max-snippet:-1, max-image-preview:large, max-video-preview:-1\" \/>\n<link rel=\"canonical\" href=\"https:\/\/www.fasta.org\/en\/noticias\/se-realizo-el-consejo-de-la-fraternidad-sacerdotal-2026\/\" \/>\n<meta property=\"og:locale\" content=\"en_US\" \/>\n<meta property=\"og:type\" content=\"article\" \/>\n<meta property=\"og:title\" content=\"Se realiz\u00f3 el Consejo de la Fraternidad Sacerdotal 2026 - Fasta\" \/>\n<meta property=\"og:description\" content=\"La Fraternidad Apost\u00f3lica Sacerdotal Tom\u00e1s de Aquino llev\u00f3 a cabo los d\u00edas 15 y 16 de agosto su Consejo en la Casa de Retiro de las Obras Misionales Pontificias, en la Ciudad Aut\u00f3noma de Buenos Aires. En el Consejo, fue elegido el nuevo Regente de la Fraternidad Sacerdotal y tambi\u00e9n fueron designados los vocales del [&hellip;]\" \/>\n<meta property=\"og:url\" content=\"https:\/\/www.fasta.org\/en\/noticias\/se-realizo-el-consejo-de-la-fraternidad-sacerdotal-2026\/\" \/>\n<meta property=\"og:site_name\" content=\"Fasta\" \/>\n<meta property=\"article:publisher\" content=\"https:\/\/www.facebook.com\/MovimientoFasta\" \/>\n<meta property=\"article:modified_time\" content=\"2026-08-28T16:00:12+00:00\" \/>\n<meta property=\"og:image\" content=\"https:\/\/www.fasta.org\/wp-content\/uploads\/2026\/08\/consejo-frater-1.webp\" \/>\n\t<meta property=\"og:image:width\" content=\"1501\" \/>\n\t<meta property=\"og:image:height\" content=\"701\" \/>\n\t<meta property=\"og:image:type\" content=\"image\/webp\" \/>\n<meta name=\"twitter:card\" content=\"summary_large_image\" \/>\n<meta name=\"twitter:label1\" content=\"Est. reading time\" \/>\n\t<meta name=\"twitter:data1\" content=\"3 minutes\" \/>\n<script type=\"application\/ld+json\" class=\"yoast-schema-graph\">{\"@context\":\"https:\\\/\\\/schema.org\",\"@graph\":[{\"@type\":\"WebPage\",\"@id\":\"https:\\\/\\\/www.fasta.org\\\/en\\\/noticias\\\/se-realizo-el-consejo-de-la-fraternidad-sacerdotal-2026\\\/\",\"url\":\"https:\\\/\\\/www.fasta.org\\\/en\\\/noticias\\\/se-realizo-el-consejo-de-la-fraternidad-sacerdotal-2026\\\/\",\"name\":\"Se realiz\u00f3 el Consejo de la Fraternidad Sacerdotal 2026 - Fasta\",\"isPartOf\":{\"@id\":\"https:\\\/\\\/www.fasta.org\\\/en\\\/#website\"},\"primaryImageOfPage\":{\"@id\":\"https:\\\/\\\/www.fasta.org\\\/en\\\/noticias\\\/se-realizo-el-consejo-de-la-fraternidad-sacerdotal-2026\\\/#primaryimage\"},\"image\":{\"@id\":\"https:\\\/\\\/www.fasta.org\\\/en\\\/noticias\\\/se-realizo-el-consejo-de-la-fraternidad-sacerdotal-2026\\\/#primaryimage\"},\"thumbnailUrl\":\"https:\\\/\\\/www.fasta.org\\\/wp-content\\\/uploads\\\/2026\\\/08\\\/consejo-frater-1.webp\",\"datePublished\":\"2026-08-28T16:00:05+00:00\",\"dateModified\":\"2026-08-28T16:00:12+00:00\",\"breadcrumb\":{\"@id\":\"https:\\\/\\\/www.fasta.org\\\/en\\\/noticias\\\/se-realizo-el-consejo-de-la-fraternidad-sacerdotal-2026\\\/#breadcrumb\"},\"inLanguage\":\"en-US\",\"potentialAction\":[{\"@type\":\"ReadAction\",\"target\":[\"https:\\\/\\\/www.fasta.org\\\/en\\\/noticias\\\/se-realizo-el-consejo-de-la-fraternidad-sacerdotal-2026\\\/\"]}]},{\"@type\":\"ImageObject\",\"inLanguage\":\"en-US\",\"@id\":\"https:\\\/\\\/www.fasta.org\\\/en\\\/noticias\\\/se-realizo-el-consejo-de-la-fraternidad-sacerdotal-2026\\\/#primaryimage\",\"url\":\"https:\\\/\\\/www.fasta.org\\\/wp-content\\\/uploads\\\/2026\\\/08\\\/consejo-frater-1.webp\",\"contentUrl\":\"https:\\\/\\\/www.fasta.org\\\/wp-content\\\/uploads\\\/2026\\\/08\\\/consejo-frater-1.webp\",\"width\":1501,\"height\":701},{\"@type\":\"BreadcrumbList\",\"@id\":\"https:\\\/\\\/www.fasta.org\\\/en\\\/noticias\\\/se-realizo-el-consejo-de-la-fraternidad-sacerdotal-2026\\\/#breadcrumb\",\"itemListElement\":[{\"@type\":\"ListItem\",\"position\":1,\"name\":\"Portada\",\"item\":\"https:\\\/\\\/www.fasta.org\\\/en\\\/home\\\/\"},{\"@type\":\"ListItem\",\"position\":2,\"name\":\"Noticias\",\"item\":\"https:\\\/\\\/www.fasta.org\\\/en\\\/noticias\\\/\"},{\"@type\":\"ListItem\",\"position\":3,\"name\":\"Se realiz\u00f3 el Consejo de la Fraternidad Sacerdotal 2026\"}]},{\"@type\":\"WebSite\",\"@id\":\"https:\\\/\\\/www.fasta.org\\\/en\\\/#website\",\"url\":\"https:\\\/\\\/www.fasta.org\\\/en\\\/\",\"name\":\"Fasta\",\"description\":\"Fraternidad de Agrupaciones Santo Tom\u00e1s de Aquino\",\"publisher\":{\"@id\":\"https:\\\/\\\/www.fasta.org\\\/en\\\/#organization\"},\"potentialAction\":[{\"@type\":\"SearchAction\",\"target\":{\"@type\":\"EntryPoint\",\"urlTemplate\":\"https:\\\/\\\/www.fasta.org\\\/en\\\/?s={search_term_string}\"},\"query-input\":{\"@type\":\"PropertyValueSpecification\",\"valueRequired\":true,\"valueName\":\"search_term_string\"}}],\"inLanguage\":\"en-US\"},{\"@type\":\"Organization\",\"@id\":\"https:\\\/\\\/www.fasta.org\\\/en\\\/#organization\",\"name\":\"Fasta\",\"url\":\"https:\\\/\\\/www.fasta.org\\\/en\\\/\",\"logo\":{\"@type\":\"ImageObject\",\"inLanguage\":\"en-US\",\"@id\":\"https:\\\/\\\/www.fasta.org\\\/en\\\/#\\\/schema\\\/logo\\\/image\\\/\",\"url\":\"https:\\\/\\\/www.fasta.org\\\/wp-content\\\/uploads\\\/2021\\\/08\\\/Marca-Fasta.png\",\"contentUrl\":\"https:\\\/\\\/www.fasta.org\\\/wp-content\\\/uploads\\\/2021\\\/08\\\/Marca-Fasta.png\",\"width\":1595,\"height\":644,\"caption\":\"Fasta\"},\"image\":{\"@id\":\"https:\\\/\\\/www.fasta.org\\\/en\\\/#\\\/schema\\\/logo\\\/image\\\/\"},\"sameAs\":[\"https:\\\/\\\/www.facebook.com\\\/MovimientoFasta\"]}]}<\/script>\n<!-- \/ Yoast SEO plugin. -->","yoast_head_json":{"title":"Se realiz\u00f3 el Consejo de la Fraternidad Sacerdotal 2026 - Fasta","robots":{"index":"index","follow":"follow","max-snippet":"max-snippet:-1","max-image-preview":"max-image-preview:large","max-video-preview":"max-video-preview:-1"},"canonical":"https:\/\/www.fasta.org\/en\/noticias\/se-realizo-el-consejo-de-la-fraternidad-sacerdotal-2026\/","og_locale":"en_US","og_type":"article","og_title":"Se realiz\u00f3 el Consejo de la Fraternidad Sacerdotal 2026 - Fasta","og_description":"La Fraternidad Apost\u00f3lica Sacerdotal Tom\u00e1s de Aquino llev\u00f3 a cabo los d\u00edas 15 y 16 de agosto su Consejo en la Casa de Retiro de las Obras Misionales Pontificias, en la Ciudad Aut\u00f3noma de Buenos Aires. En el Consejo, fue elegido el nuevo Regente de la Fraternidad Sacerdotal y tambi\u00e9n fueron designados los vocales del [&hellip;]","og_url":"https:\/\/www.fasta.org\/en\/noticias\/se-realizo-el-consejo-de-la-fraternidad-sacerdotal-2026\/","og_site_name":"Fasta","article_publisher":"https:\/\/www.facebook.com\/MovimientoFasta","article_modified_time":"2026-08-28T16:00:12+00:00","og_image":[{"width":1501,"height":701,"url":"https:\/\/www.fasta.org\/wp-content\/uploads\/2026\/08\/consejo-frater-1.webp","type":"image\/webp"}],"twitter_card":"summary_large_image","twitter_misc":{"Est. reading time":"3 minutes"},"schema":{"@context":"https:\/\/schema.org","@graph":[{"@type":"WebPage","@id":"https:\/\/www.fasta.org\/en\/noticias\/se-realizo-el-consejo-de-la-fraternidad-sacerdotal-2026\/","url":"https:\/\/www.fasta.org\/en\/noticias\/se-realizo-el-consejo-de-la-fraternidad-sacerdotal-2026\/","name":"Se realiz\u00f3 el Consejo de la Fraternidad Sacerdotal 2026 - Fasta","isPartOf":{"@id":"https:\/\/www.fasta.org\/en\/#website"},"primaryImageOfPage":{"@id":"https:\/\/www.fasta.org\/en\/noticias\/se-realizo-el-consejo-de-la-fraternidad-sacerdotal-2026\/#primaryimage"},"image":{"@id":"https:\/\/www.fasta.org\/en\/noticias\/se-realizo-el-consejo-de-la-fraternidad-sacerdotal-2026\/#primaryimage"},"thumbnailUrl":"https:\/\/www.fasta.org\/wp-content\/uploads\/2026\/08\/consejo-frater-1.webp","datePublished":"2026-08-28T16:00:05+00:00","dateModified":"2026-08-28T16:00:12+00:00","breadcrumb":{"@id":"https:\/\/www.fasta.org\/en\/noticias\/se-realizo-el-consejo-de-la-fraternidad-sacerdotal-2026\/#breadcrumb"},"inLanguage":"en-US","potentialAction":[{"@type":"ReadAction","target":["https:\/\/www.fasta.org\/en\/noticias\/se-realizo-el-consejo-de-la-fraternidad-sacerdotal-2026\/"]}]},{"@type":"ImageObject","inLanguage":"en-US","@id":"https:\/\/www.fasta.org\/en\/noticias\/se-realizo-el-consejo-de-la-fraternidad-sacerdotal-2026\/#primaryimage","url":"https:\/\/www.fasta.org\/wp-content\/uploads\/2026\/08\/consejo-frater-1.webp","contentUrl":"https:\/\/www.fasta.org\/wp-content\/uploads\/2026\/08\/consejo-frater-1.webp","width":1501,"height":701},{"@type":"BreadcrumbList","@id":"https:\/\/www.fasta.org\/en\/noticias\/se-realizo-el-consejo-de-la-fraternidad-sacerdotal-2026\/#breadcrumb","itemListElement":[{"@type":"ListItem","position":1,"name":"Portada","item":"https:\/\/www.fasta.org\/en\/home\/"},{"@type":"ListItem","position":2,"name":"Noticias","item":"https:\/\/www.fasta.org\/en\/noticias\/"},{"@type":"ListItem","position":3,"name":"Se realiz\u00f3 el Consejo de la Fraternidad Sacerdotal 2026"}]},{"@type":"WebSite","@id":"https:\/\/www.fasta.org\/en\/#website","url":"https:\/\/www.fasta.org\/en\/","name":"Fasta","description":"Fraternidad de Agrupaciones Santo Tom\u00e1s de Aquino","publisher":{"@id":"https:\/\/www.fasta.org\/en\/#organization"},"potentialAction":[{"@type":"SearchAction","target":{"@type":"EntryPoint","urlTemplate":"https:\/\/www.fasta.org\/en\/?s={search_term_string}"},"query-input":{"@type":"PropertyValueSpecification","valueRequired":true,"valueName":"search_term_string"}}],"inLanguage":"en-US"},{"@type":"Organization","@id":"https:\/\/www.fasta.org\/en\/#organization","name":"Fasta","url":"https:\/\/www.fasta.org\/en\/","logo":{"@type":"ImageObject","inLanguage":"en-US","@id":"https:\/\/www.fasta.org\/en\/#\/schema\/logo\/image\/","url":"https:\/\/www.fasta.org\/wp-content\/uploads\/2021\/08\/Marca-Fasta.png","contentUrl":"https:\/\/www.fasta.org\/wp-content\/uploads\/2021\/08\/Marca-Fasta.png","width":1595,"height":644,"caption":"Fasta"},"image":{"@id":"https:\/\/www.fasta.org\/en\/#\/schema\/logo\/image\/"},"sameAs":["https:\/\/www.facebook.com\/MovimientoFasta"]}]}},"_links":{"self":[{"href":"https:\/\/www.fasta.org\/en\/wp-json\/wp\/v2\/noticias\/2480835","targetHints":{"allow":["GET"]}}],"collection":[{"href":"https:\/\/www.fasta.org\/en\/wp-json\/wp\/v2\/noticias"}],"about":[{"href":"https:\/\/www.fasta.org\/en\/wp-json\/wp\/v2\/types\/noticias"}],"version-history":[{"count":1,"href":"https:\/\/www.fasta.org\/en\/wp-json\/wp\/v2\/noticias\/2480835\/revisions"}],"predecessor-version":[{"id":2480846,"href":"https:\/\/www.fasta.org\/en\/wp-json\/wp\/v2\/noticias\/2480835\/revisions\/2480846"}],"wp:featuredmedia":[{"embeddable":true,"href":"https:\/\/www.fasta.org\/en\/wp-json\/wp\/v2\/media\/2480840"}],"wp:attachment":[{"href":"https:\/\/www.fasta.org\/en\/wp-json\/wp\/v2\/media?parent=2480835"}],"wp:term":[{"taxonomy":"fuente_noticia","embeddable":true,"href":"https:\/\/www.fasta.org\/en\/wp-json\/wp\/v2\/fuente_noticia?post=2480835"},{"taxonomy":"categorias_noticia","embeddable":true,"href":"https:\/\/www.fasta.org\/en\/wp-json\/wp\/v2\/categorias_noticia?post=2480835"},{"taxonomy":"origen_noticia","embeddable":true,"href":"https:\/\/www.fasta.org\/en\/wp-json\/wp\/v2\/origen_noticia?post=2480835"}],"curies":[{"name":"wp","href":"https:\/\/api.w.org\/{rel}","templated":true}]}}