{"id":2480814,"date":"2026-08-28T12:56:43","date_gmt":"2026-08-28T15:56:43","guid":{"rendered":"https:\/\/www.fasta.org\/?post_type=noticias&#038;p=2480814"},"modified":"2026-08-28T12:56:47","modified_gmt":"2026-08-28T15:56:47","slug":"persona-y-ecologia-integral-el-primer-dialogo-de-cultura","status":"publish","type":"noticias","link":"https:\/\/www.fasta.org\/en\/noticias\/persona-y-ecologia-integral-el-primer-dialogo-de-cultura\/","title":{"rendered":"Persona y ecolog\u00eda integral: el primer Di\u00e1logo de Cultura"},"content":{"rendered":"\n<p class=\"wp-block-paragraph\">Con alrededor de 45 asistentes, el viernes 14 de agosto se realiz\u00f3 el primer Di\u00e1logo de Cultura, un encuentro organizado por el Consejo de Cultura que comenz\u00f3 con una profunda reflexi\u00f3n teol\u00f3gica y antropol\u00f3gica a cargo de la investigadora y profesora invitada, Paulina N\u00fa\u00f1ez.<\/p>\n\n\n\n<p class=\"wp-block-paragraph\">Durante su exposici\u00f3n, present\u00f3 los principios fundamentales y los desaf\u00edos que plantea la ecolog\u00eda integral, as\u00ed como la continuidad magisterial entre los distintos papas que han profundizado en esta tem\u00e1tica. Asimismo, reflexion\u00f3 sobre el lugar y el rol del ser humano en relaci\u00f3n con la naturaleza, destacando que el hombre forma parte de ella y, al mismo tiempo, posee una dignidad y una superioridad que lo distinguen del resto de la creaci\u00f3n.<\/p>\n\n\n\n<p class=\"wp-block-paragraph\">Luego se abri\u00f3 un espacio de di\u00e1logo en el que surgieron preguntas vinculadas con la trayectoria acad\u00e9mica y profesional de la invitada, su experiencia como investigadora asociada a la UNESCO, sus investigaciones en la Universidad Francisco de Vitoria, el di\u00e1logo con organismos internacionales y el rol de la educaci\u00f3n en el cuidado del planeta, entre otros temas.<\/p>\n\n\n\n<p class=\"wp-block-paragraph\">El Secretario del Consejo de Cultura, Ignacio Zubir\u00eda, destac\u00f3 el valor de esta nueva propuesta basada en el di\u00e1logo, \u201ceste formato nos ha permitido tener un momento en el que pudimos escuchar a la especialista y conocer sus trabajos para despu\u00e9s poder preguntar y profundizar acerca de los mismos. A su vez, este espacio de conversaci\u00f3n permiti\u00f3 generar una red de contactos entre ella y varios participantes que llevan adelante iniciativas y proyectos vinculados con el tema\u201d.&nbsp;<\/p>\n\n\n\n<p class=\"wp-block-paragraph\">El espacio de intercambio tambi\u00e9n permiti\u00f3 que la especialista profundizara y conociera distintas iniciativas y obras de Fasta, entre ellas Oikos, la Universidad Fasta y la obra que Fasta desarrolla en Kinshasa, y considerar la posibilidad de llevar adelante futuras acciones conjuntas y colaborativas.<\/p>\n","protected":false},"excerpt":{"rendered":"<p>Con alrededor de 45 asistentes, el viernes 14 de agosto se realiz\u00f3 el primer Di\u00e1logo de Cultura, un encuentro organizado por el Consejo de Cultura que comenz\u00f3 con una profunda reflexi\u00f3n teol\u00f3gica y antropol\u00f3gica a cargo de la investigadora y profesora invitada, Paulina N\u00fa\u00f1ez. Durante su exposici\u00f3n, present\u00f3 los principios fundamentales y los desaf\u00edos que [&hellip;]<\/p>\n","protected":false},"featured_media":2480821,"template":"","fuente_noticia":[],"categorias_noticia":[184],"origen_noticia":[69],"class_list":["post-2480814","noticias","type-noticias","status-publish","has-post-thumbnail","hentry","categorias_noticia-actividades","origen_noticia-propia"],"acf":[],"yoast_head":"<!-- This site is optimized with the Yoast SEO plugin v27.4 - https:\/\/yoast.com\/product\/yoast-seo-wordpress\/ -->\n<title>Persona y ecolog\u00eda integral: el primer Di\u00e1logo de Cultura - Fasta<\/title>\n<meta name=\"robots\" content=\"index, follow, max-snippet:-1, max-image-preview:large, max-video-preview:-1\" \/>\n<link rel=\"canonical\" href=\"https:\/\/www.fasta.org\/en\/noticias\/persona-y-ecologia-integral-el-primer-dialogo-de-cultura\/\" \/>\n<meta property=\"og:locale\" content=\"en_US\" \/>\n<meta property=\"og:type\" content=\"article\" \/>\n<meta property=\"og:title\" content=\"Persona y ecolog\u00eda integral: el primer Di\u00e1logo de Cultura - Fasta\" \/>\n<meta property=\"og:description\" content=\"Con alrededor de 45 asistentes, el viernes 14 de agosto se realiz\u00f3 el primer Di\u00e1logo de Cultura, un encuentro organizado por el Consejo de Cultura que comenz\u00f3 con una profunda reflexi\u00f3n teol\u00f3gica y antropol\u00f3gica a cargo de la investigadora y profesora invitada, Paulina N\u00fa\u00f1ez. Durante su exposici\u00f3n, present\u00f3 los principios fundamentales y los desaf\u00edos que [&hellip;]\" \/>\n<meta property=\"og:url\" content=\"https:\/\/www.fasta.org\/en\/noticias\/persona-y-ecologia-integral-el-primer-dialogo-de-cultura\/\" \/>\n<meta property=\"og:site_name\" content=\"Fasta\" \/>\n<meta property=\"article:publisher\" content=\"https:\/\/www.facebook.com\/MovimientoFasta\" \/>\n<meta property=\"article:modified_time\" content=\"2026-08-28T15:56:47+00:00\" \/>\n<meta property=\"og:image\" content=\"https:\/\/www.fasta.org\/wp-content\/uploads\/2026\/08\/dialogo-cultura1.webp\" \/>\n\t<meta property=\"og:image:width\" content=\"1501\" \/>\n\t<meta property=\"og:image:height\" content=\"701\" \/>\n\t<meta property=\"og:image:type\" content=\"image\/webp\" \/>\n<meta name=\"twitter:card\" content=\"summary_large_image\" \/>\n<meta name=\"twitter:label1\" content=\"Est. reading time\" \/>\n\t<meta name=\"twitter:data1\" content=\"2 minutes\" \/>\n<script type=\"application\/ld+json\" class=\"yoast-schema-graph\">{\"@context\":\"https:\\\/\\\/schema.org\",\"@graph\":[{\"@type\":\"WebPage\",\"@id\":\"https:\\\/\\\/www.fasta.org\\\/en\\\/noticias\\\/persona-y-ecologia-integral-el-primer-dialogo-de-cultura\\\/\",\"url\":\"https:\\\/\\\/www.fasta.org\\\/en\\\/noticias\\\/persona-y-ecologia-integral-el-primer-dialogo-de-cultura\\\/\",\"name\":\"Persona y ecolog\u00eda integral: el primer Di\u00e1logo de Cultura - Fasta\",\"isPartOf\":{\"@id\":\"https:\\\/\\\/www.fasta.org\\\/en\\\/#website\"},\"primaryImageOfPage\":{\"@id\":\"https:\\\/\\\/www.fasta.org\\\/en\\\/noticias\\\/persona-y-ecologia-integral-el-primer-dialogo-de-cultura\\\/#primaryimage\"},\"image\":{\"@id\":\"https:\\\/\\\/www.fasta.org\\\/en\\\/noticias\\\/persona-y-ecologia-integral-el-primer-dialogo-de-cultura\\\/#primaryimage\"},\"thumbnailUrl\":\"https:\\\/\\\/www.fasta.org\\\/wp-content\\\/uploads\\\/2026\\\/08\\\/dialogo-cultura1.webp\",\"datePublished\":\"2026-08-28T15:56:43+00:00\",\"dateModified\":\"2026-08-28T15:56:47+00:00\",\"breadcrumb\":{\"@id\":\"https:\\\/\\\/www.fasta.org\\\/en\\\/noticias\\\/persona-y-ecologia-integral-el-primer-dialogo-de-cultura\\\/#breadcrumb\"},\"inLanguage\":\"en-US\",\"potentialAction\":[{\"@type\":\"ReadAction\",\"target\":[\"https:\\\/\\\/www.fasta.org\\\/en\\\/noticias\\\/persona-y-ecologia-integral-el-primer-dialogo-de-cultura\\\/\"]}]},{\"@type\":\"ImageObject\",\"inLanguage\":\"en-US\",\"@id\":\"https:\\\/\\\/www.fasta.org\\\/en\\\/noticias\\\/persona-y-ecologia-integral-el-primer-dialogo-de-cultura\\\/#primaryimage\",\"url\":\"https:\\\/\\\/www.fasta.org\\\/wp-content\\\/uploads\\\/2026\\\/08\\\/dialogo-cultura1.webp\",\"contentUrl\":\"https:\\\/\\\/www.fasta.org\\\/wp-content\\\/uploads\\\/2026\\\/08\\\/dialogo-cultura1.webp\",\"width\":1501,\"height\":701},{\"@type\":\"BreadcrumbList\",\"@id\":\"https:\\\/\\\/www.fasta.org\\\/en\\\/noticias\\\/persona-y-ecologia-integral-el-primer-dialogo-de-cultura\\\/#breadcrumb\",\"itemListElement\":[{\"@type\":\"ListItem\",\"position\":1,\"name\":\"Portada\",\"item\":\"https:\\\/\\\/www.fasta.org\\\/en\\\/home\\\/\"},{\"@type\":\"ListItem\",\"position\":2,\"name\":\"Noticias\",\"item\":\"https:\\\/\\\/www.fasta.org\\\/en\\\/noticias\\\/\"},{\"@type\":\"ListItem\",\"position\":3,\"name\":\"Persona y ecolog\u00eda integral: el primer Di\u00e1logo de Cultura\"}]},{\"@type\":\"WebSite\",\"@id\":\"https:\\\/\\\/www.fasta.org\\\/en\\\/#website\",\"url\":\"https:\\\/\\\/www.fasta.org\\\/en\\\/\",\"name\":\"Fasta\",\"description\":\"Fraternidad de Agrupaciones Santo Tom\u00e1s de Aquino\",\"publisher\":{\"@id\":\"https:\\\/\\\/www.fasta.org\\\/en\\\/#organization\"},\"potentialAction\":[{\"@type\":\"SearchAction\",\"target\":{\"@type\":\"EntryPoint\",\"urlTemplate\":\"https:\\\/\\\/www.fasta.org\\\/en\\\/?s={search_term_string}\"},\"query-input\":{\"@type\":\"PropertyValueSpecification\",\"valueRequired\":true,\"valueName\":\"search_term_string\"}}],\"inLanguage\":\"en-US\"},{\"@type\":\"Organization\",\"@id\":\"https:\\\/\\\/www.fasta.org\\\/en\\\/#organization\",\"name\":\"Fasta\",\"url\":\"https:\\\/\\\/www.fasta.org\\\/en\\\/\",\"logo\":{\"@type\":\"ImageObject\",\"inLanguage\":\"en-US\",\"@id\":\"https:\\\/\\\/www.fasta.org\\\/en\\\/#\\\/schema\\\/logo\\\/image\\\/\",\"url\":\"https:\\\/\\\/www.fasta.org\\\/wp-content\\\/uploads\\\/2021\\\/08\\\/Marca-Fasta.png\",\"contentUrl\":\"https:\\\/\\\/www.fasta.org\\\/wp-content\\\/uploads\\\/2021\\\/08\\\/Marca-Fasta.png\",\"width\":1595,\"height\":644,\"caption\":\"Fasta\"},\"image\":{\"@id\":\"https:\\\/\\\/www.fasta.org\\\/en\\\/#\\\/schema\\\/logo\\\/image\\\/\"},\"sameAs\":[\"https:\\\/\\\/www.facebook.com\\\/MovimientoFasta\"]}]}<\/script>\n<!-- \/ Yoast SEO plugin. -->","yoast_head_json":{"title":"Persona y ecolog\u00eda integral: el primer Di\u00e1logo de Cultura - Fasta","robots":{"index":"index","follow":"follow","max-snippet":"max-snippet:-1","max-image-preview":"max-image-preview:large","max-video-preview":"max-video-preview:-1"},"canonical":"https:\/\/www.fasta.org\/en\/noticias\/persona-y-ecologia-integral-el-primer-dialogo-de-cultura\/","og_locale":"en_US","og_type":"article","og_title":"Persona y ecolog\u00eda integral: el primer Di\u00e1logo de Cultura - Fasta","og_description":"Con alrededor de 45 asistentes, el viernes 14 de agosto se realiz\u00f3 el primer Di\u00e1logo de Cultura, un encuentro organizado por el Consejo de Cultura que comenz\u00f3 con una profunda reflexi\u00f3n teol\u00f3gica y antropol\u00f3gica a cargo de la investigadora y profesora invitada, Paulina N\u00fa\u00f1ez. Durante su exposici\u00f3n, present\u00f3 los principios fundamentales y los desaf\u00edos que [&hellip;]","og_url":"https:\/\/www.fasta.org\/en\/noticias\/persona-y-ecologia-integral-el-primer-dialogo-de-cultura\/","og_site_name":"Fasta","article_publisher":"https:\/\/www.facebook.com\/MovimientoFasta","article_modified_time":"2026-08-28T15:56:47+00:00","og_image":[{"width":1501,"height":701,"url":"https:\/\/www.fasta.org\/wp-content\/uploads\/2026\/08\/dialogo-cultura1.webp","type":"image\/webp"}],"twitter_card":"summary_large_image","twitter_misc":{"Est. reading time":"2 minutes"},"schema":{"@context":"https:\/\/schema.org","@graph":[{"@type":"WebPage","@id":"https:\/\/www.fasta.org\/en\/noticias\/persona-y-ecologia-integral-el-primer-dialogo-de-cultura\/","url":"https:\/\/www.fasta.org\/en\/noticias\/persona-y-ecologia-integral-el-primer-dialogo-de-cultura\/","name":"Persona y ecolog\u00eda integral: el primer Di\u00e1logo de Cultura - Fasta","isPartOf":{"@id":"https:\/\/www.fasta.org\/en\/#website"},"primaryImageOfPage":{"@id":"https:\/\/www.fasta.org\/en\/noticias\/persona-y-ecologia-integral-el-primer-dialogo-de-cultura\/#primaryimage"},"image":{"@id":"https:\/\/www.fasta.org\/en\/noticias\/persona-y-ecologia-integral-el-primer-dialogo-de-cultura\/#primaryimage"},"thumbnailUrl":"https:\/\/www.fasta.org\/wp-content\/uploads\/2026\/08\/dialogo-cultura1.webp","datePublished":"2026-08-28T15:56:43+00:00","dateModified":"2026-08-28T15:56:47+00:00","breadcrumb":{"@id":"https:\/\/www.fasta.org\/en\/noticias\/persona-y-ecologia-integral-el-primer-dialogo-de-cultura\/#breadcrumb"},"inLanguage":"en-US","potentialAction":[{"@type":"ReadAction","target":["https:\/\/www.fasta.org\/en\/noticias\/persona-y-ecologia-integral-el-primer-dialogo-de-cultura\/"]}]},{"@type":"ImageObject","inLanguage":"en-US","@id":"https:\/\/www.fasta.org\/en\/noticias\/persona-y-ecologia-integral-el-primer-dialogo-de-cultura\/#primaryimage","url":"https:\/\/www.fasta.org\/wp-content\/uploads\/2026\/08\/dialogo-cultura1.webp","contentUrl":"https:\/\/www.fasta.org\/wp-content\/uploads\/2026\/08\/dialogo-cultura1.webp","width":1501,"height":701},{"@type":"BreadcrumbList","@id":"https:\/\/www.fasta.org\/en\/noticias\/persona-y-ecologia-integral-el-primer-dialogo-de-cultura\/#breadcrumb","itemListElement":[{"@type":"ListItem","position":1,"name":"Portada","item":"https:\/\/www.fasta.org\/en\/home\/"},{"@type":"ListItem","position":2,"name":"Noticias","item":"https:\/\/www.fasta.org\/en\/noticias\/"},{"@type":"ListItem","position":3,"name":"Persona y ecolog\u00eda integral: el primer Di\u00e1logo de Cultura"}]},{"@type":"WebSite","@id":"https:\/\/www.fasta.org\/en\/#website","url":"https:\/\/www.fasta.org\/en\/","name":"Fasta","description":"Fraternidad de Agrupaciones Santo Tom\u00e1s de Aquino","publisher":{"@id":"https:\/\/www.fasta.org\/en\/#organization"},"potentialAction":[{"@type":"SearchAction","target":{"@type":"EntryPoint","urlTemplate":"https:\/\/www.fasta.org\/en\/?s={search_term_string}"},"query-input":{"@type":"PropertyValueSpecification","valueRequired":true,"valueName":"search_term_string"}}],"inLanguage":"en-US"},{"@type":"Organization","@id":"https:\/\/www.fasta.org\/en\/#organization","name":"Fasta","url":"https:\/\/www.fasta.org\/en\/","logo":{"@type":"ImageObject","inLanguage":"en-US","@id":"https:\/\/www.fasta.org\/en\/#\/schema\/logo\/image\/","url":"https:\/\/www.fasta.org\/wp-content\/uploads\/2021\/08\/Marca-Fasta.png","contentUrl":"https:\/\/www.fasta.org\/wp-content\/uploads\/2021\/08\/Marca-Fasta.png","width":1595,"height":644,"caption":"Fasta"},"image":{"@id":"https:\/\/www.fasta.org\/en\/#\/schema\/logo\/image\/"},"sameAs":["https:\/\/www.facebook.com\/MovimientoFasta"]}]}},"_links":{"self":[{"href":"https:\/\/www.fasta.org\/en\/wp-json\/wp\/v2\/noticias\/2480814","targetHints":{"allow":["GET"]}}],"collection":[{"href":"https:\/\/www.fasta.org\/en\/wp-json\/wp\/v2\/noticias"}],"about":[{"href":"https:\/\/www.fasta.org\/en\/wp-json\/wp\/v2\/types\/noticias"}],"version-history":[{"count":1,"href":"https:\/\/www.fasta.org\/en\/wp-json\/wp\/v2\/noticias\/2480814\/revisions"}],"predecessor-version":[{"id":2480828,"href":"https:\/\/www.fasta.org\/en\/wp-json\/wp\/v2\/noticias\/2480814\/revisions\/2480828"}],"wp:featuredmedia":[{"embeddable":true,"href":"https:\/\/www.fasta.org\/en\/wp-json\/wp\/v2\/media\/2480821"}],"wp:attachment":[{"href":"https:\/\/www.fasta.org\/en\/wp-json\/wp\/v2\/media?parent=2480814"}],"wp:term":[{"taxonomy":"fuente_noticia","embeddable":true,"href":"https:\/\/www.fasta.org\/en\/wp-json\/wp\/v2\/fuente_noticia?post=2480814"},{"taxonomy":"categorias_noticia","embeddable":true,"href":"https:\/\/www.fasta.org\/en\/wp-json\/wp\/v2\/categorias_noticia?post=2480814"},{"taxonomy":"origen_noticia","embeddable":true,"href":"https:\/\/www.fasta.org\/en\/wp-json\/wp\/v2\/origen_noticia?post=2480814"}],"curies":[{"name":"wp","href":"https:\/\/api.w.org\/{rel}","templated":true}]}}