{"id":2480790,"date":"2026-08-28T12:52:50","date_gmt":"2026-08-28T15:52:50","guid":{"rendered":"https:\/\/www.fasta.org\/?post_type=noticias&#038;p=2480790"},"modified":"2026-08-28T12:52:53","modified_gmt":"2026-08-28T15:52:53","slug":"se-realizo-la-reunion-de-directorio-de-agosto-2","status":"publish","type":"noticias","link":"https:\/\/www.fasta.org\/en\/noticias\/se-realizo-la-reunion-de-directorio-de-agosto-2\/","title":{"rendered":"Se realiz\u00f3 la reuni\u00f3n de Directorio de agosto"},"content":{"rendered":"\n<p class=\"wp-block-paragraph\">El mi\u00e9rcoles 26 de agosto se llev\u00f3 a cabo la reuni\u00f3n de Directorio Ampliado, presidida por el Padre Presidente de Fasta, Pbro. C\u00e9sar Garc\u00e9s Rojas, y el Vicepresidente Ejecutivo, Dr. Alejandro Campos.<\/p>\n\n\n\n<p class=\"wp-block-paragraph\">Luego de la oraci\u00f3n y la lectura del Evangelio del d\u00eda, el primer tema fue la presentaci\u00f3n, a cargo del Dr. Ricardo Iturrrez, del itinerario de trabajo que se llevar\u00e1 a cabo entre agosto y noviembre en el marco del proceso de reforma estatutaria. Este permitir\u00e1 la participaci\u00f3n de las comunidades y llegar al Consejo Plenario 2026 con un documento cerrado para ser evaluado.<\/p>\n\n\n\n<p class=\"wp-block-paragraph\">En relaci\u00f3n con este tema y con la reincorporaci\u00f3n a la Familia Dominicana, el Dr. Silvano Penna comparti\u00f3 las conclusiones del encuentro que mantuvieron el s\u00e1bado pasado con Mons. Fray Carlos Azpiroz Costa, canonista, Arzobispo de Bah\u00eda Blanca y ex Maestro de la Orden, quien asesor\u00f3 en ambas cuestiones y se puso a disposici\u00f3n para acompa\u00f1ar a Fasta en estos procesos. Tambi\u00e9n estuvieron en la reuni\u00f3n los milicianos Rodrigo Serrano y Guadalupe Baulos. La reuni\u00f3n fue muy buena, se pudieron abordar todos los temas y Fr. Carlos fue muy l\u00facido y c\u00e1lido en todos sus consejos, demostrando el afecto que siente por toda Fasta y, en especial, por nuestro Fundador. La reforma del estatuto se realiza debido al pedido hecho por el Dicasterio para los Laicos, la Familia y la Vida a todos los movimientos de la Iglesia para incorporar en los \u00f3rganos de gobierno y en la vida comunitaria mayores criterios de participaci\u00f3n, proporcionalidad y representatividad.<\/p>\n\n\n\n<p class=\"wp-block-paragraph\">El Padre Andr\u00e9s Quiroga, Regente de la Fraternidad Apost\u00f3lica Sacerdotal Tom\u00e1s de Aquino, dio detalles del Consejo de la Fraternidad, que se llev\u00f3 a cabo el 15 y 16 de agosto y tuvo car\u00e1cter electivo, ya que se eligi\u00f3 al nuevo Regente para el per\u00edodo 2027-2033, a los vocales del Directorio y a los delegados que participar\u00e1n del Consejo Plenario de Fasta.<\/p>\n\n\n\n<p class=\"wp-block-paragraph\">La Regente de la Fraternidad Apost\u00f3lica Santa Catalina de Siena, Cath. \u00c1ngela Mar\u00eda Varela, expuso los temas que se tratar\u00e1n en el pr\u00f3ximo Consejo General de las Catherinas, que tendr\u00e1 lugar del 31 de agosto al 2 de septiembre.<\/p>\n\n\n\n<p class=\"wp-block-paragraph\">Por su parte, el Director Nacional del Movimiento de Fasta Argentina, Mil. Pablo Olivero, dio a conocer ante el Directorio las ternas para Presidente Jurisdiccional de las comunidades de Fasta Rosario y Jujuy. De esto modo, fue elegida Mar\u00eda Paula Bejar como Presidente Jurisdiccional de Fasta Jujuy y Javier Molinas como Presidente Jurisdiccional de Fasta Rosario.<\/p>\n\n\n\n<p class=\"wp-block-paragraph\">La Directora de J\u00f3venes de Fasta, Arq. Clara Penna, present\u00f3 al directorio los perfiles de las secciones de la Milicia Juvenil. Se trata de un proyecto en el que participaron alrededor de 27 milicianos y del cual result\u00f3 un documento que constituye una hoja de ruta para orientar el proceso formativo y apost\u00f3lico de los j\u00f3venes que integran las agrupaciones menores.<\/p>\n\n\n\n<p class=\"wp-block-paragraph\">Respecto a la pr\u00f3xima visita del Papa Le\u00f3n XIV a Argentina, la Presidencia determin\u00f3 una participaci\u00f3n plena de Fasta en este evento hist\u00f3rico. El Movimiento junto a las jurisdicciones de Buenos Aires, C\u00f3rdoba y Mercedes Luj\u00e1n comenzaron a trabajar en la organizaci\u00f3n para ser anfitrionas y recibir a todos los milicianos que quisieran acercarse de las distintas partes del pa\u00eds.<\/p>\n","protected":false},"excerpt":{"rendered":"<p>El mi\u00e9rcoles 26 de agosto se llev\u00f3 a cabo la reuni\u00f3n de Directorio Ampliado, presidida por el Padre Presidente de Fasta, Pbro. C\u00e9sar Garc\u00e9s Rojas, y el Vicepresidente Ejecutivo, Dr. Alejandro Campos. Luego de la oraci\u00f3n y la lectura del Evangelio del d\u00eda, el primer tema fue la presentaci\u00f3n, a cargo del Dr. Ricardo Iturrrez, [&hellip;]<\/p>\n","protected":false},"featured_media":2480799,"template":"","fuente_noticia":[],"categorias_noticia":[156],"origen_noticia":[69],"class_list":["post-2480790","noticias","type-noticias","status-publish","has-post-thumbnail","hentry","categorias_noticia-ciudad","origen_noticia-propia"],"acf":[],"yoast_head":"<!-- This site is optimized with the Yoast SEO plugin v27.4 - https:\/\/yoast.com\/product\/yoast-seo-wordpress\/ -->\n<title>Se realiz\u00f3 la reuni\u00f3n de Directorio de agosto - Fasta<\/title>\n<meta name=\"robots\" content=\"index, follow, max-snippet:-1, max-image-preview:large, max-video-preview:-1\" \/>\n<link rel=\"canonical\" href=\"https:\/\/www.fasta.org\/en\/noticias\/se-realizo-la-reunion-de-directorio-de-agosto-2\/\" \/>\n<meta property=\"og:locale\" content=\"en_US\" \/>\n<meta property=\"og:type\" content=\"article\" \/>\n<meta property=\"og:title\" content=\"Se realiz\u00f3 la reuni\u00f3n de Directorio de agosto - Fasta\" \/>\n<meta property=\"og:description\" content=\"El mi\u00e9rcoles 26 de agosto se llev\u00f3 a cabo la reuni\u00f3n de Directorio Ampliado, presidida por el Padre Presidente de Fasta, Pbro. C\u00e9sar Garc\u00e9s Rojas, y el Vicepresidente Ejecutivo, Dr. Alejandro Campos. Luego de la oraci\u00f3n y la lectura del Evangelio del d\u00eda, el primer tema fue la presentaci\u00f3n, a cargo del Dr. Ricardo Iturrrez, [&hellip;]\" \/>\n<meta property=\"og:url\" content=\"https:\/\/www.fasta.org\/en\/noticias\/se-realizo-la-reunion-de-directorio-de-agosto-2\/\" \/>\n<meta property=\"og:site_name\" content=\"Fasta\" \/>\n<meta property=\"article:publisher\" content=\"https:\/\/www.facebook.com\/MovimientoFasta\" \/>\n<meta property=\"article:modified_time\" content=\"2026-08-28T15:52:53+00:00\" \/>\n<meta property=\"og:image\" content=\"https:\/\/www.fasta.org\/wp-content\/uploads\/2026\/08\/reunion-directorio1.webp\" \/>\n\t<meta property=\"og:image:width\" content=\"1501\" \/>\n\t<meta property=\"og:image:height\" content=\"701\" \/>\n\t<meta property=\"og:image:type\" content=\"image\/webp\" \/>\n<meta name=\"twitter:card\" content=\"summary_large_image\" \/>\n<meta name=\"twitter:label1\" content=\"Est. reading time\" \/>\n\t<meta name=\"twitter:data1\" content=\"3 minutes\" \/>\n<script type=\"application\/ld+json\" class=\"yoast-schema-graph\">{\"@context\":\"https:\\\/\\\/schema.org\",\"@graph\":[{\"@type\":\"WebPage\",\"@id\":\"https:\\\/\\\/www.fasta.org\\\/en\\\/noticias\\\/se-realizo-la-reunion-de-directorio-de-agosto-2\\\/\",\"url\":\"https:\\\/\\\/www.fasta.org\\\/en\\\/noticias\\\/se-realizo-la-reunion-de-directorio-de-agosto-2\\\/\",\"name\":\"Se realiz\u00f3 la reuni\u00f3n de Directorio de agosto - Fasta\",\"isPartOf\":{\"@id\":\"https:\\\/\\\/www.fasta.org\\\/en\\\/#website\"},\"primaryImageOfPage\":{\"@id\":\"https:\\\/\\\/www.fasta.org\\\/en\\\/noticias\\\/se-realizo-la-reunion-de-directorio-de-agosto-2\\\/#primaryimage\"},\"image\":{\"@id\":\"https:\\\/\\\/www.fasta.org\\\/en\\\/noticias\\\/se-realizo-la-reunion-de-directorio-de-agosto-2\\\/#primaryimage\"},\"thumbnailUrl\":\"https:\\\/\\\/www.fasta.org\\\/wp-content\\\/uploads\\\/2026\\\/08\\\/reunion-directorio1.webp\",\"datePublished\":\"2026-08-28T15:52:50+00:00\",\"dateModified\":\"2026-08-28T15:52:53+00:00\",\"breadcrumb\":{\"@id\":\"https:\\\/\\\/www.fasta.org\\\/en\\\/noticias\\\/se-realizo-la-reunion-de-directorio-de-agosto-2\\\/#breadcrumb\"},\"inLanguage\":\"en-US\",\"potentialAction\":[{\"@type\":\"ReadAction\",\"target\":[\"https:\\\/\\\/www.fasta.org\\\/en\\\/noticias\\\/se-realizo-la-reunion-de-directorio-de-agosto-2\\\/\"]}]},{\"@type\":\"ImageObject\",\"inLanguage\":\"en-US\",\"@id\":\"https:\\\/\\\/www.fasta.org\\\/en\\\/noticias\\\/se-realizo-la-reunion-de-directorio-de-agosto-2\\\/#primaryimage\",\"url\":\"https:\\\/\\\/www.fasta.org\\\/wp-content\\\/uploads\\\/2026\\\/08\\\/reunion-directorio1.webp\",\"contentUrl\":\"https:\\\/\\\/www.fasta.org\\\/wp-content\\\/uploads\\\/2026\\\/08\\\/reunion-directorio1.webp\",\"width\":1501,\"height\":701},{\"@type\":\"BreadcrumbList\",\"@id\":\"https:\\\/\\\/www.fasta.org\\\/en\\\/noticias\\\/se-realizo-la-reunion-de-directorio-de-agosto-2\\\/#breadcrumb\",\"itemListElement\":[{\"@type\":\"ListItem\",\"position\":1,\"name\":\"Portada\",\"item\":\"https:\\\/\\\/www.fasta.org\\\/en\\\/home\\\/\"},{\"@type\":\"ListItem\",\"position\":2,\"name\":\"Noticias\",\"item\":\"https:\\\/\\\/www.fasta.org\\\/en\\\/noticias\\\/\"},{\"@type\":\"ListItem\",\"position\":3,\"name\":\"Se realiz\u00f3 la reuni\u00f3n de Directorio de agosto\"}]},{\"@type\":\"WebSite\",\"@id\":\"https:\\\/\\\/www.fasta.org\\\/en\\\/#website\",\"url\":\"https:\\\/\\\/www.fasta.org\\\/en\\\/\",\"name\":\"Fasta\",\"description\":\"Fraternidad de Agrupaciones Santo Tom\u00e1s de Aquino\",\"publisher\":{\"@id\":\"https:\\\/\\\/www.fasta.org\\\/en\\\/#organization\"},\"potentialAction\":[{\"@type\":\"SearchAction\",\"target\":{\"@type\":\"EntryPoint\",\"urlTemplate\":\"https:\\\/\\\/www.fasta.org\\\/en\\\/?s={search_term_string}\"},\"query-input\":{\"@type\":\"PropertyValueSpecification\",\"valueRequired\":true,\"valueName\":\"search_term_string\"}}],\"inLanguage\":\"en-US\"},{\"@type\":\"Organization\",\"@id\":\"https:\\\/\\\/www.fasta.org\\\/en\\\/#organization\",\"name\":\"Fasta\",\"url\":\"https:\\\/\\\/www.fasta.org\\\/en\\\/\",\"logo\":{\"@type\":\"ImageObject\",\"inLanguage\":\"en-US\",\"@id\":\"https:\\\/\\\/www.fasta.org\\\/en\\\/#\\\/schema\\\/logo\\\/image\\\/\",\"url\":\"https:\\\/\\\/www.fasta.org\\\/wp-content\\\/uploads\\\/2021\\\/08\\\/Marca-Fasta.png\",\"contentUrl\":\"https:\\\/\\\/www.fasta.org\\\/wp-content\\\/uploads\\\/2021\\\/08\\\/Marca-Fasta.png\",\"width\":1595,\"height\":644,\"caption\":\"Fasta\"},\"image\":{\"@id\":\"https:\\\/\\\/www.fasta.org\\\/en\\\/#\\\/schema\\\/logo\\\/image\\\/\"},\"sameAs\":[\"https:\\\/\\\/www.facebook.com\\\/MovimientoFasta\"]}]}<\/script>\n<!-- \/ Yoast SEO plugin. -->","yoast_head_json":{"title":"Se realiz\u00f3 la reuni\u00f3n de Directorio de agosto - Fasta","robots":{"index":"index","follow":"follow","max-snippet":"max-snippet:-1","max-image-preview":"max-image-preview:large","max-video-preview":"max-video-preview:-1"},"canonical":"https:\/\/www.fasta.org\/en\/noticias\/se-realizo-la-reunion-de-directorio-de-agosto-2\/","og_locale":"en_US","og_type":"article","og_title":"Se realiz\u00f3 la reuni\u00f3n de Directorio de agosto - Fasta","og_description":"El mi\u00e9rcoles 26 de agosto se llev\u00f3 a cabo la reuni\u00f3n de Directorio Ampliado, presidida por el Padre Presidente de Fasta, Pbro. C\u00e9sar Garc\u00e9s Rojas, y el Vicepresidente Ejecutivo, Dr. Alejandro Campos. Luego de la oraci\u00f3n y la lectura del Evangelio del d\u00eda, el primer tema fue la presentaci\u00f3n, a cargo del Dr. Ricardo Iturrrez, [&hellip;]","og_url":"https:\/\/www.fasta.org\/en\/noticias\/se-realizo-la-reunion-de-directorio-de-agosto-2\/","og_site_name":"Fasta","article_publisher":"https:\/\/www.facebook.com\/MovimientoFasta","article_modified_time":"2026-08-28T15:52:53+00:00","og_image":[{"width":1501,"height":701,"url":"https:\/\/www.fasta.org\/wp-content\/uploads\/2026\/08\/reunion-directorio1.webp","type":"image\/webp"}],"twitter_card":"summary_large_image","twitter_misc":{"Est. reading time":"3 minutes"},"schema":{"@context":"https:\/\/schema.org","@graph":[{"@type":"WebPage","@id":"https:\/\/www.fasta.org\/en\/noticias\/se-realizo-la-reunion-de-directorio-de-agosto-2\/","url":"https:\/\/www.fasta.org\/en\/noticias\/se-realizo-la-reunion-de-directorio-de-agosto-2\/","name":"Se realiz\u00f3 la reuni\u00f3n de Directorio de agosto - Fasta","isPartOf":{"@id":"https:\/\/www.fasta.org\/en\/#website"},"primaryImageOfPage":{"@id":"https:\/\/www.fasta.org\/en\/noticias\/se-realizo-la-reunion-de-directorio-de-agosto-2\/#primaryimage"},"image":{"@id":"https:\/\/www.fasta.org\/en\/noticias\/se-realizo-la-reunion-de-directorio-de-agosto-2\/#primaryimage"},"thumbnailUrl":"https:\/\/www.fasta.org\/wp-content\/uploads\/2026\/08\/reunion-directorio1.webp","datePublished":"2026-08-28T15:52:50+00:00","dateModified":"2026-08-28T15:52:53+00:00","breadcrumb":{"@id":"https:\/\/www.fasta.org\/en\/noticias\/se-realizo-la-reunion-de-directorio-de-agosto-2\/#breadcrumb"},"inLanguage":"en-US","potentialAction":[{"@type":"ReadAction","target":["https:\/\/www.fasta.org\/en\/noticias\/se-realizo-la-reunion-de-directorio-de-agosto-2\/"]}]},{"@type":"ImageObject","inLanguage":"en-US","@id":"https:\/\/www.fasta.org\/en\/noticias\/se-realizo-la-reunion-de-directorio-de-agosto-2\/#primaryimage","url":"https:\/\/www.fasta.org\/wp-content\/uploads\/2026\/08\/reunion-directorio1.webp","contentUrl":"https:\/\/www.fasta.org\/wp-content\/uploads\/2026\/08\/reunion-directorio1.webp","width":1501,"height":701},{"@type":"BreadcrumbList","@id":"https:\/\/www.fasta.org\/en\/noticias\/se-realizo-la-reunion-de-directorio-de-agosto-2\/#breadcrumb","itemListElement":[{"@type":"ListItem","position":1,"name":"Portada","item":"https:\/\/www.fasta.org\/en\/home\/"},{"@type":"ListItem","position":2,"name":"Noticias","item":"https:\/\/www.fasta.org\/en\/noticias\/"},{"@type":"ListItem","position":3,"name":"Se realiz\u00f3 la reuni\u00f3n de Directorio de agosto"}]},{"@type":"WebSite","@id":"https:\/\/www.fasta.org\/en\/#website","url":"https:\/\/www.fasta.org\/en\/","name":"Fasta","description":"Fraternidad de Agrupaciones Santo Tom\u00e1s de Aquino","publisher":{"@id":"https:\/\/www.fasta.org\/en\/#organization"},"potentialAction":[{"@type":"SearchAction","target":{"@type":"EntryPoint","urlTemplate":"https:\/\/www.fasta.org\/en\/?s={search_term_string}"},"query-input":{"@type":"PropertyValueSpecification","valueRequired":true,"valueName":"search_term_string"}}],"inLanguage":"en-US"},{"@type":"Organization","@id":"https:\/\/www.fasta.org\/en\/#organization","name":"Fasta","url":"https:\/\/www.fasta.org\/en\/","logo":{"@type":"ImageObject","inLanguage":"en-US","@id":"https:\/\/www.fasta.org\/en\/#\/schema\/logo\/image\/","url":"https:\/\/www.fasta.org\/wp-content\/uploads\/2021\/08\/Marca-Fasta.png","contentUrl":"https:\/\/www.fasta.org\/wp-content\/uploads\/2021\/08\/Marca-Fasta.png","width":1595,"height":644,"caption":"Fasta"},"image":{"@id":"https:\/\/www.fasta.org\/en\/#\/schema\/logo\/image\/"},"sameAs":["https:\/\/www.facebook.com\/MovimientoFasta"]}]}},"_links":{"self":[{"href":"https:\/\/www.fasta.org\/en\/wp-json\/wp\/v2\/noticias\/2480790","targetHints":{"allow":["GET"]}}],"collection":[{"href":"https:\/\/www.fasta.org\/en\/wp-json\/wp\/v2\/noticias"}],"about":[{"href":"https:\/\/www.fasta.org\/en\/wp-json\/wp\/v2\/types\/noticias"}],"version-history":[{"count":1,"href":"https:\/\/www.fasta.org\/en\/wp-json\/wp\/v2\/noticias\/2480790\/revisions"}],"predecessor-version":[{"id":2480805,"href":"https:\/\/www.fasta.org\/en\/wp-json\/wp\/v2\/noticias\/2480790\/revisions\/2480805"}],"wp:featuredmedia":[{"embeddable":true,"href":"https:\/\/www.fasta.org\/en\/wp-json\/wp\/v2\/media\/2480799"}],"wp:attachment":[{"href":"https:\/\/www.fasta.org\/en\/wp-json\/wp\/v2\/media?parent=2480790"}],"wp:term":[{"taxonomy":"fuente_noticia","embeddable":true,"href":"https:\/\/www.fasta.org\/en\/wp-json\/wp\/v2\/fuente_noticia?post=2480790"},{"taxonomy":"categorias_noticia","embeddable":true,"href":"https:\/\/www.fasta.org\/en\/wp-json\/wp\/v2\/categorias_noticia?post=2480790"},{"taxonomy":"origen_noticia","embeddable":true,"href":"https:\/\/www.fasta.org\/en\/wp-json\/wp\/v2\/origen_noticia?post=2480790"}],"curies":[{"name":"wp","href":"https:\/\/api.w.org\/{rel}","templated":true}]}}