{"id":2228291,"date":"2026-03-13T10:52:30","date_gmt":"2026-03-13T13:52:30","guid":{"rendered":"https:\/\/www.fasta.org\/?post_type=noticias&#038;p=2228291"},"modified":"2026-03-13T10:52:34","modified_gmt":"2026-03-13T13:52:34","slug":"se-realizo-la-reunion-de-directorio-de-marzo-3","status":"publish","type":"noticias","link":"https:\/\/www.fasta.org\/en\/noticias\/se-realizo-la-reunion-de-directorio-de-marzo-3\/","title":{"rendered":"Se realiz\u00f3 la reuni\u00f3n de Directorio de marzo"},"content":{"rendered":"\n<p>El mi\u00e9rcoles 11 de marzo se llev\u00f3 a cabo la reuni\u00f3n de Directorio Ampliado correspondiente al mes de marzo. La misma se desarroll\u00f3 de manera mixta: algunos miembros participaron de forma presencial en la Universidad Fasta de Mar del Plata, otros lo hicieron desde la sede de Presidencia ubicada en Rivadavia, mientras que el resto de los integrantes se sum\u00f3 de manera virtual desde sus respectivas localidades. La reuni\u00f3n fue presidida por el Padre Presidente de Fasta, Pbro. C\u00e9sar Garc\u00e9s Rojas y el Vicepresidente Ejecutivo, Dr. Alejandro Campos.<\/p>\n\n\n\n<p>El primer tema abordado fueron las conclusiones de la <a href=\"https:\/\/www.fasta.org\/noticias\/con-desafios-y-una-mirada-comun-finalizo-la-jornada-del-directorio\/?utm_source=Presidencia&amp;utm_campaign=709acd95f3-EMAIL_CAMPAIGN_2026_02_26_12_41&amp;utm_medium=email&amp;utm_term=0_-709acd95f3-220799653&amp;mc_cid=709acd95f3&amp;mc_eid=67f21419b5\" type=\"link\" id=\"https:\/\/www.fasta.org\/noticias\/con-desafios-y-una-mirada-comun-finalizo-la-jornada-del-directorio\/?utm_source=Presidencia&amp;utm_campaign=709acd95f3-EMAIL_CAMPAIGN_2026_02_26_12_41&amp;utm_medium=email&amp;utm_term=0_-709acd95f3-220799653&amp;mc_cid=709acd95f3&amp;mc_eid=67f21419b5\" target=\"_blank\" rel=\"noreferrer noopener\">Jornada del Directorio de Fasta<\/a>, realizada en febrero en Mar del Plata. Dichas conclusiones quedaron plasmadas en cuatro documentos de trabajo, algunos de los cuales ya se han presentado en distintas reuniones y \u00e1mbitos de conducci\u00f3n, para que finalmente se trabajen en cada comunidad: <a href=\"https:\/\/drive.google.com\/file\/d\/1a5tryarZ6wr7XLqZmcEsgsgOPohETScj\/view\" type=\"link\" id=\"https:\/\/drive.google.com\/file\/d\/1a5tryarZ6wr7XLqZmcEsgsgOPohETScj\/view\" target=\"_blank\" rel=\"noreferrer noopener\">\u201cConstruir la Ciudad: Fidelidad al Carisma en un tiempo nuevo\u201d<\/a> y <a href=\"https:\/\/drive.google.com\/file\/d\/1kQw629xwxolJDyCOZWBeNIG7bXZrDtGd\/view\" type=\"link\" id=\"https:\/\/drive.google.com\/file\/d\/1kQw629xwxolJDyCOZWBeNIG7bXZrDtGd\/view\" target=\"_blank\" rel=\"noreferrer noopener\">\u201cFasta y la Ciudad en el Magisterio del Fundador\u201d<\/a>. Tambi\u00e9n se trabaj\u00f3 sobre las prioridades del Directorio, que son los lineamientos institucionales a los cuales deben responder las planificaciones, consolidando de esta manera una mirada com\u00fan de la Ciudad.<\/p>\n\n\n\n<p>La Universidad Fasta se encuentra pr\u00f3xima al final del per\u00edodo rectoral por ello, se inform\u00f3 sobre el inicio de un proceso de <em>traditio generacional<\/em> que se desarrollar\u00e1 durante los pr\u00f3ximos dos a\u00f1os. En este proceso participar\u00e1n tres generaciones: la fundacional, la de miembros menores de 60 a\u00f1os y la de menores de 40. A partir de este trabajo&nbsp; se buscar\u00e1 definir el rol de cada una de ellas en el nuevo periodo rectoral y en lo pol\u00edtico, lo estrat\u00e9gico y lo gerencial, en orden a los desaf\u00edos de la Universidad. <em>\u201cNo estamos por elegir un futuro rector, estamos poniendo a una nueva generaci\u00f3n al frente del desaf\u00edo de las obras\u201d<\/em>, explic\u00f3 el Vicepresidente Ejecutivo de Fasta.<\/p>\n\n\n\n<p>Con la alegr\u00eda compartida por la nueva etapa institucional que inici\u00f3 el Colegio Fasta Catamarca, se hizo menci\u00f3n al <a href=\"https:\/\/redfasta.edu.ar\/noticias\/una-jornada-historica-para-el-colegio-fasta-catamarca\/\" type=\"link\" id=\"https:\/\/redfasta.edu.ar\/noticias\/una-jornada-historica-para-el-colegio-fasta-catamarca\/\" target=\"_blank\" rel=\"noreferrer noopener\">acto de inauguraci\u00f3n del edificio del Nivel Inicial<\/a> en el predio Altocampo, realizado el pasado 3 de marzo, que cont\u00f3 con la presencia del Gobernador de Catamarca, Lic. Ra\u00fal Jalil y el Vicario Episcopal de Educaci\u00f3n de la Di\u00f3cesis de Catamarca, Pbro. Lucas Segura, entre otras autoridades.<\/p>\n\n\n\n<p>De cara a la planificaci\u00f3n de los dos acontecimientos m\u00e1s significativos que tendr\u00e1 la Ciudad Miliciana el pr\u00f3ximo a\u00f1o, se present\u00f3 un calendario preliminar de trabajo con vistas al 65\u00b0 Aniversario de Fasta y al 5\u00b0 Aniversario de la Pascua del Fundador. En el Consejo Plenario de este a\u00f1o, que se llevar\u00e1 a cabo del 21 al 23 de noviembre, se har\u00e1 el lanzamiento de la agenda conmemorativa del aniversario de Fasta.<\/p>\n\n\n\n<p>Respecto al proceso iniciado de la Reforma del Estatuto de Fasta, se present\u00f3 el \u00faltimo informe de estado de situaci\u00f3n elaborado por la Comisi\u00f3n que tiene a cargo el tema. En este punto, el Padre C\u00e9sar coment\u00f3 <em>\u201caplicando la consigna <\/em><em>\u201cFidelidad y renovaci\u00f3n\u201d<\/em><em>, se nos invita a realizar un proceso de relectura del camino recorrido desde el plano jur\u00eddico, en consonancia con aquello que el Padre Fundador siempre nos propon\u00eda: memoria y conciencia. S\u00f3lo desde esa actitud podremos discernir cu\u00e1l fue la intenci\u00f3n del Fundador y qu\u00e9 nos est\u00e1 pidiendo hoy el Esp\u00edritu Santo\u201d<\/em>.<\/p>\n\n\n\n<p>Ante la solicitud presentada por la Direcci\u00f3n Nacional del Movimiento Argentina, fue aprobado por unanimidad el pedido de constituir la <a href=\"https:\/\/www.fasta.org\/noticias\/se-constituyo-la-comunidad-fundacional-de-fasta-san-miguel\/\" type=\"link\" id=\"https:\/\/www.fasta.org\/noticias\/se-constituyo-la-comunidad-fundacional-de-fasta-san-miguel\/\" target=\"_blank\" rel=\"noreferrer noopener\">Comunidad Fundacional de Fasta San Miguel<\/a> en la cual desde el a\u00f1o 2023 realiza su tarea apost\u00f3lica la Comunidad de Fasta Bella Vista.<\/p>\n\n\n\n<p>La Direcci\u00f3n de Formaci\u00f3n present\u00f3 una <a href=\"https:\/\/www.fasta.org\/noticias\/unit-ia-herramienta-para-la-planificacion-y-la-profesionalizacion\/\" type=\"link\" id=\"https:\/\/www.fasta.org\/noticias\/unit-ia-herramienta-para-la-planificacion-y-la-profesionalizacion\/\" target=\"_blank\" rel=\"noreferrer noopener\">innovaci\u00f3n en la aplicaci\u00f3n Unit<\/a>: la integraci\u00f3n de un chatbot con inteligencia artificial en la app de j\u00f3venes, que ofrece respuestas a partir de una base de conocimientos desarrollada por la propia Direcci\u00f3n. El lanzamiento de esta nueva herramienta se realiz\u00f3 durante el XVII Encuentro de Responsables de Formaci\u00f3n, que reuni\u00f3 a los encargados de formaci\u00f3n de los rucas los d\u00edas 7 y 8 de marzo. Este fin de semana se realizar\u00e1 el encuentro con los Jefes de Formaci\u00f3n de las Jurisdicciones y, en los pr\u00f3ximos d\u00edas, se llevar\u00e1 a cabo de manera virtual con los responsables de los colegios de la Red Educativa.<\/p>\n","protected":false},"excerpt":{"rendered":"<p>El mi\u00e9rcoles 11 de marzo se llev\u00f3 a cabo la reuni\u00f3n de Directorio Ampliado correspondiente al mes de marzo. La misma se desarroll\u00f3 de manera mixta: algunos miembros participaron de forma presencial en la Universidad Fasta de Mar del Plata, otros lo hicieron desde la sede de Presidencia ubicada en Rivadavia, mientras que el resto [&hellip;]<\/p>\n","protected":false},"featured_media":2228296,"template":"","fuente_noticia":[],"categorias_noticia":[156],"origen_noticia":[69],"class_list":["post-2228291","noticias","type-noticias","status-publish","has-post-thumbnail","hentry","categorias_noticia-ciudad","origen_noticia-propia"],"acf":[],"yoast_head":"<!-- This site is optimized with the Yoast SEO plugin v27.4 - https:\/\/yoast.com\/product\/yoast-seo-wordpress\/ -->\n<title>Se realiz\u00f3 la reuni\u00f3n de Directorio de marzo - Fasta<\/title>\n<meta name=\"robots\" content=\"index, follow, max-snippet:-1, max-image-preview:large, max-video-preview:-1\" \/>\n<link rel=\"canonical\" href=\"https:\/\/www.fasta.org\/en\/noticias\/se-realizo-la-reunion-de-directorio-de-marzo-3\/\" \/>\n<meta property=\"og:locale\" content=\"en_US\" \/>\n<meta property=\"og:type\" content=\"article\" \/>\n<meta property=\"og:title\" content=\"Se realiz\u00f3 la reuni\u00f3n de Directorio de marzo - Fasta\" \/>\n<meta property=\"og:description\" content=\"El mi\u00e9rcoles 11 de marzo se llev\u00f3 a cabo la reuni\u00f3n de Directorio Ampliado correspondiente al mes de marzo. La misma se desarroll\u00f3 de manera mixta: algunos miembros participaron de forma presencial en la Universidad Fasta de Mar del Plata, otros lo hicieron desde la sede de Presidencia ubicada en Rivadavia, mientras que el resto [&hellip;]\" \/>\n<meta property=\"og:url\" content=\"https:\/\/www.fasta.org\/en\/noticias\/se-realizo-la-reunion-de-directorio-de-marzo-3\/\" \/>\n<meta property=\"og:site_name\" content=\"Fasta\" \/>\n<meta property=\"article:publisher\" content=\"https:\/\/www.facebook.com\/MovimientoFasta\" \/>\n<meta property=\"article:modified_time\" content=\"2026-03-13T13:52:34+00:00\" \/>\n<meta property=\"og:image\" content=\"https:\/\/www.fasta.org\/wp-content\/uploads\/2026\/03\/InfoCiudad45_Directorio-web-scaled.webp\" \/>\n\t<meta property=\"og:image:width\" content=\"2560\" \/>\n\t<meta property=\"og:image:height\" content=\"1195\" \/>\n\t<meta property=\"og:image:type\" content=\"image\/webp\" \/>\n<meta name=\"twitter:card\" content=\"summary_large_image\" \/>\n<meta name=\"twitter:label1\" content=\"Est. reading time\" \/>\n\t<meta name=\"twitter:data1\" content=\"4 minutes\" \/>\n<script type=\"application\/ld+json\" class=\"yoast-schema-graph\">{\"@context\":\"https:\\\/\\\/schema.org\",\"@graph\":[{\"@type\":\"WebPage\",\"@id\":\"https:\\\/\\\/www.fasta.org\\\/en\\\/noticias\\\/se-realizo-la-reunion-de-directorio-de-marzo-3\\\/\",\"url\":\"https:\\\/\\\/www.fasta.org\\\/en\\\/noticias\\\/se-realizo-la-reunion-de-directorio-de-marzo-3\\\/\",\"name\":\"Se realiz\u00f3 la reuni\u00f3n de Directorio de marzo - Fasta\",\"isPartOf\":{\"@id\":\"https:\\\/\\\/www.fasta.org\\\/en\\\/#website\"},\"primaryImageOfPage\":{\"@id\":\"https:\\\/\\\/www.fasta.org\\\/en\\\/noticias\\\/se-realizo-la-reunion-de-directorio-de-marzo-3\\\/#primaryimage\"},\"image\":{\"@id\":\"https:\\\/\\\/www.fasta.org\\\/en\\\/noticias\\\/se-realizo-la-reunion-de-directorio-de-marzo-3\\\/#primaryimage\"},\"thumbnailUrl\":\"https:\\\/\\\/www.fasta.org\\\/wp-content\\\/uploads\\\/2026\\\/03\\\/InfoCiudad45_Directorio-web-scaled.webp\",\"datePublished\":\"2026-03-13T13:52:30+00:00\",\"dateModified\":\"2026-03-13T13:52:34+00:00\",\"breadcrumb\":{\"@id\":\"https:\\\/\\\/www.fasta.org\\\/en\\\/noticias\\\/se-realizo-la-reunion-de-directorio-de-marzo-3\\\/#breadcrumb\"},\"inLanguage\":\"en-US\",\"potentialAction\":[{\"@type\":\"ReadAction\",\"target\":[\"https:\\\/\\\/www.fasta.org\\\/en\\\/noticias\\\/se-realizo-la-reunion-de-directorio-de-marzo-3\\\/\"]}]},{\"@type\":\"ImageObject\",\"inLanguage\":\"en-US\",\"@id\":\"https:\\\/\\\/www.fasta.org\\\/en\\\/noticias\\\/se-realizo-la-reunion-de-directorio-de-marzo-3\\\/#primaryimage\",\"url\":\"https:\\\/\\\/www.fasta.org\\\/wp-content\\\/uploads\\\/2026\\\/03\\\/InfoCiudad45_Directorio-web-scaled.webp\",\"contentUrl\":\"https:\\\/\\\/www.fasta.org\\\/wp-content\\\/uploads\\\/2026\\\/03\\\/InfoCiudad45_Directorio-web-scaled.webp\",\"width\":2560,\"height\":1195},{\"@type\":\"BreadcrumbList\",\"@id\":\"https:\\\/\\\/www.fasta.org\\\/en\\\/noticias\\\/se-realizo-la-reunion-de-directorio-de-marzo-3\\\/#breadcrumb\",\"itemListElement\":[{\"@type\":\"ListItem\",\"position\":1,\"name\":\"Portada\",\"item\":\"https:\\\/\\\/www.fasta.org\\\/en\\\/home\\\/\"},{\"@type\":\"ListItem\",\"position\":2,\"name\":\"Noticias\",\"item\":\"https:\\\/\\\/www.fasta.org\\\/en\\\/noticias\\\/\"},{\"@type\":\"ListItem\",\"position\":3,\"name\":\"Se realiz\u00f3 la reuni\u00f3n de Directorio de marzo\"}]},{\"@type\":\"WebSite\",\"@id\":\"https:\\\/\\\/www.fasta.org\\\/en\\\/#website\",\"url\":\"https:\\\/\\\/www.fasta.org\\\/en\\\/\",\"name\":\"Fasta\",\"description\":\"Fraternidad de Agrupaciones Santo Tom\u00e1s de Aquino\",\"publisher\":{\"@id\":\"https:\\\/\\\/www.fasta.org\\\/en\\\/#organization\"},\"potentialAction\":[{\"@type\":\"SearchAction\",\"target\":{\"@type\":\"EntryPoint\",\"urlTemplate\":\"https:\\\/\\\/www.fasta.org\\\/en\\\/?s={search_term_string}\"},\"query-input\":{\"@type\":\"PropertyValueSpecification\",\"valueRequired\":true,\"valueName\":\"search_term_string\"}}],\"inLanguage\":\"en-US\"},{\"@type\":\"Organization\",\"@id\":\"https:\\\/\\\/www.fasta.org\\\/en\\\/#organization\",\"name\":\"Fasta\",\"url\":\"https:\\\/\\\/www.fasta.org\\\/en\\\/\",\"logo\":{\"@type\":\"ImageObject\",\"inLanguage\":\"en-US\",\"@id\":\"https:\\\/\\\/www.fasta.org\\\/en\\\/#\\\/schema\\\/logo\\\/image\\\/\",\"url\":\"https:\\\/\\\/www.fasta.org\\\/wp-content\\\/uploads\\\/2021\\\/08\\\/Marca-Fasta.png\",\"contentUrl\":\"https:\\\/\\\/www.fasta.org\\\/wp-content\\\/uploads\\\/2021\\\/08\\\/Marca-Fasta.png\",\"width\":1595,\"height\":644,\"caption\":\"Fasta\"},\"image\":{\"@id\":\"https:\\\/\\\/www.fasta.org\\\/en\\\/#\\\/schema\\\/logo\\\/image\\\/\"},\"sameAs\":[\"https:\\\/\\\/www.facebook.com\\\/MovimientoFasta\"]}]}<\/script>\n<!-- \/ Yoast SEO plugin. -->","yoast_head_json":{"title":"Se realiz\u00f3 la reuni\u00f3n de Directorio de marzo - Fasta","robots":{"index":"index","follow":"follow","max-snippet":"max-snippet:-1","max-image-preview":"max-image-preview:large","max-video-preview":"max-video-preview:-1"},"canonical":"https:\/\/www.fasta.org\/en\/noticias\/se-realizo-la-reunion-de-directorio-de-marzo-3\/","og_locale":"en_US","og_type":"article","og_title":"Se realiz\u00f3 la reuni\u00f3n de Directorio de marzo - Fasta","og_description":"El mi\u00e9rcoles 11 de marzo se llev\u00f3 a cabo la reuni\u00f3n de Directorio Ampliado correspondiente al mes de marzo. La misma se desarroll\u00f3 de manera mixta: algunos miembros participaron de forma presencial en la Universidad Fasta de Mar del Plata, otros lo hicieron desde la sede de Presidencia ubicada en Rivadavia, mientras que el resto [&hellip;]","og_url":"https:\/\/www.fasta.org\/en\/noticias\/se-realizo-la-reunion-de-directorio-de-marzo-3\/","og_site_name":"Fasta","article_publisher":"https:\/\/www.facebook.com\/MovimientoFasta","article_modified_time":"2026-03-13T13:52:34+00:00","og_image":[{"width":2560,"height":1195,"url":"https:\/\/www.fasta.org\/wp-content\/uploads\/2026\/03\/InfoCiudad45_Directorio-web-scaled.webp","type":"image\/webp"}],"twitter_card":"summary_large_image","twitter_misc":{"Est. reading time":"4 minutes"},"schema":{"@context":"https:\/\/schema.org","@graph":[{"@type":"WebPage","@id":"https:\/\/www.fasta.org\/en\/noticias\/se-realizo-la-reunion-de-directorio-de-marzo-3\/","url":"https:\/\/www.fasta.org\/en\/noticias\/se-realizo-la-reunion-de-directorio-de-marzo-3\/","name":"Se realiz\u00f3 la reuni\u00f3n de Directorio de marzo - Fasta","isPartOf":{"@id":"https:\/\/www.fasta.org\/en\/#website"},"primaryImageOfPage":{"@id":"https:\/\/www.fasta.org\/en\/noticias\/se-realizo-la-reunion-de-directorio-de-marzo-3\/#primaryimage"},"image":{"@id":"https:\/\/www.fasta.org\/en\/noticias\/se-realizo-la-reunion-de-directorio-de-marzo-3\/#primaryimage"},"thumbnailUrl":"https:\/\/www.fasta.org\/wp-content\/uploads\/2026\/03\/InfoCiudad45_Directorio-web-scaled.webp","datePublished":"2026-03-13T13:52:30+00:00","dateModified":"2026-03-13T13:52:34+00:00","breadcrumb":{"@id":"https:\/\/www.fasta.org\/en\/noticias\/se-realizo-la-reunion-de-directorio-de-marzo-3\/#breadcrumb"},"inLanguage":"en-US","potentialAction":[{"@type":"ReadAction","target":["https:\/\/www.fasta.org\/en\/noticias\/se-realizo-la-reunion-de-directorio-de-marzo-3\/"]}]},{"@type":"ImageObject","inLanguage":"en-US","@id":"https:\/\/www.fasta.org\/en\/noticias\/se-realizo-la-reunion-de-directorio-de-marzo-3\/#primaryimage","url":"https:\/\/www.fasta.org\/wp-content\/uploads\/2026\/03\/InfoCiudad45_Directorio-web-scaled.webp","contentUrl":"https:\/\/www.fasta.org\/wp-content\/uploads\/2026\/03\/InfoCiudad45_Directorio-web-scaled.webp","width":2560,"height":1195},{"@type":"BreadcrumbList","@id":"https:\/\/www.fasta.org\/en\/noticias\/se-realizo-la-reunion-de-directorio-de-marzo-3\/#breadcrumb","itemListElement":[{"@type":"ListItem","position":1,"name":"Portada","item":"https:\/\/www.fasta.org\/en\/home\/"},{"@type":"ListItem","position":2,"name":"Noticias","item":"https:\/\/www.fasta.org\/en\/noticias\/"},{"@type":"ListItem","position":3,"name":"Se realiz\u00f3 la reuni\u00f3n de Directorio de marzo"}]},{"@type":"WebSite","@id":"https:\/\/www.fasta.org\/en\/#website","url":"https:\/\/www.fasta.org\/en\/","name":"Fasta","description":"Fraternidad de Agrupaciones Santo Tom\u00e1s de Aquino","publisher":{"@id":"https:\/\/www.fasta.org\/en\/#organization"},"potentialAction":[{"@type":"SearchAction","target":{"@type":"EntryPoint","urlTemplate":"https:\/\/www.fasta.org\/en\/?s={search_term_string}"},"query-input":{"@type":"PropertyValueSpecification","valueRequired":true,"valueName":"search_term_string"}}],"inLanguage":"en-US"},{"@type":"Organization","@id":"https:\/\/www.fasta.org\/en\/#organization","name":"Fasta","url":"https:\/\/www.fasta.org\/en\/","logo":{"@type":"ImageObject","inLanguage":"en-US","@id":"https:\/\/www.fasta.org\/en\/#\/schema\/logo\/image\/","url":"https:\/\/www.fasta.org\/wp-content\/uploads\/2021\/08\/Marca-Fasta.png","contentUrl":"https:\/\/www.fasta.org\/wp-content\/uploads\/2021\/08\/Marca-Fasta.png","width":1595,"height":644,"caption":"Fasta"},"image":{"@id":"https:\/\/www.fasta.org\/en\/#\/schema\/logo\/image\/"},"sameAs":["https:\/\/www.facebook.com\/MovimientoFasta"]}]}},"_links":{"self":[{"href":"https:\/\/www.fasta.org\/en\/wp-json\/wp\/v2\/noticias\/2228291","targetHints":{"allow":["GET"]}}],"collection":[{"href":"https:\/\/www.fasta.org\/en\/wp-json\/wp\/v2\/noticias"}],"about":[{"href":"https:\/\/www.fasta.org\/en\/wp-json\/wp\/v2\/types\/noticias"}],"version-history":[{"count":1,"href":"https:\/\/www.fasta.org\/en\/wp-json\/wp\/v2\/noticias\/2228291\/revisions"}],"predecessor-version":[{"id":2228326,"href":"https:\/\/www.fasta.org\/en\/wp-json\/wp\/v2\/noticias\/2228291\/revisions\/2228326"}],"wp:featuredmedia":[{"embeddable":true,"href":"https:\/\/www.fasta.org\/en\/wp-json\/wp\/v2\/media\/2228296"}],"wp:attachment":[{"href":"https:\/\/www.fasta.org\/en\/wp-json\/wp\/v2\/media?parent=2228291"}],"wp:term":[{"taxonomy":"fuente_noticia","embeddable":true,"href":"https:\/\/www.fasta.org\/en\/wp-json\/wp\/v2\/fuente_noticia?post=2228291"},{"taxonomy":"categorias_noticia","embeddable":true,"href":"https:\/\/www.fasta.org\/en\/wp-json\/wp\/v2\/categorias_noticia?post=2228291"},{"taxonomy":"origen_noticia","embeddable":true,"href":"https:\/\/www.fasta.org\/en\/wp-json\/wp\/v2\/origen_noticia?post=2228291"}],"curies":[{"name":"wp","href":"https:\/\/api.w.org\/{rel}","templated":true}]}}