{"id":2228244,"date":"2026-03-13T10:24:53","date_gmt":"2026-03-13T13:24:53","guid":{"rendered":"https:\/\/www.fasta.org\/?post_type=noticias&#038;p=2228244"},"modified":"2026-03-13T10:24:57","modified_gmt":"2026-03-13T13:24:57","slug":"se-constituyo-la-comunidad-fundacional-de-fasta-san-miguel","status":"publish","type":"noticias","link":"https:\/\/www.fasta.org\/en\/noticias\/se-constituyo-la-comunidad-fundacional-de-fasta-san-miguel\/","title":{"rendered":"Se constituy\u00f3 la Comunidad Fundacional de Fasta San Miguel"},"content":{"rendered":"\n<p>En la reuni\u00f3n de Directorio del 11 de marzo, la Direcci\u00f3n Nacional del Movimiento Fasta Argentina present\u00f3 la solicitud elevada por el Presidente Jurisdiccional de Fasta Buenos Aires, Mat\u00edas Zubir\u00eda, para la aprobaci\u00f3n de la constituci\u00f3n de la Comunidad Fundacional de Fasta San Miguel.<\/p>\n\n\n\n<p>Esta realidad apost\u00f3lica tuvo sus primeros pasos en el a\u00f1o 2023 cuando fue la presentaci\u00f3n de Fasta ante el Obispo de San Miguel, Mons. Dami\u00e1n Nannini, quien aprob\u00f3 el inicio de las actividades en Bella Vista. Los siguientes a\u00f1os fueron de crecimiento y consolidaci\u00f3n ya que durante el 2024 y 2025 se formaron convivios, compartieron celebraciones eucar\u00edsticas, actividades formativas y diversas iniciativas apost\u00f3licas.<\/p>\n\n\n\n<p>Tambi\u00e9n, en esta di\u00f3cesis, actualmente la Universidad Fasta cuenta con dos unidades de apoyo en los colegios Santos Padres, en Bella Vista, y San Jos\u00e9 en Mu\u00f1iz.<\/p>\n\n\n\n<p>El Presidente Jurisdiccional de Fasta Buenos Aires destac\u00f3 en el pedido <em>\u201cla creaci\u00f3n de esta comunidad independiente permitir\u00e1 que los milicianos de Bella Vista y alrededores cumplan sus deberes estatutarios en el marco de su propia realidad diocesana (&#8230;) esta comunidad est\u00e1 impulsada por un n\u00facleo de milicianos oficializados donde algunos de ellos han entregado su vida al Movimiento en diversas misiones. Se trata de hombres y mujeres de probada fidelidad y compromiso hist\u00f3rico, quienes tienen la madurez y conocimiento necesarios para conducir esta obra fundacional con autonom\u00eda y responsabilidad\u201d.<\/em><\/p>\n","protected":false},"excerpt":{"rendered":"<p>En la reuni\u00f3n de Directorio del 11 de marzo, la Direcci\u00f3n Nacional del Movimiento Fasta Argentina present\u00f3 la solicitud elevada por el Presidente Jurisdiccional de Fasta Buenos Aires, Mat\u00edas Zubir\u00eda, para la aprobaci\u00f3n de la constituci\u00f3n de la Comunidad Fundacional de Fasta San Miguel. Esta realidad apost\u00f3lica tuvo sus primeros pasos en el a\u00f1o 2023 [&hellip;]<\/p>\n","protected":false},"featured_media":2228249,"template":"","fuente_noticia":[],"categorias_noticia":[103],"origen_noticia":[69],"class_list":["post-2228244","noticias","type-noticias","status-publish","has-post-thumbnail","hentry","categorias_noticia-movimiento","origen_noticia-propia"],"acf":[],"yoast_head":"<!-- This site is optimized with the Yoast SEO plugin v27.4 - https:\/\/yoast.com\/product\/yoast-seo-wordpress\/ -->\n<title>Se constituy\u00f3 la Comunidad Fundacional de Fasta San Miguel - Fasta<\/title>\n<meta name=\"robots\" content=\"index, follow, max-snippet:-1, max-image-preview:large, max-video-preview:-1\" \/>\n<link rel=\"canonical\" href=\"https:\/\/www.fasta.org\/en\/noticias\/se-constituyo-la-comunidad-fundacional-de-fasta-san-miguel\/\" \/>\n<meta property=\"og:locale\" content=\"en_US\" \/>\n<meta property=\"og:type\" content=\"article\" \/>\n<meta property=\"og:title\" content=\"Se constituy\u00f3 la Comunidad Fundacional de Fasta San Miguel - Fasta\" \/>\n<meta property=\"og:description\" content=\"En la reuni\u00f3n de Directorio del 11 de marzo, la Direcci\u00f3n Nacional del Movimiento Fasta Argentina present\u00f3 la solicitud elevada por el Presidente Jurisdiccional de Fasta Buenos Aires, Mat\u00edas Zubir\u00eda, para la aprobaci\u00f3n de la constituci\u00f3n de la Comunidad Fundacional de Fasta San Miguel. Esta realidad apost\u00f3lica tuvo sus primeros pasos en el a\u00f1o 2023 [&hellip;]\" \/>\n<meta property=\"og:url\" content=\"https:\/\/www.fasta.org\/en\/noticias\/se-constituyo-la-comunidad-fundacional-de-fasta-san-miguel\/\" \/>\n<meta property=\"og:site_name\" content=\"Fasta\" \/>\n<meta property=\"article:publisher\" content=\"https:\/\/www.facebook.com\/MovimientoFasta\" \/>\n<meta property=\"article:modified_time\" content=\"2026-03-13T13:24:57+00:00\" \/>\n<meta property=\"og:image\" content=\"https:\/\/www.fasta.org\/wp-content\/uploads\/2026\/03\/InfoCiudad45_Bella-Vista-scaled.webp\" \/>\n\t<meta property=\"og:image:width\" content=\"2560\" \/>\n\t<meta property=\"og:image:height\" content=\"1195\" \/>\n\t<meta property=\"og:image:type\" content=\"image\/webp\" \/>\n<meta name=\"twitter:card\" content=\"summary_large_image\" \/>\n<meta name=\"twitter:label1\" content=\"Est. reading time\" \/>\n\t<meta name=\"twitter:data1\" content=\"2 minutes\" \/>\n<script type=\"application\/ld+json\" class=\"yoast-schema-graph\">{\"@context\":\"https:\\\/\\\/schema.org\",\"@graph\":[{\"@type\":\"WebPage\",\"@id\":\"https:\\\/\\\/www.fasta.org\\\/en\\\/noticias\\\/se-constituyo-la-comunidad-fundacional-de-fasta-san-miguel\\\/\",\"url\":\"https:\\\/\\\/www.fasta.org\\\/en\\\/noticias\\\/se-constituyo-la-comunidad-fundacional-de-fasta-san-miguel\\\/\",\"name\":\"Se constituy\u00f3 la Comunidad Fundacional de Fasta San Miguel - Fasta\",\"isPartOf\":{\"@id\":\"https:\\\/\\\/www.fasta.org\\\/en\\\/#website\"},\"primaryImageOfPage\":{\"@id\":\"https:\\\/\\\/www.fasta.org\\\/en\\\/noticias\\\/se-constituyo-la-comunidad-fundacional-de-fasta-san-miguel\\\/#primaryimage\"},\"image\":{\"@id\":\"https:\\\/\\\/www.fasta.org\\\/en\\\/noticias\\\/se-constituyo-la-comunidad-fundacional-de-fasta-san-miguel\\\/#primaryimage\"},\"thumbnailUrl\":\"https:\\\/\\\/www.fasta.org\\\/wp-content\\\/uploads\\\/2026\\\/03\\\/InfoCiudad45_Bella-Vista-scaled.webp\",\"datePublished\":\"2026-03-13T13:24:53+00:00\",\"dateModified\":\"2026-03-13T13:24:57+00:00\",\"breadcrumb\":{\"@id\":\"https:\\\/\\\/www.fasta.org\\\/en\\\/noticias\\\/se-constituyo-la-comunidad-fundacional-de-fasta-san-miguel\\\/#breadcrumb\"},\"inLanguage\":\"en-US\",\"potentialAction\":[{\"@type\":\"ReadAction\",\"target\":[\"https:\\\/\\\/www.fasta.org\\\/en\\\/noticias\\\/se-constituyo-la-comunidad-fundacional-de-fasta-san-miguel\\\/\"]}]},{\"@type\":\"ImageObject\",\"inLanguage\":\"en-US\",\"@id\":\"https:\\\/\\\/www.fasta.org\\\/en\\\/noticias\\\/se-constituyo-la-comunidad-fundacional-de-fasta-san-miguel\\\/#primaryimage\",\"url\":\"https:\\\/\\\/www.fasta.org\\\/wp-content\\\/uploads\\\/2026\\\/03\\\/InfoCiudad45_Bella-Vista-scaled.webp\",\"contentUrl\":\"https:\\\/\\\/www.fasta.org\\\/wp-content\\\/uploads\\\/2026\\\/03\\\/InfoCiudad45_Bella-Vista-scaled.webp\",\"width\":2560,\"height\":1195},{\"@type\":\"BreadcrumbList\",\"@id\":\"https:\\\/\\\/www.fasta.org\\\/en\\\/noticias\\\/se-constituyo-la-comunidad-fundacional-de-fasta-san-miguel\\\/#breadcrumb\",\"itemListElement\":[{\"@type\":\"ListItem\",\"position\":1,\"name\":\"Portada\",\"item\":\"https:\\\/\\\/www.fasta.org\\\/en\\\/home\\\/\"},{\"@type\":\"ListItem\",\"position\":2,\"name\":\"Noticias\",\"item\":\"https:\\\/\\\/www.fasta.org\\\/en\\\/noticias\\\/\"},{\"@type\":\"ListItem\",\"position\":3,\"name\":\"Se constituy\u00f3 la Comunidad Fundacional de Fasta San Miguel\"}]},{\"@type\":\"WebSite\",\"@id\":\"https:\\\/\\\/www.fasta.org\\\/en\\\/#website\",\"url\":\"https:\\\/\\\/www.fasta.org\\\/en\\\/\",\"name\":\"Fasta\",\"description\":\"Fraternidad de Agrupaciones Santo Tom\u00e1s de Aquino\",\"publisher\":{\"@id\":\"https:\\\/\\\/www.fasta.org\\\/en\\\/#organization\"},\"potentialAction\":[{\"@type\":\"SearchAction\",\"target\":{\"@type\":\"EntryPoint\",\"urlTemplate\":\"https:\\\/\\\/www.fasta.org\\\/en\\\/?s={search_term_string}\"},\"query-input\":{\"@type\":\"PropertyValueSpecification\",\"valueRequired\":true,\"valueName\":\"search_term_string\"}}],\"inLanguage\":\"en-US\"},{\"@type\":\"Organization\",\"@id\":\"https:\\\/\\\/www.fasta.org\\\/en\\\/#organization\",\"name\":\"Fasta\",\"url\":\"https:\\\/\\\/www.fasta.org\\\/en\\\/\",\"logo\":{\"@type\":\"ImageObject\",\"inLanguage\":\"en-US\",\"@id\":\"https:\\\/\\\/www.fasta.org\\\/en\\\/#\\\/schema\\\/logo\\\/image\\\/\",\"url\":\"https:\\\/\\\/www.fasta.org\\\/wp-content\\\/uploads\\\/2021\\\/08\\\/Marca-Fasta.png\",\"contentUrl\":\"https:\\\/\\\/www.fasta.org\\\/wp-content\\\/uploads\\\/2021\\\/08\\\/Marca-Fasta.png\",\"width\":1595,\"height\":644,\"caption\":\"Fasta\"},\"image\":{\"@id\":\"https:\\\/\\\/www.fasta.org\\\/en\\\/#\\\/schema\\\/logo\\\/image\\\/\"},\"sameAs\":[\"https:\\\/\\\/www.facebook.com\\\/MovimientoFasta\"]}]}<\/script>\n<!-- \/ Yoast SEO plugin. -->","yoast_head_json":{"title":"Se constituy\u00f3 la Comunidad Fundacional de Fasta San Miguel - Fasta","robots":{"index":"index","follow":"follow","max-snippet":"max-snippet:-1","max-image-preview":"max-image-preview:large","max-video-preview":"max-video-preview:-1"},"canonical":"https:\/\/www.fasta.org\/en\/noticias\/se-constituyo-la-comunidad-fundacional-de-fasta-san-miguel\/","og_locale":"en_US","og_type":"article","og_title":"Se constituy\u00f3 la Comunidad Fundacional de Fasta San Miguel - Fasta","og_description":"En la reuni\u00f3n de Directorio del 11 de marzo, la Direcci\u00f3n Nacional del Movimiento Fasta Argentina present\u00f3 la solicitud elevada por el Presidente Jurisdiccional de Fasta Buenos Aires, Mat\u00edas Zubir\u00eda, para la aprobaci\u00f3n de la constituci\u00f3n de la Comunidad Fundacional de Fasta San Miguel. Esta realidad apost\u00f3lica tuvo sus primeros pasos en el a\u00f1o 2023 [&hellip;]","og_url":"https:\/\/www.fasta.org\/en\/noticias\/se-constituyo-la-comunidad-fundacional-de-fasta-san-miguel\/","og_site_name":"Fasta","article_publisher":"https:\/\/www.facebook.com\/MovimientoFasta","article_modified_time":"2026-03-13T13:24:57+00:00","og_image":[{"width":2560,"height":1195,"url":"https:\/\/www.fasta.org\/wp-content\/uploads\/2026\/03\/InfoCiudad45_Bella-Vista-scaled.webp","type":"image\/webp"}],"twitter_card":"summary_large_image","twitter_misc":{"Est. reading time":"2 minutes"},"schema":{"@context":"https:\/\/schema.org","@graph":[{"@type":"WebPage","@id":"https:\/\/www.fasta.org\/en\/noticias\/se-constituyo-la-comunidad-fundacional-de-fasta-san-miguel\/","url":"https:\/\/www.fasta.org\/en\/noticias\/se-constituyo-la-comunidad-fundacional-de-fasta-san-miguel\/","name":"Se constituy\u00f3 la Comunidad Fundacional de Fasta San Miguel - Fasta","isPartOf":{"@id":"https:\/\/www.fasta.org\/en\/#website"},"primaryImageOfPage":{"@id":"https:\/\/www.fasta.org\/en\/noticias\/se-constituyo-la-comunidad-fundacional-de-fasta-san-miguel\/#primaryimage"},"image":{"@id":"https:\/\/www.fasta.org\/en\/noticias\/se-constituyo-la-comunidad-fundacional-de-fasta-san-miguel\/#primaryimage"},"thumbnailUrl":"https:\/\/www.fasta.org\/wp-content\/uploads\/2026\/03\/InfoCiudad45_Bella-Vista-scaled.webp","datePublished":"2026-03-13T13:24:53+00:00","dateModified":"2026-03-13T13:24:57+00:00","breadcrumb":{"@id":"https:\/\/www.fasta.org\/en\/noticias\/se-constituyo-la-comunidad-fundacional-de-fasta-san-miguel\/#breadcrumb"},"inLanguage":"en-US","potentialAction":[{"@type":"ReadAction","target":["https:\/\/www.fasta.org\/en\/noticias\/se-constituyo-la-comunidad-fundacional-de-fasta-san-miguel\/"]}]},{"@type":"ImageObject","inLanguage":"en-US","@id":"https:\/\/www.fasta.org\/en\/noticias\/se-constituyo-la-comunidad-fundacional-de-fasta-san-miguel\/#primaryimage","url":"https:\/\/www.fasta.org\/wp-content\/uploads\/2026\/03\/InfoCiudad45_Bella-Vista-scaled.webp","contentUrl":"https:\/\/www.fasta.org\/wp-content\/uploads\/2026\/03\/InfoCiudad45_Bella-Vista-scaled.webp","width":2560,"height":1195},{"@type":"BreadcrumbList","@id":"https:\/\/www.fasta.org\/en\/noticias\/se-constituyo-la-comunidad-fundacional-de-fasta-san-miguel\/#breadcrumb","itemListElement":[{"@type":"ListItem","position":1,"name":"Portada","item":"https:\/\/www.fasta.org\/en\/home\/"},{"@type":"ListItem","position":2,"name":"Noticias","item":"https:\/\/www.fasta.org\/en\/noticias\/"},{"@type":"ListItem","position":3,"name":"Se constituy\u00f3 la Comunidad Fundacional de Fasta San Miguel"}]},{"@type":"WebSite","@id":"https:\/\/www.fasta.org\/en\/#website","url":"https:\/\/www.fasta.org\/en\/","name":"Fasta","description":"Fraternidad de Agrupaciones Santo Tom\u00e1s de Aquino","publisher":{"@id":"https:\/\/www.fasta.org\/en\/#organization"},"potentialAction":[{"@type":"SearchAction","target":{"@type":"EntryPoint","urlTemplate":"https:\/\/www.fasta.org\/en\/?s={search_term_string}"},"query-input":{"@type":"PropertyValueSpecification","valueRequired":true,"valueName":"search_term_string"}}],"inLanguage":"en-US"},{"@type":"Organization","@id":"https:\/\/www.fasta.org\/en\/#organization","name":"Fasta","url":"https:\/\/www.fasta.org\/en\/","logo":{"@type":"ImageObject","inLanguage":"en-US","@id":"https:\/\/www.fasta.org\/en\/#\/schema\/logo\/image\/","url":"https:\/\/www.fasta.org\/wp-content\/uploads\/2021\/08\/Marca-Fasta.png","contentUrl":"https:\/\/www.fasta.org\/wp-content\/uploads\/2021\/08\/Marca-Fasta.png","width":1595,"height":644,"caption":"Fasta"},"image":{"@id":"https:\/\/www.fasta.org\/en\/#\/schema\/logo\/image\/"},"sameAs":["https:\/\/www.facebook.com\/MovimientoFasta"]}]}},"_links":{"self":[{"href":"https:\/\/www.fasta.org\/en\/wp-json\/wp\/v2\/noticias\/2228244","targetHints":{"allow":["GET"]}}],"collection":[{"href":"https:\/\/www.fasta.org\/en\/wp-json\/wp\/v2\/noticias"}],"about":[{"href":"https:\/\/www.fasta.org\/en\/wp-json\/wp\/v2\/types\/noticias"}],"version-history":[{"count":1,"href":"https:\/\/www.fasta.org\/en\/wp-json\/wp\/v2\/noticias\/2228244\/revisions"}],"predecessor-version":[{"id":2228255,"href":"https:\/\/www.fasta.org\/en\/wp-json\/wp\/v2\/noticias\/2228244\/revisions\/2228255"}],"wp:featuredmedia":[{"embeddable":true,"href":"https:\/\/www.fasta.org\/en\/wp-json\/wp\/v2\/media\/2228249"}],"wp:attachment":[{"href":"https:\/\/www.fasta.org\/en\/wp-json\/wp\/v2\/media?parent=2228244"}],"wp:term":[{"taxonomy":"fuente_noticia","embeddable":true,"href":"https:\/\/www.fasta.org\/en\/wp-json\/wp\/v2\/fuente_noticia?post=2228244"},{"taxonomy":"categorias_noticia","embeddable":true,"href":"https:\/\/www.fasta.org\/en\/wp-json\/wp\/v2\/categorias_noticia?post=2228244"},{"taxonomy":"origen_noticia","embeddable":true,"href":"https:\/\/www.fasta.org\/en\/wp-json\/wp\/v2\/origen_noticia?post=2228244"}],"curies":[{"name":"wp","href":"https:\/\/api.w.org\/{rel}","templated":true}]}}