{"id":2227744,"date":"2026-03-12T22:06:44","date_gmt":"2026-03-13T01:06:44","guid":{"rendered":"https:\/\/www.fasta.org\/?post_type=noticias&#038;p=2227744"},"modified":"2026-03-12T22:06:49","modified_gmt":"2026-03-13T01:06:49","slug":"fasta-participo-del-encuentro-internacional-de-jovenes-en-dialogo","status":"publish","type":"noticias","link":"https:\/\/www.fasta.org\/en\/noticias\/fasta-participo-del-encuentro-internacional-de-jovenes-en-dialogo\/","title":{"rendered":"Fasta particip\u00f3 del Encuentro Internacional de \u201cJ\u00f3venes en Di\u00e1logo\u201d"},"content":{"rendered":"\n<p>Una delegaci\u00f3n de Fasta Espa\u00f1a integrada por los fasteanos Mar\u00eda Jos\u00e9 Madrid V\u00edlchez y Jos\u00e9 Manuel Art\u00edguez Antonaya, acompa\u00f1ados por el Pbro. Lisandro Scarabino, particip\u00f3 del encuentro internacional que fue promovido por el Dicasterio para el Di\u00e1logo Interreligioso, en colaboraci\u00f3n con el Dicasterio para los Laicos, la Familia y la Vida.<\/p>\n\n\n\n<p>El mismo se llev\u00f3 a cabo del 6 al 8 de marzo y reuni\u00f3 a j\u00f3venes cat\u00f3licos, jud\u00edos, musulmanes, budistas, jainistas de pa\u00edses como Ucrania, Estados Unidos, India, Argelia, Marruecos, Portugal, Brasil, Suiza, Reino Unido, Alemania, Espa\u00f1a e Italia.<\/p>\n\n\n\n<p><em>\u201cLa participaci\u00f3n de Fasta en este encuentro es muy fruct\u00edfera en primer lugar porque hemos respondido a una invitaci\u00f3n directa de los Dicasterios del Vaticano que surgi\u00f3 en respuesta a una prioridad del Papa; tambi\u00e9n por nuestra misi\u00f3n de evangelizar a la juventud, es primordial estar presentes en foros donde la Iglesia convoca a los j\u00f3venes; y por nuestra esencia de ser Fraternidad, tambi\u00e9n fue muy oportuno, ya que el encuentro permiti\u00f3 profundizar en el concepto de fraternidad humana como v\u00ednculo de paz\u201d<\/em>, destac\u00f3 el Padre Lisandro Scarabino.<\/p>\n\n\n\n<p>Durante los dos d\u00edas hubieron distintas intervenciones en las cuales se profundizaron temas como el an\u00e1lisis de la situaci\u00f3n de la juventud en Asia y Europa: el papel de los j\u00f3venes en la construcci\u00f3n de una paz desarmada y desarmante; la fraternidad como v\u00ednculo de paz; la fraternidad humana: un valor a\u00f1adido a la igualdad; la espiritualidad del di\u00e1logo interreligioso; Jornada Mundial de la Juventud: lugar de di\u00e1logo, fraternidad y paz; entre otros temas.<\/p>\n\n\n\n<p>De la experiencia el Padre Lisandro expres\u00f3 <em>\u201cfue un encuentro en donde no hab\u00eda tanta gente; no superamos las 100 personas, y se pudo dar mucho di\u00e1logo entre todos. (\u2026) El di\u00e1logo interreligioso es una realidad absolutamente nueva para Fasta, pero que nos toca de manera particular al tener como objetivo la evangelizaci\u00f3n de la cultura. (\u2026) Aqu\u00ed en Espa\u00f1a se da much\u00edsimo: hay presencia no solo de otras religiones, sino tambi\u00e9n de otros pa\u00edses con sus costumbres y culturas. Entonces est\u00e1 bueno conocernos, dialogar, sentarse y buscar cosas en com\u00fan\u201d<\/em>.<\/p>\n\n\n\n<p>Luego se realiz\u00f3 un espacio de testimonios e intercambios entre los participantes a partir de cuatro grupos de trabajo para reflexionar sobre dimensiones espec\u00edficas de la construcci\u00f3n de la paz y la convivencia: Cuidado de la Casa Com\u00fan; Fraternidad Universal; Caridad Pol\u00edtica y Paz desarmada y desarmante. Las conclusiones de estos grupos subrayaron que la fraternidad no es un ideal abstracto, sino un compromiso concreto que se traduce en cultura, pol\u00edtica y opciones de solidaridad.<\/p>\n\n\n\n<p>Por su parte, y dando cierre a lo vivido en el encuentro la fasteana Mar\u00eda Jos\u00e9 coment\u00f3 <em>\u201chemos conocido otras realidades muy distintas a la nuestra y creo que eso enriquece. Adem\u00e1s, hemos podido dialogar con estas personas para conocer qu\u00e9 es lo que nos une, m\u00e1s que lo que nos separa. Por otro lado, creo que ha sido una oportunidad grande para dar a conocer la obra de Fasta a personas que viven en otros lugares del mundo, con otras religiones y culturas totalmente distintas a la nuestra\u201d.<\/em><\/p>\n","protected":false},"excerpt":{"rendered":"<p>Una delegaci\u00f3n de Fasta Espa\u00f1a integrada por los fasteanos Mar\u00eda Jos\u00e9 Madrid V\u00edlchez y Jos\u00e9 Manuel Art\u00edguez Antonaya, acompa\u00f1ados por el Pbro. Lisandro Scarabino, particip\u00f3 del encuentro internacional que fue promovido por el Dicasterio para el Di\u00e1logo Interreligioso, en colaboraci\u00f3n con el Dicasterio para los Laicos, la Familia y la Vida. El mismo se llev\u00f3 [&hellip;]<\/p>\n","protected":false},"featured_media":2227751,"template":"","fuente_noticia":[],"categorias_noticia":[115],"origen_noticia":[69],"class_list":["post-2227744","noticias","type-noticias","status-publish","has-post-thumbnail","hentry","categorias_noticia-iglesia","origen_noticia-propia"],"acf":[],"yoast_head":"<!-- This site is optimized with the Yoast SEO plugin v27.4 - https:\/\/yoast.com\/product\/yoast-seo-wordpress\/ -->\n<title>Fasta particip\u00f3 del Encuentro Internacional de \u201cJ\u00f3venes en Di\u00e1logo\u201d - Fasta<\/title>\n<meta name=\"robots\" content=\"index, follow, max-snippet:-1, max-image-preview:large, max-video-preview:-1\" \/>\n<link rel=\"canonical\" href=\"https:\/\/www.fasta.org\/en\/noticias\/fasta-participo-del-encuentro-internacional-de-jovenes-en-dialogo\/\" \/>\n<meta property=\"og:locale\" content=\"en_US\" \/>\n<meta property=\"og:type\" content=\"article\" \/>\n<meta property=\"og:title\" content=\"Fasta particip\u00f3 del Encuentro Internacional de \u201cJ\u00f3venes en Di\u00e1logo\u201d - Fasta\" \/>\n<meta property=\"og:description\" content=\"Una delegaci\u00f3n de Fasta Espa\u00f1a integrada por los fasteanos Mar\u00eda Jos\u00e9 Madrid V\u00edlchez y Jos\u00e9 Manuel Art\u00edguez Antonaya, acompa\u00f1ados por el Pbro. Lisandro Scarabino, particip\u00f3 del encuentro internacional que fue promovido por el Dicasterio para el Di\u00e1logo Interreligioso, en colaboraci\u00f3n con el Dicasterio para los Laicos, la Familia y la Vida. El mismo se llev\u00f3 [&hellip;]\" \/>\n<meta property=\"og:url\" content=\"https:\/\/www.fasta.org\/en\/noticias\/fasta-participo-del-encuentro-internacional-de-jovenes-en-dialogo\/\" \/>\n<meta property=\"og:site_name\" content=\"Fasta\" \/>\n<meta property=\"article:publisher\" content=\"https:\/\/www.facebook.com\/MovimientoFasta\" \/>\n<meta property=\"article:modified_time\" content=\"2026-03-13T01:06:49+00:00\" \/>\n<meta property=\"og:image\" content=\"https:\/\/www.fasta.org\/wp-content\/uploads\/2026\/03\/InfoCiudad45_Encuentro-Jovenes-dialogo-web-scaled.webp\" \/>\n\t<meta property=\"og:image:width\" content=\"2560\" \/>\n\t<meta property=\"og:image:height\" content=\"1195\" \/>\n\t<meta property=\"og:image:type\" content=\"image\/webp\" \/>\n<meta name=\"twitter:card\" content=\"summary_large_image\" \/>\n<meta name=\"twitter:label1\" content=\"Est. reading time\" \/>\n\t<meta name=\"twitter:data1\" content=\"3 minutes\" \/>\n<script type=\"application\/ld+json\" class=\"yoast-schema-graph\">{\"@context\":\"https:\\\/\\\/schema.org\",\"@graph\":[{\"@type\":\"WebPage\",\"@id\":\"https:\\\/\\\/www.fasta.org\\\/en\\\/noticias\\\/fasta-participo-del-encuentro-internacional-de-jovenes-en-dialogo\\\/\",\"url\":\"https:\\\/\\\/www.fasta.org\\\/en\\\/noticias\\\/fasta-participo-del-encuentro-internacional-de-jovenes-en-dialogo\\\/\",\"name\":\"Fasta particip\u00f3 del Encuentro Internacional de \u201cJ\u00f3venes en Di\u00e1logo\u201d - Fasta\",\"isPartOf\":{\"@id\":\"https:\\\/\\\/www.fasta.org\\\/en\\\/#website\"},\"primaryImageOfPage\":{\"@id\":\"https:\\\/\\\/www.fasta.org\\\/en\\\/noticias\\\/fasta-participo-del-encuentro-internacional-de-jovenes-en-dialogo\\\/#primaryimage\"},\"image\":{\"@id\":\"https:\\\/\\\/www.fasta.org\\\/en\\\/noticias\\\/fasta-participo-del-encuentro-internacional-de-jovenes-en-dialogo\\\/#primaryimage\"},\"thumbnailUrl\":\"https:\\\/\\\/www.fasta.org\\\/wp-content\\\/uploads\\\/2026\\\/03\\\/InfoCiudad45_Encuentro-Jovenes-dialogo-web-scaled.webp\",\"datePublished\":\"2026-03-13T01:06:44+00:00\",\"dateModified\":\"2026-03-13T01:06:49+00:00\",\"breadcrumb\":{\"@id\":\"https:\\\/\\\/www.fasta.org\\\/en\\\/noticias\\\/fasta-participo-del-encuentro-internacional-de-jovenes-en-dialogo\\\/#breadcrumb\"},\"inLanguage\":\"en-US\",\"potentialAction\":[{\"@type\":\"ReadAction\",\"target\":[\"https:\\\/\\\/www.fasta.org\\\/en\\\/noticias\\\/fasta-participo-del-encuentro-internacional-de-jovenes-en-dialogo\\\/\"]}]},{\"@type\":\"ImageObject\",\"inLanguage\":\"en-US\",\"@id\":\"https:\\\/\\\/www.fasta.org\\\/en\\\/noticias\\\/fasta-participo-del-encuentro-internacional-de-jovenes-en-dialogo\\\/#primaryimage\",\"url\":\"https:\\\/\\\/www.fasta.org\\\/wp-content\\\/uploads\\\/2026\\\/03\\\/InfoCiudad45_Encuentro-Jovenes-dialogo-web-scaled.webp\",\"contentUrl\":\"https:\\\/\\\/www.fasta.org\\\/wp-content\\\/uploads\\\/2026\\\/03\\\/InfoCiudad45_Encuentro-Jovenes-dialogo-web-scaled.webp\",\"width\":2560,\"height\":1195},{\"@type\":\"BreadcrumbList\",\"@id\":\"https:\\\/\\\/www.fasta.org\\\/en\\\/noticias\\\/fasta-participo-del-encuentro-internacional-de-jovenes-en-dialogo\\\/#breadcrumb\",\"itemListElement\":[{\"@type\":\"ListItem\",\"position\":1,\"name\":\"Portada\",\"item\":\"https:\\\/\\\/www.fasta.org\\\/en\\\/home\\\/\"},{\"@type\":\"ListItem\",\"position\":2,\"name\":\"Noticias\",\"item\":\"https:\\\/\\\/www.fasta.org\\\/en\\\/noticias\\\/\"},{\"@type\":\"ListItem\",\"position\":3,\"name\":\"Fasta particip\u00f3 del Encuentro Internacional de \u201cJ\u00f3venes en Di\u00e1logo\u201d\"}]},{\"@type\":\"WebSite\",\"@id\":\"https:\\\/\\\/www.fasta.org\\\/en\\\/#website\",\"url\":\"https:\\\/\\\/www.fasta.org\\\/en\\\/\",\"name\":\"Fasta\",\"description\":\"Fraternidad de Agrupaciones Santo Tom\u00e1s de Aquino\",\"publisher\":{\"@id\":\"https:\\\/\\\/www.fasta.org\\\/en\\\/#organization\"},\"potentialAction\":[{\"@type\":\"SearchAction\",\"target\":{\"@type\":\"EntryPoint\",\"urlTemplate\":\"https:\\\/\\\/www.fasta.org\\\/en\\\/?s={search_term_string}\"},\"query-input\":{\"@type\":\"PropertyValueSpecification\",\"valueRequired\":true,\"valueName\":\"search_term_string\"}}],\"inLanguage\":\"en-US\"},{\"@type\":\"Organization\",\"@id\":\"https:\\\/\\\/www.fasta.org\\\/en\\\/#organization\",\"name\":\"Fasta\",\"url\":\"https:\\\/\\\/www.fasta.org\\\/en\\\/\",\"logo\":{\"@type\":\"ImageObject\",\"inLanguage\":\"en-US\",\"@id\":\"https:\\\/\\\/www.fasta.org\\\/en\\\/#\\\/schema\\\/logo\\\/image\\\/\",\"url\":\"https:\\\/\\\/www.fasta.org\\\/wp-content\\\/uploads\\\/2021\\\/08\\\/Marca-Fasta.png\",\"contentUrl\":\"https:\\\/\\\/www.fasta.org\\\/wp-content\\\/uploads\\\/2021\\\/08\\\/Marca-Fasta.png\",\"width\":1595,\"height\":644,\"caption\":\"Fasta\"},\"image\":{\"@id\":\"https:\\\/\\\/www.fasta.org\\\/en\\\/#\\\/schema\\\/logo\\\/image\\\/\"},\"sameAs\":[\"https:\\\/\\\/www.facebook.com\\\/MovimientoFasta\"]}]}<\/script>\n<!-- \/ Yoast SEO plugin. -->","yoast_head_json":{"title":"Fasta particip\u00f3 del Encuentro Internacional de \u201cJ\u00f3venes en Di\u00e1logo\u201d - Fasta","robots":{"index":"index","follow":"follow","max-snippet":"max-snippet:-1","max-image-preview":"max-image-preview:large","max-video-preview":"max-video-preview:-1"},"canonical":"https:\/\/www.fasta.org\/en\/noticias\/fasta-participo-del-encuentro-internacional-de-jovenes-en-dialogo\/","og_locale":"en_US","og_type":"article","og_title":"Fasta particip\u00f3 del Encuentro Internacional de \u201cJ\u00f3venes en Di\u00e1logo\u201d - Fasta","og_description":"Una delegaci\u00f3n de Fasta Espa\u00f1a integrada por los fasteanos Mar\u00eda Jos\u00e9 Madrid V\u00edlchez y Jos\u00e9 Manuel Art\u00edguez Antonaya, acompa\u00f1ados por el Pbro. Lisandro Scarabino, particip\u00f3 del encuentro internacional que fue promovido por el Dicasterio para el Di\u00e1logo Interreligioso, en colaboraci\u00f3n con el Dicasterio para los Laicos, la Familia y la Vida. El mismo se llev\u00f3 [&hellip;]","og_url":"https:\/\/www.fasta.org\/en\/noticias\/fasta-participo-del-encuentro-internacional-de-jovenes-en-dialogo\/","og_site_name":"Fasta","article_publisher":"https:\/\/www.facebook.com\/MovimientoFasta","article_modified_time":"2026-03-13T01:06:49+00:00","og_image":[{"width":2560,"height":1195,"url":"https:\/\/www.fasta.org\/wp-content\/uploads\/2026\/03\/InfoCiudad45_Encuentro-Jovenes-dialogo-web-scaled.webp","type":"image\/webp"}],"twitter_card":"summary_large_image","twitter_misc":{"Est. reading time":"3 minutes"},"schema":{"@context":"https:\/\/schema.org","@graph":[{"@type":"WebPage","@id":"https:\/\/www.fasta.org\/en\/noticias\/fasta-participo-del-encuentro-internacional-de-jovenes-en-dialogo\/","url":"https:\/\/www.fasta.org\/en\/noticias\/fasta-participo-del-encuentro-internacional-de-jovenes-en-dialogo\/","name":"Fasta particip\u00f3 del Encuentro Internacional de \u201cJ\u00f3venes en Di\u00e1logo\u201d - Fasta","isPartOf":{"@id":"https:\/\/www.fasta.org\/en\/#website"},"primaryImageOfPage":{"@id":"https:\/\/www.fasta.org\/en\/noticias\/fasta-participo-del-encuentro-internacional-de-jovenes-en-dialogo\/#primaryimage"},"image":{"@id":"https:\/\/www.fasta.org\/en\/noticias\/fasta-participo-del-encuentro-internacional-de-jovenes-en-dialogo\/#primaryimage"},"thumbnailUrl":"https:\/\/www.fasta.org\/wp-content\/uploads\/2026\/03\/InfoCiudad45_Encuentro-Jovenes-dialogo-web-scaled.webp","datePublished":"2026-03-13T01:06:44+00:00","dateModified":"2026-03-13T01:06:49+00:00","breadcrumb":{"@id":"https:\/\/www.fasta.org\/en\/noticias\/fasta-participo-del-encuentro-internacional-de-jovenes-en-dialogo\/#breadcrumb"},"inLanguage":"en-US","potentialAction":[{"@type":"ReadAction","target":["https:\/\/www.fasta.org\/en\/noticias\/fasta-participo-del-encuentro-internacional-de-jovenes-en-dialogo\/"]}]},{"@type":"ImageObject","inLanguage":"en-US","@id":"https:\/\/www.fasta.org\/en\/noticias\/fasta-participo-del-encuentro-internacional-de-jovenes-en-dialogo\/#primaryimage","url":"https:\/\/www.fasta.org\/wp-content\/uploads\/2026\/03\/InfoCiudad45_Encuentro-Jovenes-dialogo-web-scaled.webp","contentUrl":"https:\/\/www.fasta.org\/wp-content\/uploads\/2026\/03\/InfoCiudad45_Encuentro-Jovenes-dialogo-web-scaled.webp","width":2560,"height":1195},{"@type":"BreadcrumbList","@id":"https:\/\/www.fasta.org\/en\/noticias\/fasta-participo-del-encuentro-internacional-de-jovenes-en-dialogo\/#breadcrumb","itemListElement":[{"@type":"ListItem","position":1,"name":"Portada","item":"https:\/\/www.fasta.org\/en\/home\/"},{"@type":"ListItem","position":2,"name":"Noticias","item":"https:\/\/www.fasta.org\/en\/noticias\/"},{"@type":"ListItem","position":3,"name":"Fasta particip\u00f3 del Encuentro Internacional de \u201cJ\u00f3venes en Di\u00e1logo\u201d"}]},{"@type":"WebSite","@id":"https:\/\/www.fasta.org\/en\/#website","url":"https:\/\/www.fasta.org\/en\/","name":"Fasta","description":"Fraternidad de Agrupaciones Santo Tom\u00e1s de Aquino","publisher":{"@id":"https:\/\/www.fasta.org\/en\/#organization"},"potentialAction":[{"@type":"SearchAction","target":{"@type":"EntryPoint","urlTemplate":"https:\/\/www.fasta.org\/en\/?s={search_term_string}"},"query-input":{"@type":"PropertyValueSpecification","valueRequired":true,"valueName":"search_term_string"}}],"inLanguage":"en-US"},{"@type":"Organization","@id":"https:\/\/www.fasta.org\/en\/#organization","name":"Fasta","url":"https:\/\/www.fasta.org\/en\/","logo":{"@type":"ImageObject","inLanguage":"en-US","@id":"https:\/\/www.fasta.org\/en\/#\/schema\/logo\/image\/","url":"https:\/\/www.fasta.org\/wp-content\/uploads\/2021\/08\/Marca-Fasta.png","contentUrl":"https:\/\/www.fasta.org\/wp-content\/uploads\/2021\/08\/Marca-Fasta.png","width":1595,"height":644,"caption":"Fasta"},"image":{"@id":"https:\/\/www.fasta.org\/en\/#\/schema\/logo\/image\/"},"sameAs":["https:\/\/www.facebook.com\/MovimientoFasta"]}]}},"_links":{"self":[{"href":"https:\/\/www.fasta.org\/en\/wp-json\/wp\/v2\/noticias\/2227744","targetHints":{"allow":["GET"]}}],"collection":[{"href":"https:\/\/www.fasta.org\/en\/wp-json\/wp\/v2\/noticias"}],"about":[{"href":"https:\/\/www.fasta.org\/en\/wp-json\/wp\/v2\/types\/noticias"}],"version-history":[{"count":1,"href":"https:\/\/www.fasta.org\/en\/wp-json\/wp\/v2\/noticias\/2227744\/revisions"}],"predecessor-version":[{"id":2227757,"href":"https:\/\/www.fasta.org\/en\/wp-json\/wp\/v2\/noticias\/2227744\/revisions\/2227757"}],"wp:featuredmedia":[{"embeddable":true,"href":"https:\/\/www.fasta.org\/en\/wp-json\/wp\/v2\/media\/2227751"}],"wp:attachment":[{"href":"https:\/\/www.fasta.org\/en\/wp-json\/wp\/v2\/media?parent=2227744"}],"wp:term":[{"taxonomy":"fuente_noticia","embeddable":true,"href":"https:\/\/www.fasta.org\/en\/wp-json\/wp\/v2\/fuente_noticia?post=2227744"},{"taxonomy":"categorias_noticia","embeddable":true,"href":"https:\/\/www.fasta.org\/en\/wp-json\/wp\/v2\/categorias_noticia?post=2227744"},{"taxonomy":"origen_noticia","embeddable":true,"href":"https:\/\/www.fasta.org\/en\/wp-json\/wp\/v2\/origen_noticia?post=2227744"}],"curies":[{"name":"wp","href":"https:\/\/api.w.org\/{rel}","templated":true}]}}