{"id":1801751,"date":"2025-07-04T15:35:21","date_gmt":"2025-07-04T18:35:21","guid":{"rendered":"https:\/\/www.fasta.org\/?post_type=noticias&#038;p=1801751"},"modified":"2025-07-04T15:37:20","modified_gmt":"2025-07-04T18:37:20","slug":"reflexionar-para-cuidar-los-centros-juveniles-en-clave-de-espacios-cuidados","status":"publish","type":"noticias","link":"https:\/\/www.fasta.org\/en\/noticias\/reflexionar-para-cuidar-los-centros-juveniles-en-clave-de-espacios-cuidados\/","title":{"rendered":"Reflexionar para cuidar: los centros juveniles en clave de Espacios Cuidados"},"content":{"rendered":"\n<p>Del 20 al 22 de junio se desarroll\u00f3 en la Ciudad Aut\u00f3noma de Buenos Aires la Reuni\u00f3n Nacional de Jefes de Ruca y Fundaciones de Argentina. En este espacio de encuentro y planificaci\u00f3n, el s\u00e1bado por la ma\u00f1ana se destin\u00f3 un tiempo significativo para abordar la tem\u00e1tica de los Espacios Cuidados, en un conversatorio conducido por el miliciano Agust\u00edn Iturrez, quien fue jefe de la Organizaci\u00f3n de Juventudes de Argentina en 2021 y 2022.&nbsp;<\/p>\n\n\n\n<p>La propuesta busc\u00f3 generar una instancia de reflexi\u00f3n comunitaria sobre c\u00f3mo cuidamos a las personas que se acercan a nuestros centros juveniles, poniendo el acento en la necesidad de crear v\u00ednculos sanos, ambientes seguros y relaciones fundadas en el respeto, la escucha y el acompa\u00f1amiento.<\/p>\n\n\n\n<p>Este momento formativo se inscribe en el camino que Fasta viene transitando al asumir la pol\u00edtica del cuidado como una pol\u00edtica prioritaria a trav\u00e9s de la Comunidad de Escucha y Acompa\u00f1amiento y la Oficina de Protecci\u00f3n, de Personas y en consonancia con los pasos que la Iglesia ha definido para la prevenci\u00f3n de todo tipo de abuso \u2014sexual, de poder o de conciencia\u2014 y la construcci\u00f3n de comunidades eclesiales fraternas y protectoras.<\/p>\n","protected":false},"excerpt":{"rendered":"<p>Del 20 al 22 de junio se desarroll\u00f3 en la Ciudad Aut\u00f3noma de Buenos Aires la Reuni\u00f3n Nacional de Jefes de Ruca y Fundaciones de Argentina. En este espacio de encuentro y planificaci\u00f3n, el s\u00e1bado por la ma\u00f1ana se destin\u00f3 un tiempo significativo para abordar la tem\u00e1tica de los Espacios Cuidados, en un conversatorio conducido [&hellip;]<\/p>\n","protected":false},"featured_media":1801759,"template":"","fuente_noticia":[],"categorias_noticia":[183],"origen_noticia":[69],"class_list":["post-1801751","noticias","type-noticias","status-publish","has-post-thumbnail","hentry","categorias_noticia-cultura-del-cuidado","origen_noticia-propia"],"acf":[],"yoast_head":"<!-- This site is optimized with the Yoast SEO plugin v27.4 - https:\/\/yoast.com\/product\/yoast-seo-wordpress\/ -->\n<title>Reflexionar para cuidar: los centros juveniles en clave de Espacios Cuidados - Fasta<\/title>\n<meta name=\"robots\" content=\"index, follow, max-snippet:-1, max-image-preview:large, max-video-preview:-1\" \/>\n<link rel=\"canonical\" href=\"https:\/\/www.fasta.org\/en\/noticias\/reflexionar-para-cuidar-los-centros-juveniles-en-clave-de-espacios-cuidados\/\" \/>\n<meta property=\"og:locale\" content=\"en_US\" \/>\n<meta property=\"og:type\" content=\"article\" \/>\n<meta property=\"og:title\" content=\"Reflexionar para cuidar: los centros juveniles en clave de Espacios Cuidados - Fasta\" \/>\n<meta property=\"og:description\" content=\"Del 20 al 22 de junio se desarroll\u00f3 en la Ciudad Aut\u00f3noma de Buenos Aires la Reuni\u00f3n Nacional de Jefes de Ruca y Fundaciones de Argentina. En este espacio de encuentro y planificaci\u00f3n, el s\u00e1bado por la ma\u00f1ana se destin\u00f3 un tiempo significativo para abordar la tem\u00e1tica de los Espacios Cuidados, en un conversatorio conducido [&hellip;]\" \/>\n<meta property=\"og:url\" content=\"https:\/\/www.fasta.org\/en\/noticias\/reflexionar-para-cuidar-los-centros-juveniles-en-clave-de-espacios-cuidados\/\" \/>\n<meta property=\"og:site_name\" content=\"Fasta\" \/>\n<meta property=\"article:publisher\" content=\"https:\/\/www.facebook.com\/MovimientoFasta\" \/>\n<meta property=\"article:modified_time\" content=\"2025-07-04T18:37:20+00:00\" \/>\n<meta property=\"og:image\" content=\"https:\/\/www.fasta.org\/wp-content\/uploads\/2025\/07\/ciudado_nota-scaled.webp\" \/>\n\t<meta property=\"og:image:width\" content=\"2560\" \/>\n\t<meta property=\"og:image:height\" content=\"1537\" \/>\n\t<meta property=\"og:image:type\" content=\"image\/webp\" \/>\n<meta name=\"twitter:card\" content=\"summary_large_image\" \/>\n<meta name=\"twitter:label1\" content=\"Est. reading time\" \/>\n\t<meta name=\"twitter:data1\" content=\"2 minutes\" \/>\n<script type=\"application\/ld+json\" class=\"yoast-schema-graph\">{\"@context\":\"https:\\\/\\\/schema.org\",\"@graph\":[{\"@type\":\"WebPage\",\"@id\":\"https:\\\/\\\/www.fasta.org\\\/en\\\/noticias\\\/reflexionar-para-cuidar-los-centros-juveniles-en-clave-de-espacios-cuidados\\\/\",\"url\":\"https:\\\/\\\/www.fasta.org\\\/en\\\/noticias\\\/reflexionar-para-cuidar-los-centros-juveniles-en-clave-de-espacios-cuidados\\\/\",\"name\":\"Reflexionar para cuidar: los centros juveniles en clave de Espacios Cuidados - Fasta\",\"isPartOf\":{\"@id\":\"https:\\\/\\\/www.fasta.org\\\/en\\\/#website\"},\"primaryImageOfPage\":{\"@id\":\"https:\\\/\\\/www.fasta.org\\\/en\\\/noticias\\\/reflexionar-para-cuidar-los-centros-juveniles-en-clave-de-espacios-cuidados\\\/#primaryimage\"},\"image\":{\"@id\":\"https:\\\/\\\/www.fasta.org\\\/en\\\/noticias\\\/reflexionar-para-cuidar-los-centros-juveniles-en-clave-de-espacios-cuidados\\\/#primaryimage\"},\"thumbnailUrl\":\"https:\\\/\\\/www.fasta.org\\\/wp-content\\\/uploads\\\/2025\\\/07\\\/ciudado_nota-scaled.webp\",\"datePublished\":\"2025-07-04T18:35:21+00:00\",\"dateModified\":\"2025-07-04T18:37:20+00:00\",\"breadcrumb\":{\"@id\":\"https:\\\/\\\/www.fasta.org\\\/en\\\/noticias\\\/reflexionar-para-cuidar-los-centros-juveniles-en-clave-de-espacios-cuidados\\\/#breadcrumb\"},\"inLanguage\":\"en-US\",\"potentialAction\":[{\"@type\":\"ReadAction\",\"target\":[\"https:\\\/\\\/www.fasta.org\\\/en\\\/noticias\\\/reflexionar-para-cuidar-los-centros-juveniles-en-clave-de-espacios-cuidados\\\/\"]}]},{\"@type\":\"ImageObject\",\"inLanguage\":\"en-US\",\"@id\":\"https:\\\/\\\/www.fasta.org\\\/en\\\/noticias\\\/reflexionar-para-cuidar-los-centros-juveniles-en-clave-de-espacios-cuidados\\\/#primaryimage\",\"url\":\"https:\\\/\\\/www.fasta.org\\\/wp-content\\\/uploads\\\/2025\\\/07\\\/ciudado_nota-scaled.webp\",\"contentUrl\":\"https:\\\/\\\/www.fasta.org\\\/wp-content\\\/uploads\\\/2025\\\/07\\\/ciudado_nota-scaled.webp\",\"width\":2560,\"height\":1537},{\"@type\":\"BreadcrumbList\",\"@id\":\"https:\\\/\\\/www.fasta.org\\\/en\\\/noticias\\\/reflexionar-para-cuidar-los-centros-juveniles-en-clave-de-espacios-cuidados\\\/#breadcrumb\",\"itemListElement\":[{\"@type\":\"ListItem\",\"position\":1,\"name\":\"Portada\",\"item\":\"https:\\\/\\\/www.fasta.org\\\/en\\\/home\\\/\"},{\"@type\":\"ListItem\",\"position\":2,\"name\":\"Noticias\",\"item\":\"https:\\\/\\\/www.fasta.org\\\/en\\\/noticias\\\/\"},{\"@type\":\"ListItem\",\"position\":3,\"name\":\"Reflexionar para cuidar: los centros juveniles en clave de Espacios Cuidados\"}]},{\"@type\":\"WebSite\",\"@id\":\"https:\\\/\\\/www.fasta.org\\\/en\\\/#website\",\"url\":\"https:\\\/\\\/www.fasta.org\\\/en\\\/\",\"name\":\"Fasta\",\"description\":\"Fraternidad de Agrupaciones Santo Tom\u00e1s de Aquino\",\"publisher\":{\"@id\":\"https:\\\/\\\/www.fasta.org\\\/en\\\/#organization\"},\"potentialAction\":[{\"@type\":\"SearchAction\",\"target\":{\"@type\":\"EntryPoint\",\"urlTemplate\":\"https:\\\/\\\/www.fasta.org\\\/en\\\/?s={search_term_string}\"},\"query-input\":{\"@type\":\"PropertyValueSpecification\",\"valueRequired\":true,\"valueName\":\"search_term_string\"}}],\"inLanguage\":\"en-US\"},{\"@type\":\"Organization\",\"@id\":\"https:\\\/\\\/www.fasta.org\\\/en\\\/#organization\",\"name\":\"Fasta\",\"url\":\"https:\\\/\\\/www.fasta.org\\\/en\\\/\",\"logo\":{\"@type\":\"ImageObject\",\"inLanguage\":\"en-US\",\"@id\":\"https:\\\/\\\/www.fasta.org\\\/en\\\/#\\\/schema\\\/logo\\\/image\\\/\",\"url\":\"https:\\\/\\\/www.fasta.org\\\/wp-content\\\/uploads\\\/2021\\\/08\\\/Marca-Fasta.png\",\"contentUrl\":\"https:\\\/\\\/www.fasta.org\\\/wp-content\\\/uploads\\\/2021\\\/08\\\/Marca-Fasta.png\",\"width\":1595,\"height\":644,\"caption\":\"Fasta\"},\"image\":{\"@id\":\"https:\\\/\\\/www.fasta.org\\\/en\\\/#\\\/schema\\\/logo\\\/image\\\/\"},\"sameAs\":[\"https:\\\/\\\/www.facebook.com\\\/MovimientoFasta\"]}]}<\/script>\n<!-- \/ Yoast SEO plugin. -->","yoast_head_json":{"title":"Reflexionar para cuidar: los centros juveniles en clave de Espacios Cuidados - Fasta","robots":{"index":"index","follow":"follow","max-snippet":"max-snippet:-1","max-image-preview":"max-image-preview:large","max-video-preview":"max-video-preview:-1"},"canonical":"https:\/\/www.fasta.org\/en\/noticias\/reflexionar-para-cuidar-los-centros-juveniles-en-clave-de-espacios-cuidados\/","og_locale":"en_US","og_type":"article","og_title":"Reflexionar para cuidar: los centros juveniles en clave de Espacios Cuidados - Fasta","og_description":"Del 20 al 22 de junio se desarroll\u00f3 en la Ciudad Aut\u00f3noma de Buenos Aires la Reuni\u00f3n Nacional de Jefes de Ruca y Fundaciones de Argentina. En este espacio de encuentro y planificaci\u00f3n, el s\u00e1bado por la ma\u00f1ana se destin\u00f3 un tiempo significativo para abordar la tem\u00e1tica de los Espacios Cuidados, en un conversatorio conducido [&hellip;]","og_url":"https:\/\/www.fasta.org\/en\/noticias\/reflexionar-para-cuidar-los-centros-juveniles-en-clave-de-espacios-cuidados\/","og_site_name":"Fasta","article_publisher":"https:\/\/www.facebook.com\/MovimientoFasta","article_modified_time":"2025-07-04T18:37:20+00:00","og_image":[{"width":2560,"height":1537,"url":"https:\/\/www.fasta.org\/wp-content\/uploads\/2025\/07\/ciudado_nota-scaled.webp","type":"image\/webp"}],"twitter_card":"summary_large_image","twitter_misc":{"Est. reading time":"2 minutes"},"schema":{"@context":"https:\/\/schema.org","@graph":[{"@type":"WebPage","@id":"https:\/\/www.fasta.org\/en\/noticias\/reflexionar-para-cuidar-los-centros-juveniles-en-clave-de-espacios-cuidados\/","url":"https:\/\/www.fasta.org\/en\/noticias\/reflexionar-para-cuidar-los-centros-juveniles-en-clave-de-espacios-cuidados\/","name":"Reflexionar para cuidar: los centros juveniles en clave de Espacios Cuidados - Fasta","isPartOf":{"@id":"https:\/\/www.fasta.org\/en\/#website"},"primaryImageOfPage":{"@id":"https:\/\/www.fasta.org\/en\/noticias\/reflexionar-para-cuidar-los-centros-juveniles-en-clave-de-espacios-cuidados\/#primaryimage"},"image":{"@id":"https:\/\/www.fasta.org\/en\/noticias\/reflexionar-para-cuidar-los-centros-juveniles-en-clave-de-espacios-cuidados\/#primaryimage"},"thumbnailUrl":"https:\/\/www.fasta.org\/wp-content\/uploads\/2025\/07\/ciudado_nota-scaled.webp","datePublished":"2025-07-04T18:35:21+00:00","dateModified":"2025-07-04T18:37:20+00:00","breadcrumb":{"@id":"https:\/\/www.fasta.org\/en\/noticias\/reflexionar-para-cuidar-los-centros-juveniles-en-clave-de-espacios-cuidados\/#breadcrumb"},"inLanguage":"en-US","potentialAction":[{"@type":"ReadAction","target":["https:\/\/www.fasta.org\/en\/noticias\/reflexionar-para-cuidar-los-centros-juveniles-en-clave-de-espacios-cuidados\/"]}]},{"@type":"ImageObject","inLanguage":"en-US","@id":"https:\/\/www.fasta.org\/en\/noticias\/reflexionar-para-cuidar-los-centros-juveniles-en-clave-de-espacios-cuidados\/#primaryimage","url":"https:\/\/www.fasta.org\/wp-content\/uploads\/2025\/07\/ciudado_nota-scaled.webp","contentUrl":"https:\/\/www.fasta.org\/wp-content\/uploads\/2025\/07\/ciudado_nota-scaled.webp","width":2560,"height":1537},{"@type":"BreadcrumbList","@id":"https:\/\/www.fasta.org\/en\/noticias\/reflexionar-para-cuidar-los-centros-juveniles-en-clave-de-espacios-cuidados\/#breadcrumb","itemListElement":[{"@type":"ListItem","position":1,"name":"Portada","item":"https:\/\/www.fasta.org\/en\/home\/"},{"@type":"ListItem","position":2,"name":"Noticias","item":"https:\/\/www.fasta.org\/en\/noticias\/"},{"@type":"ListItem","position":3,"name":"Reflexionar para cuidar: los centros juveniles en clave de Espacios Cuidados"}]},{"@type":"WebSite","@id":"https:\/\/www.fasta.org\/en\/#website","url":"https:\/\/www.fasta.org\/en\/","name":"Fasta","description":"Fraternidad de Agrupaciones Santo Tom\u00e1s de Aquino","publisher":{"@id":"https:\/\/www.fasta.org\/en\/#organization"},"potentialAction":[{"@type":"SearchAction","target":{"@type":"EntryPoint","urlTemplate":"https:\/\/www.fasta.org\/en\/?s={search_term_string}"},"query-input":{"@type":"PropertyValueSpecification","valueRequired":true,"valueName":"search_term_string"}}],"inLanguage":"en-US"},{"@type":"Organization","@id":"https:\/\/www.fasta.org\/en\/#organization","name":"Fasta","url":"https:\/\/www.fasta.org\/en\/","logo":{"@type":"ImageObject","inLanguage":"en-US","@id":"https:\/\/www.fasta.org\/en\/#\/schema\/logo\/image\/","url":"https:\/\/www.fasta.org\/wp-content\/uploads\/2021\/08\/Marca-Fasta.png","contentUrl":"https:\/\/www.fasta.org\/wp-content\/uploads\/2021\/08\/Marca-Fasta.png","width":1595,"height":644,"caption":"Fasta"},"image":{"@id":"https:\/\/www.fasta.org\/en\/#\/schema\/logo\/image\/"},"sameAs":["https:\/\/www.facebook.com\/MovimientoFasta"]}]}},"_links":{"self":[{"href":"https:\/\/www.fasta.org\/en\/wp-json\/wp\/v2\/noticias\/1801751","targetHints":{"allow":["GET"]}}],"collection":[{"href":"https:\/\/www.fasta.org\/en\/wp-json\/wp\/v2\/noticias"}],"about":[{"href":"https:\/\/www.fasta.org\/en\/wp-json\/wp\/v2\/types\/noticias"}],"version-history":[{"count":1,"href":"https:\/\/www.fasta.org\/en\/wp-json\/wp\/v2\/noticias\/1801751\/revisions"}],"predecessor-version":[{"id":1801764,"href":"https:\/\/www.fasta.org\/en\/wp-json\/wp\/v2\/noticias\/1801751\/revisions\/1801764"}],"wp:featuredmedia":[{"embeddable":true,"href":"https:\/\/www.fasta.org\/en\/wp-json\/wp\/v2\/media\/1801759"}],"wp:attachment":[{"href":"https:\/\/www.fasta.org\/en\/wp-json\/wp\/v2\/media?parent=1801751"}],"wp:term":[{"taxonomy":"fuente_noticia","embeddable":true,"href":"https:\/\/www.fasta.org\/en\/wp-json\/wp\/v2\/fuente_noticia?post=1801751"},{"taxonomy":"categorias_noticia","embeddable":true,"href":"https:\/\/www.fasta.org\/en\/wp-json\/wp\/v2\/categorias_noticia?post=1801751"},{"taxonomy":"origen_noticia","embeddable":true,"href":"https:\/\/www.fasta.org\/en\/wp-json\/wp\/v2\/origen_noticia?post=1801751"}],"curies":[{"name":"wp","href":"https:\/\/api.w.org\/{rel}","templated":true}]}}