{"id":1801608,"date":"2025-07-04T16:16:42","date_gmt":"2025-07-04T19:16:42","guid":{"rendered":"https:\/\/www.fasta.org\/?post_type=noticias&#038;p=1801608"},"modified":"2025-07-04T16:16:44","modified_gmt":"2025-07-04T19:16:44","slug":"peregrinos-de-esperanza","status":"publish","type":"noticias","link":"https:\/\/www.fasta.org\/en\/noticias\/peregrinos-de-esperanza\/","title":{"rendered":"Peregrinos de Esperanza"},"content":{"rendered":"\n<p>Del 7 al 13 de julio, los j\u00f3venes de nuestro movimiento en Espa\u00f1a llevar\u00e1n adelante el Campamento \u201cPeregrinos de Esperanza\u201d en la provincia de Albacete. Vivir\u00e1n esta experiencia en el marco del A\u00f1o Jubilar de la Esperanza proclamado por la Iglesia, y todo girar\u00e1 en torno a esta virtud cristiana.<\/p>\n\n\n\n<p>Durante los siete d\u00edas se alternar\u00e1n espacios de juego, formaci\u00f3n, oraci\u00f3n, servicio y vida al aire libre. Tambi\u00e9n habr\u00e1 una marcha al Santuario de Nuestra Se\u00f1ora de Cortes, un lugar con profundo significado hist\u00f3rico y cultural.<\/p>\n\n\n\n<blockquote class=\"wp-block-quote is-layout-flow wp-block-quote-is-layout-flow\">\n<p><em>\u201cLos campamentos en Fasta son \u00fanicos por la alegr\u00eda con la que se viven, por la entrega gratuita de los monitores y por el estilo fasteano que nos caracteriza\u2026 pero sobre todo, por la presencia de Cristo en medio de nosotros\u201d, comparte Javier Gavarrel, jefe del campamento. \u201cTenemos la certeza y la alegr\u00eda de que todo lo hacemos para que m\u00e1s j\u00f3venes conozcan a Jes\u00fas. \u00c9l es quien da los frutos; nosotros somos solo instrumentos en sus manos\u201d.<\/em><\/p>\n<\/blockquote>\n\n\n\n<p>La actividad contar\u00e1 con todas las secciones de las agrupaciones menores incluyendo la secci\u00f3n \u201cNi\u00f1os Santos\u201d que incorpora a los peque\u00f1os de 7 a 9 a\u00f1os. El campamento ser\u00e1 conducido por el comando central con la ayuda de los antiguos jefes del Ruca Mater Dei, el fasteano Juan Carlos Moruno, Presidente jurisdiccional de Valencia y miembros de la mayor. Tambi\u00e9n contar\u00e1 con la asistencia espiritual de los sacerdotes de Fasta: Lisandro Scarabino, Tom\u00e1s Larrosa y David P\u00e9rez Pazo.&nbsp;<\/p>\n\n\n\n<p>Al final de la actividad, las familias ser\u00e1n invitadas a participar de la misa cierre, el fog\u00f3n y la \u00faltima comida, para compartir lo vivido y extender esa experiencia de fe a toda la comunidad fasteana.<\/p>\n\n\n\n<p><em>\u201cAunque estemos en distintos lugares, caminamos juntos como una gran familia con una misma esperanza: Cristo. Este campamento es solo una expresi\u00f3n m\u00e1s de lo que nos une. No dejemos de animarnos unos a otros, de compartir lo que Dios est\u00e1 obrando en nosotros y de seguir anunciando que vale la pena vivir con y para Jes\u00fas\u201d, <\/em>expresa Javier a los miembros de Fasta en todas las geograf\u00edas.<\/p>\n\n\n\n<p><\/p>\n","protected":false},"excerpt":{"rendered":"<p>Del 7 al 13 de julio, los j\u00f3venes de nuestro movimiento en Espa\u00f1a llevar\u00e1n adelante el Campamento \u201cPeregrinos de Esperanza\u201d en la provincia de Albacete. Vivir\u00e1n esta experiencia en el marco del A\u00f1o Jubilar de la Esperanza proclamado por la Iglesia, y todo girar\u00e1 en torno a esta virtud cristiana. Durante los siete d\u00edas se [&hellip;]<\/p>\n","protected":false},"featured_media":1801847,"template":"","fuente_noticia":[],"categorias_noticia":[103],"origen_noticia":[69],"class_list":["post-1801608","noticias","type-noticias","status-publish","has-post-thumbnail","hentry","categorias_noticia-movimiento","origen_noticia-propia"],"acf":[],"yoast_head":"<!-- This site is optimized with the Yoast SEO plugin v27.4 - https:\/\/yoast.com\/product\/yoast-seo-wordpress\/ -->\n<title>Peregrinos de Esperanza - Fasta<\/title>\n<meta name=\"robots\" content=\"index, follow, max-snippet:-1, max-image-preview:large, max-video-preview:-1\" \/>\n<link rel=\"canonical\" href=\"https:\/\/www.fasta.org\/en\/noticias\/peregrinos-de-esperanza\/\" \/>\n<meta property=\"og:locale\" content=\"en_US\" \/>\n<meta property=\"og:type\" content=\"article\" \/>\n<meta property=\"og:title\" content=\"Peregrinos de Esperanza - Fasta\" \/>\n<meta property=\"og:description\" content=\"Del 7 al 13 de julio, los j\u00f3venes de nuestro movimiento en Espa\u00f1a llevar\u00e1n adelante el Campamento \u201cPeregrinos de Esperanza\u201d en la provincia de Albacete. Vivir\u00e1n esta experiencia en el marco del A\u00f1o Jubilar de la Esperanza proclamado por la Iglesia, y todo girar\u00e1 en torno a esta virtud cristiana. Durante los siete d\u00edas se [&hellip;]\" \/>\n<meta property=\"og:url\" content=\"https:\/\/www.fasta.org\/en\/noticias\/peregrinos-de-esperanza\/\" \/>\n<meta property=\"og:site_name\" content=\"Fasta\" \/>\n<meta property=\"article:publisher\" content=\"https:\/\/www.facebook.com\/MovimientoFasta\" \/>\n<meta property=\"article:modified_time\" content=\"2025-07-04T19:16:44+00:00\" \/>\n<meta property=\"og:image\" content=\"https:\/\/www.fasta.org\/wp-content\/uploads\/2025\/07\/espana_nota-scaled.webp\" \/>\n\t<meta property=\"og:image:width\" content=\"2560\" \/>\n\t<meta property=\"og:image:height\" content=\"1537\" \/>\n\t<meta property=\"og:image:type\" content=\"image\/webp\" \/>\n<meta name=\"twitter:card\" content=\"summary_large_image\" \/>\n<meta name=\"twitter:label1\" content=\"Est. reading time\" \/>\n\t<meta name=\"twitter:data1\" content=\"2 minutes\" \/>\n<script type=\"application\/ld+json\" class=\"yoast-schema-graph\">{\"@context\":\"https:\\\/\\\/schema.org\",\"@graph\":[{\"@type\":\"WebPage\",\"@id\":\"https:\\\/\\\/www.fasta.org\\\/en\\\/noticias\\\/peregrinos-de-esperanza\\\/\",\"url\":\"https:\\\/\\\/www.fasta.org\\\/en\\\/noticias\\\/peregrinos-de-esperanza\\\/\",\"name\":\"Peregrinos de Esperanza - Fasta\",\"isPartOf\":{\"@id\":\"https:\\\/\\\/www.fasta.org\\\/en\\\/#website\"},\"primaryImageOfPage\":{\"@id\":\"https:\\\/\\\/www.fasta.org\\\/en\\\/noticias\\\/peregrinos-de-esperanza\\\/#primaryimage\"},\"image\":{\"@id\":\"https:\\\/\\\/www.fasta.org\\\/en\\\/noticias\\\/peregrinos-de-esperanza\\\/#primaryimage\"},\"thumbnailUrl\":\"https:\\\/\\\/www.fasta.org\\\/wp-content\\\/uploads\\\/2025\\\/07\\\/espana_nota-scaled.webp\",\"datePublished\":\"2025-07-04T19:16:42+00:00\",\"dateModified\":\"2025-07-04T19:16:44+00:00\",\"breadcrumb\":{\"@id\":\"https:\\\/\\\/www.fasta.org\\\/en\\\/noticias\\\/peregrinos-de-esperanza\\\/#breadcrumb\"},\"inLanguage\":\"en-US\",\"potentialAction\":[{\"@type\":\"ReadAction\",\"target\":[\"https:\\\/\\\/www.fasta.org\\\/en\\\/noticias\\\/peregrinos-de-esperanza\\\/\"]}]},{\"@type\":\"ImageObject\",\"inLanguage\":\"en-US\",\"@id\":\"https:\\\/\\\/www.fasta.org\\\/en\\\/noticias\\\/peregrinos-de-esperanza\\\/#primaryimage\",\"url\":\"https:\\\/\\\/www.fasta.org\\\/wp-content\\\/uploads\\\/2025\\\/07\\\/espana_nota-scaled.webp\",\"contentUrl\":\"https:\\\/\\\/www.fasta.org\\\/wp-content\\\/uploads\\\/2025\\\/07\\\/espana_nota-scaled.webp\",\"width\":2560,\"height\":1537},{\"@type\":\"BreadcrumbList\",\"@id\":\"https:\\\/\\\/www.fasta.org\\\/en\\\/noticias\\\/peregrinos-de-esperanza\\\/#breadcrumb\",\"itemListElement\":[{\"@type\":\"ListItem\",\"position\":1,\"name\":\"Portada\",\"item\":\"https:\\\/\\\/www.fasta.org\\\/en\\\/home\\\/\"},{\"@type\":\"ListItem\",\"position\":2,\"name\":\"Noticias\",\"item\":\"https:\\\/\\\/www.fasta.org\\\/en\\\/noticias\\\/\"},{\"@type\":\"ListItem\",\"position\":3,\"name\":\"Peregrinos de Esperanza\"}]},{\"@type\":\"WebSite\",\"@id\":\"https:\\\/\\\/www.fasta.org\\\/en\\\/#website\",\"url\":\"https:\\\/\\\/www.fasta.org\\\/en\\\/\",\"name\":\"Fasta\",\"description\":\"Fraternidad de Agrupaciones Santo Tom\u00e1s de Aquino\",\"publisher\":{\"@id\":\"https:\\\/\\\/www.fasta.org\\\/en\\\/#organization\"},\"potentialAction\":[{\"@type\":\"SearchAction\",\"target\":{\"@type\":\"EntryPoint\",\"urlTemplate\":\"https:\\\/\\\/www.fasta.org\\\/en\\\/?s={search_term_string}\"},\"query-input\":{\"@type\":\"PropertyValueSpecification\",\"valueRequired\":true,\"valueName\":\"search_term_string\"}}],\"inLanguage\":\"en-US\"},{\"@type\":\"Organization\",\"@id\":\"https:\\\/\\\/www.fasta.org\\\/en\\\/#organization\",\"name\":\"Fasta\",\"url\":\"https:\\\/\\\/www.fasta.org\\\/en\\\/\",\"logo\":{\"@type\":\"ImageObject\",\"inLanguage\":\"en-US\",\"@id\":\"https:\\\/\\\/www.fasta.org\\\/en\\\/#\\\/schema\\\/logo\\\/image\\\/\",\"url\":\"https:\\\/\\\/www.fasta.org\\\/wp-content\\\/uploads\\\/2021\\\/08\\\/Marca-Fasta.png\",\"contentUrl\":\"https:\\\/\\\/www.fasta.org\\\/wp-content\\\/uploads\\\/2021\\\/08\\\/Marca-Fasta.png\",\"width\":1595,\"height\":644,\"caption\":\"Fasta\"},\"image\":{\"@id\":\"https:\\\/\\\/www.fasta.org\\\/en\\\/#\\\/schema\\\/logo\\\/image\\\/\"},\"sameAs\":[\"https:\\\/\\\/www.facebook.com\\\/MovimientoFasta\"]}]}<\/script>\n<!-- \/ Yoast SEO plugin. -->","yoast_head_json":{"title":"Peregrinos de Esperanza - Fasta","robots":{"index":"index","follow":"follow","max-snippet":"max-snippet:-1","max-image-preview":"max-image-preview:large","max-video-preview":"max-video-preview:-1"},"canonical":"https:\/\/www.fasta.org\/en\/noticias\/peregrinos-de-esperanza\/","og_locale":"en_US","og_type":"article","og_title":"Peregrinos de Esperanza - Fasta","og_description":"Del 7 al 13 de julio, los j\u00f3venes de nuestro movimiento en Espa\u00f1a llevar\u00e1n adelante el Campamento \u201cPeregrinos de Esperanza\u201d en la provincia de Albacete. Vivir\u00e1n esta experiencia en el marco del A\u00f1o Jubilar de la Esperanza proclamado por la Iglesia, y todo girar\u00e1 en torno a esta virtud cristiana. Durante los siete d\u00edas se [&hellip;]","og_url":"https:\/\/www.fasta.org\/en\/noticias\/peregrinos-de-esperanza\/","og_site_name":"Fasta","article_publisher":"https:\/\/www.facebook.com\/MovimientoFasta","article_modified_time":"2025-07-04T19:16:44+00:00","og_image":[{"width":2560,"height":1537,"url":"https:\/\/www.fasta.org\/wp-content\/uploads\/2025\/07\/espana_nota-scaled.webp","type":"image\/webp"}],"twitter_card":"summary_large_image","twitter_misc":{"Est. reading time":"2 minutes"},"schema":{"@context":"https:\/\/schema.org","@graph":[{"@type":"WebPage","@id":"https:\/\/www.fasta.org\/en\/noticias\/peregrinos-de-esperanza\/","url":"https:\/\/www.fasta.org\/en\/noticias\/peregrinos-de-esperanza\/","name":"Peregrinos de Esperanza - Fasta","isPartOf":{"@id":"https:\/\/www.fasta.org\/en\/#website"},"primaryImageOfPage":{"@id":"https:\/\/www.fasta.org\/en\/noticias\/peregrinos-de-esperanza\/#primaryimage"},"image":{"@id":"https:\/\/www.fasta.org\/en\/noticias\/peregrinos-de-esperanza\/#primaryimage"},"thumbnailUrl":"https:\/\/www.fasta.org\/wp-content\/uploads\/2025\/07\/espana_nota-scaled.webp","datePublished":"2025-07-04T19:16:42+00:00","dateModified":"2025-07-04T19:16:44+00:00","breadcrumb":{"@id":"https:\/\/www.fasta.org\/en\/noticias\/peregrinos-de-esperanza\/#breadcrumb"},"inLanguage":"en-US","potentialAction":[{"@type":"ReadAction","target":["https:\/\/www.fasta.org\/en\/noticias\/peregrinos-de-esperanza\/"]}]},{"@type":"ImageObject","inLanguage":"en-US","@id":"https:\/\/www.fasta.org\/en\/noticias\/peregrinos-de-esperanza\/#primaryimage","url":"https:\/\/www.fasta.org\/wp-content\/uploads\/2025\/07\/espana_nota-scaled.webp","contentUrl":"https:\/\/www.fasta.org\/wp-content\/uploads\/2025\/07\/espana_nota-scaled.webp","width":2560,"height":1537},{"@type":"BreadcrumbList","@id":"https:\/\/www.fasta.org\/en\/noticias\/peregrinos-de-esperanza\/#breadcrumb","itemListElement":[{"@type":"ListItem","position":1,"name":"Portada","item":"https:\/\/www.fasta.org\/en\/home\/"},{"@type":"ListItem","position":2,"name":"Noticias","item":"https:\/\/www.fasta.org\/en\/noticias\/"},{"@type":"ListItem","position":3,"name":"Peregrinos de Esperanza"}]},{"@type":"WebSite","@id":"https:\/\/www.fasta.org\/en\/#website","url":"https:\/\/www.fasta.org\/en\/","name":"Fasta","description":"Fraternidad de Agrupaciones Santo Tom\u00e1s de Aquino","publisher":{"@id":"https:\/\/www.fasta.org\/en\/#organization"},"potentialAction":[{"@type":"SearchAction","target":{"@type":"EntryPoint","urlTemplate":"https:\/\/www.fasta.org\/en\/?s={search_term_string}"},"query-input":{"@type":"PropertyValueSpecification","valueRequired":true,"valueName":"search_term_string"}}],"inLanguage":"en-US"},{"@type":"Organization","@id":"https:\/\/www.fasta.org\/en\/#organization","name":"Fasta","url":"https:\/\/www.fasta.org\/en\/","logo":{"@type":"ImageObject","inLanguage":"en-US","@id":"https:\/\/www.fasta.org\/en\/#\/schema\/logo\/image\/","url":"https:\/\/www.fasta.org\/wp-content\/uploads\/2021\/08\/Marca-Fasta.png","contentUrl":"https:\/\/www.fasta.org\/wp-content\/uploads\/2021\/08\/Marca-Fasta.png","width":1595,"height":644,"caption":"Fasta"},"image":{"@id":"https:\/\/www.fasta.org\/en\/#\/schema\/logo\/image\/"},"sameAs":["https:\/\/www.facebook.com\/MovimientoFasta"]}]}},"_links":{"self":[{"href":"https:\/\/www.fasta.org\/en\/wp-json\/wp\/v2\/noticias\/1801608","targetHints":{"allow":["GET"]}}],"collection":[{"href":"https:\/\/www.fasta.org\/en\/wp-json\/wp\/v2\/noticias"}],"about":[{"href":"https:\/\/www.fasta.org\/en\/wp-json\/wp\/v2\/types\/noticias"}],"version-history":[{"count":1,"href":"https:\/\/www.fasta.org\/en\/wp-json\/wp\/v2\/noticias\/1801608\/revisions"}],"predecessor-version":[{"id":1801852,"href":"https:\/\/www.fasta.org\/en\/wp-json\/wp\/v2\/noticias\/1801608\/revisions\/1801852"}],"wp:featuredmedia":[{"embeddable":true,"href":"https:\/\/www.fasta.org\/en\/wp-json\/wp\/v2\/media\/1801847"}],"wp:attachment":[{"href":"https:\/\/www.fasta.org\/en\/wp-json\/wp\/v2\/media?parent=1801608"}],"wp:term":[{"taxonomy":"fuente_noticia","embeddable":true,"href":"https:\/\/www.fasta.org\/en\/wp-json\/wp\/v2\/fuente_noticia?post=1801608"},{"taxonomy":"categorias_noticia","embeddable":true,"href":"https:\/\/www.fasta.org\/en\/wp-json\/wp\/v2\/categorias_noticia?post=1801608"},{"taxonomy":"origen_noticia","embeddable":true,"href":"https:\/\/www.fasta.org\/en\/wp-json\/wp\/v2\/origen_noticia?post=1801608"}],"curies":[{"name":"wp","href":"https:\/\/api.w.org\/{rel}","templated":true}]}}