{"id":1697689,"date":"2025-05-16T11:52:10","date_gmt":"2025-05-16T14:52:10","guid":{"rendered":"https:\/\/www.fasta.org\/?post_type=noticias&#038;p=1697689"},"modified":"2025-05-16T14:50:14","modified_gmt":"2025-05-16T17:50:14","slug":"sembradores-de-paz","status":"publish","type":"noticias","link":"https:\/\/www.fasta.org\/en\/noticias\/sembradores-de-paz\/","title":{"rendered":"Sembradores de Paz"},"content":{"rendered":"\n<p>Promover y trabajar por una cultura del cuidado ha ido ganando atenci\u00f3n en las necesidades educativas de los colegios. Las caracter\u00edsticas culturales reclaman que las escuelas deban asumir con mayor especificidad esta l\u00ednea formativa para la conformaci\u00f3n de ambientes sanos que propicien realmente la formaci\u00f3n humana integral de ni\u00f1os y j\u00f3venes.&nbsp;<\/p>\n\n\n\n<p>Tal es el caso de la comunidad educativa del Colegio Fasta \u00c1ngel Mar\u00eda Boisdron, que se encuentra concluyendo el despliegue de este a\u00f1o del Proyecto \u201c Sembradores de Paz\u201d.<\/p>\n\n\n\n<p><strong>Un proyecto de prevenci\u00f3n<\/strong><\/p>\n\n\n\n<p>Desde el a\u00f1o 2023, el Departamento de Orientaci\u00f3n Educativa (DOE) del colegio impulsa la campa\u00f1a \u201cSembradores de Paz\u201d, una propuesta de concientizaci\u00f3n y prevenci\u00f3n del bullying dirigida a toda la comunidad educativa. El proyecto involucra de manera activa a los niveles inicial, primario y secundario, as\u00ed como a docentes y familias, con el prop\u00f3sito de detectar y prevenir conductas de maltrato y fomentar una cultura escolar basada en el respeto mutuo.<\/p>\n\n\n\n<p>La campa\u00f1a tiene como finalidad sensibilizar y comprometer a todos los actores escolares en la promoci\u00f3n de v\u00ednculos saludables, previniendo cualquier forma de acoso escolar mediante el desarrollo de actitudes solidarias, emp\u00e1ticas y respetuosas.<\/p>\n\n\n\n<p><strong>Un trabajo transversal y colaborativo<\/strong><\/p>\n\n\n\n<p>\u201cSembradores de Paz\u201d se desarrolla de forma transversal a trav\u00e9s de todas las \u00e1reas curriculares. Cada docente, desde su espacio, contribuye con acciones concretas que apuntan a fomentar la reflexi\u00f3n sobre el impacto de las conductas irrespetuosas (burlas, maltrato, exclusi\u00f3n, violencia), promover actitudes emp\u00e1ticas y de cuidado mutuo entre los alumnos y establecer en conjunto medidas correctivas prudentes frente a situaciones de maltrato entre pares.<\/p>\n\n\n\n<p>A lo largo del proyecto los alumnos son protagonistas de distintas iniciativas que les proponen fortalecer los v\u00ednculos. A trav\u00e9s de \u201cCuidando amigos\u201d, cada alumno cuida especialmente a un compa\u00f1ero asignado y con \u201cSembrando amigos\u201d: se fomenta el encuentro con compa\u00f1eros con quienes no suelen compartir tiempo.<\/p>\n\n\n\n<p>As\u00ed mismo se desarrollan actividades espec\u00edficas en algunas \u00e1reas.\u00a0 En Educaci\u00f3n F\u00edsica se fomentan los juegos cooperativos y las din\u00e1micas grupales con consignas que dan soporte a la tem\u00e1tica; en Inform\u00e1tica, en 5.\u00ba y 6\u00ba grado, se desarrolla un concurso de logos bajo el lema \u201cSomos sembradores de paz\u201d; en Educaci\u00f3n Sexual Integral (ESI) se realizan encuentros para todos los grados de primaria sobre respeto, empat\u00eda y prevenci\u00f3n del bullying.\u00a0<\/p>\n\n\n\n<p>En el nivel secundario el proyecto se articula especialmente en torno a las inquietudes reales que manifiestan los j\u00f3venes. Para ello, se conform\u00f3 un equipo de mediaci\u00f3n escolar, integrado por alumnos capacitados que reciben consultas y canalizan las preocupaciones de sus compa\u00f1eros. Este espacio de escucha activa y contenci\u00f3n es acompa\u00f1ado por docentes y una psic\u00f3loga escolar, generando un marco de confianza y orientaci\u00f3n.<\/p>\n\n\n\n<p>Adem\u00e1s, participan en talleres espec\u00edficos sobre bullying y su prevenci\u00f3n y como parte de las estrategias pedag\u00f3gicas, se incorporan tambi\u00e9n din\u00e1micas de \u201crole play\u201d lo cual permite reflexionar, empatizar y ensayar posibles respuestas ante situaciones de maltrato escolar.<\/p>\n\n\n\n<p><strong>Un aporte a las familias<\/strong><\/p>\n\n\n\n<p>Adem\u00e1s, <em>el proyecto involucra a las familias en diversas instancias, generando un marco de acompa\u00f1amiento integral.&nbsp;<\/em><\/p>\n\n\n\n<p>Una de las actividades centrales dirigidas a las familias fue la charla \u201cCriar y educar con confianza y fortaleza: prevenci\u00f3n de la violencia y el bullying\u201d, a cargo de la Mg. Liliana Olivieri, reconocida especialista en tem\u00e1ticas vinculadas a la educaci\u00f3n y la convivencia escolar. Este espacio permiti\u00f3 reflexionar sobre el rol fundamental de los adultos en la construcci\u00f3n de v\u00ednculos saludables, aportando herramientas concretas para acompa\u00f1ar a los hijos en el desarrollo de habilidades sociales, emocionales y en la resoluci\u00f3n pac\u00edfica de los conflictos, adem\u00e1s de como acompa\u00f1ar a aquellos que viven estas situaciones.<\/p>\n\n\n\n<p><strong>Actitudes para una cultura de paz<\/strong><\/p>\n\n\n\n<p>\u201cSembradores de Paz\u201d propone una transformaci\u00f3n que se cultiva d\u00eda a d\u00eda a trav\u00e9s de peque\u00f1as grandes acciones. Se alienta a toda la comunidad a sembrar la paz desde la pr\u00e1ctica cotidiana de escucharse, tratarse bien, cuidarse, ayudarse, perdonarse y respetarse.&nbsp;<\/p>\n\n\n\n<p>Esta campa\u00f1a no solo busca prevenir el bullying, sino tambi\u00e9n formar ciudadanos responsables, emp\u00e1ticos y comprometidos con la construcci\u00f3n de una convivencia sana y respetuosa, porque la persona y su v\u00ednculo con los otros, son la base de cualquier proceso educativo.<\/p>\n","protected":false},"excerpt":{"rendered":"<p>Promover y trabajar por una cultura del cuidado ha ido ganando atenci\u00f3n en las necesidades educativas de los colegios. Las caracter\u00edsticas culturales reclaman que las escuelas deban asumir con mayor especificidad esta l\u00ednea formativa para la conformaci\u00f3n de ambientes sanos que propicien realmente la formaci\u00f3n humana integral de ni\u00f1os y j\u00f3venes.&nbsp; Tal es el caso [&hellip;]<\/p>\n","protected":false},"featured_media":1698015,"template":"","fuente_noticia":[],"categorias_noticia":[183],"origen_noticia":[69],"class_list":["post-1697689","noticias","type-noticias","status-publish","has-post-thumbnail","hentry","categorias_noticia-cultura-del-cuidado","origen_noticia-propia"],"acf":[],"yoast_head":"<!-- This site is optimized with the Yoast SEO plugin v27.4 - https:\/\/yoast.com\/product\/yoast-seo-wordpress\/ -->\n<title>Sembradores de Paz - Fasta<\/title>\n<meta name=\"robots\" content=\"index, follow, max-snippet:-1, max-image-preview:large, max-video-preview:-1\" \/>\n<link rel=\"canonical\" href=\"https:\/\/www.fasta.org\/en\/noticias\/sembradores-de-paz\/\" \/>\n<meta property=\"og:locale\" content=\"en_US\" \/>\n<meta property=\"og:type\" content=\"article\" \/>\n<meta property=\"og:title\" content=\"Sembradores de Paz - Fasta\" \/>\n<meta property=\"og:description\" content=\"Promover y trabajar por una cultura del cuidado ha ido ganando atenci\u00f3n en las necesidades educativas de los colegios. Las caracter\u00edsticas culturales reclaman que las escuelas deban asumir con mayor especificidad esta l\u00ednea formativa para la conformaci\u00f3n de ambientes sanos que propicien realmente la formaci\u00f3n humana integral de ni\u00f1os y j\u00f3venes.&nbsp; Tal es el caso [&hellip;]\" \/>\n<meta property=\"og:url\" content=\"https:\/\/www.fasta.org\/en\/noticias\/sembradores-de-paz\/\" \/>\n<meta property=\"og:site_name\" content=\"Fasta\" \/>\n<meta property=\"article:publisher\" content=\"https:\/\/www.facebook.com\/MovimientoFasta\" \/>\n<meta property=\"article:modified_time\" content=\"2025-05-16T17:50:14+00:00\" \/>\n<meta property=\"og:image\" content=\"https:\/\/www.fasta.org\/wp-content\/uploads\/2025\/05\/cuidado_nota-1.webp\" \/>\n\t<meta property=\"og:image:width\" content=\"1501\" \/>\n\t<meta property=\"og:image:height\" content=\"901\" \/>\n\t<meta property=\"og:image:type\" content=\"image\/webp\" \/>\n<meta name=\"twitter:card\" content=\"summary_large_image\" \/>\n<meta name=\"twitter:label1\" content=\"Est. reading time\" \/>\n\t<meta name=\"twitter:data1\" content=\"4 minutes\" \/>\n<script type=\"application\/ld+json\" class=\"yoast-schema-graph\">{\"@context\":\"https:\\\/\\\/schema.org\",\"@graph\":[{\"@type\":\"WebPage\",\"@id\":\"https:\\\/\\\/www.fasta.org\\\/en\\\/noticias\\\/sembradores-de-paz\\\/\",\"url\":\"https:\\\/\\\/www.fasta.org\\\/en\\\/noticias\\\/sembradores-de-paz\\\/\",\"name\":\"Sembradores de Paz - Fasta\",\"isPartOf\":{\"@id\":\"https:\\\/\\\/www.fasta.org\\\/en\\\/#website\"},\"primaryImageOfPage\":{\"@id\":\"https:\\\/\\\/www.fasta.org\\\/en\\\/noticias\\\/sembradores-de-paz\\\/#primaryimage\"},\"image\":{\"@id\":\"https:\\\/\\\/www.fasta.org\\\/en\\\/noticias\\\/sembradores-de-paz\\\/#primaryimage\"},\"thumbnailUrl\":\"https:\\\/\\\/www.fasta.org\\\/wp-content\\\/uploads\\\/2025\\\/05\\\/cuidado_nota-1.webp\",\"datePublished\":\"2025-05-16T14:52:10+00:00\",\"dateModified\":\"2025-05-16T17:50:14+00:00\",\"breadcrumb\":{\"@id\":\"https:\\\/\\\/www.fasta.org\\\/en\\\/noticias\\\/sembradores-de-paz\\\/#breadcrumb\"},\"inLanguage\":\"en-US\",\"potentialAction\":[{\"@type\":\"ReadAction\",\"target\":[\"https:\\\/\\\/www.fasta.org\\\/en\\\/noticias\\\/sembradores-de-paz\\\/\"]}]},{\"@type\":\"ImageObject\",\"inLanguage\":\"en-US\",\"@id\":\"https:\\\/\\\/www.fasta.org\\\/en\\\/noticias\\\/sembradores-de-paz\\\/#primaryimage\",\"url\":\"https:\\\/\\\/www.fasta.org\\\/wp-content\\\/uploads\\\/2025\\\/05\\\/cuidado_nota-1.webp\",\"contentUrl\":\"https:\\\/\\\/www.fasta.org\\\/wp-content\\\/uploads\\\/2025\\\/05\\\/cuidado_nota-1.webp\",\"width\":1501,\"height\":901},{\"@type\":\"BreadcrumbList\",\"@id\":\"https:\\\/\\\/www.fasta.org\\\/en\\\/noticias\\\/sembradores-de-paz\\\/#breadcrumb\",\"itemListElement\":[{\"@type\":\"ListItem\",\"position\":1,\"name\":\"Portada\",\"item\":\"https:\\\/\\\/www.fasta.org\\\/en\\\/home\\\/\"},{\"@type\":\"ListItem\",\"position\":2,\"name\":\"Noticias\",\"item\":\"https:\\\/\\\/www.fasta.org\\\/en\\\/noticias\\\/\"},{\"@type\":\"ListItem\",\"position\":3,\"name\":\"Sembradores de Paz\"}]},{\"@type\":\"WebSite\",\"@id\":\"https:\\\/\\\/www.fasta.org\\\/en\\\/#website\",\"url\":\"https:\\\/\\\/www.fasta.org\\\/en\\\/\",\"name\":\"Fasta\",\"description\":\"Fraternidad de Agrupaciones Santo Tom\u00e1s de Aquino\",\"publisher\":{\"@id\":\"https:\\\/\\\/www.fasta.org\\\/en\\\/#organization\"},\"potentialAction\":[{\"@type\":\"SearchAction\",\"target\":{\"@type\":\"EntryPoint\",\"urlTemplate\":\"https:\\\/\\\/www.fasta.org\\\/en\\\/?s={search_term_string}\"},\"query-input\":{\"@type\":\"PropertyValueSpecification\",\"valueRequired\":true,\"valueName\":\"search_term_string\"}}],\"inLanguage\":\"en-US\"},{\"@type\":\"Organization\",\"@id\":\"https:\\\/\\\/www.fasta.org\\\/en\\\/#organization\",\"name\":\"Fasta\",\"url\":\"https:\\\/\\\/www.fasta.org\\\/en\\\/\",\"logo\":{\"@type\":\"ImageObject\",\"inLanguage\":\"en-US\",\"@id\":\"https:\\\/\\\/www.fasta.org\\\/en\\\/#\\\/schema\\\/logo\\\/image\\\/\",\"url\":\"https:\\\/\\\/www.fasta.org\\\/wp-content\\\/uploads\\\/2021\\\/08\\\/Marca-Fasta.png\",\"contentUrl\":\"https:\\\/\\\/www.fasta.org\\\/wp-content\\\/uploads\\\/2021\\\/08\\\/Marca-Fasta.png\",\"width\":1595,\"height\":644,\"caption\":\"Fasta\"},\"image\":{\"@id\":\"https:\\\/\\\/www.fasta.org\\\/en\\\/#\\\/schema\\\/logo\\\/image\\\/\"},\"sameAs\":[\"https:\\\/\\\/www.facebook.com\\\/MovimientoFasta\"]}]}<\/script>\n<!-- \/ Yoast SEO plugin. -->","yoast_head_json":{"title":"Sembradores de Paz - Fasta","robots":{"index":"index","follow":"follow","max-snippet":"max-snippet:-1","max-image-preview":"max-image-preview:large","max-video-preview":"max-video-preview:-1"},"canonical":"https:\/\/www.fasta.org\/en\/noticias\/sembradores-de-paz\/","og_locale":"en_US","og_type":"article","og_title":"Sembradores de Paz - Fasta","og_description":"Promover y trabajar por una cultura del cuidado ha ido ganando atenci\u00f3n en las necesidades educativas de los colegios. Las caracter\u00edsticas culturales reclaman que las escuelas deban asumir con mayor especificidad esta l\u00ednea formativa para la conformaci\u00f3n de ambientes sanos que propicien realmente la formaci\u00f3n humana integral de ni\u00f1os y j\u00f3venes.&nbsp; Tal es el caso [&hellip;]","og_url":"https:\/\/www.fasta.org\/en\/noticias\/sembradores-de-paz\/","og_site_name":"Fasta","article_publisher":"https:\/\/www.facebook.com\/MovimientoFasta","article_modified_time":"2025-05-16T17:50:14+00:00","og_image":[{"width":1501,"height":901,"url":"https:\/\/www.fasta.org\/wp-content\/uploads\/2025\/05\/cuidado_nota-1.webp","type":"image\/webp"}],"twitter_card":"summary_large_image","twitter_misc":{"Est. reading time":"4 minutes"},"schema":{"@context":"https:\/\/schema.org","@graph":[{"@type":"WebPage","@id":"https:\/\/www.fasta.org\/en\/noticias\/sembradores-de-paz\/","url":"https:\/\/www.fasta.org\/en\/noticias\/sembradores-de-paz\/","name":"Sembradores de Paz - Fasta","isPartOf":{"@id":"https:\/\/www.fasta.org\/en\/#website"},"primaryImageOfPage":{"@id":"https:\/\/www.fasta.org\/en\/noticias\/sembradores-de-paz\/#primaryimage"},"image":{"@id":"https:\/\/www.fasta.org\/en\/noticias\/sembradores-de-paz\/#primaryimage"},"thumbnailUrl":"https:\/\/www.fasta.org\/wp-content\/uploads\/2025\/05\/cuidado_nota-1.webp","datePublished":"2025-05-16T14:52:10+00:00","dateModified":"2025-05-16T17:50:14+00:00","breadcrumb":{"@id":"https:\/\/www.fasta.org\/en\/noticias\/sembradores-de-paz\/#breadcrumb"},"inLanguage":"en-US","potentialAction":[{"@type":"ReadAction","target":["https:\/\/www.fasta.org\/en\/noticias\/sembradores-de-paz\/"]}]},{"@type":"ImageObject","inLanguage":"en-US","@id":"https:\/\/www.fasta.org\/en\/noticias\/sembradores-de-paz\/#primaryimage","url":"https:\/\/www.fasta.org\/wp-content\/uploads\/2025\/05\/cuidado_nota-1.webp","contentUrl":"https:\/\/www.fasta.org\/wp-content\/uploads\/2025\/05\/cuidado_nota-1.webp","width":1501,"height":901},{"@type":"BreadcrumbList","@id":"https:\/\/www.fasta.org\/en\/noticias\/sembradores-de-paz\/#breadcrumb","itemListElement":[{"@type":"ListItem","position":1,"name":"Portada","item":"https:\/\/www.fasta.org\/en\/home\/"},{"@type":"ListItem","position":2,"name":"Noticias","item":"https:\/\/www.fasta.org\/en\/noticias\/"},{"@type":"ListItem","position":3,"name":"Sembradores de Paz"}]},{"@type":"WebSite","@id":"https:\/\/www.fasta.org\/en\/#website","url":"https:\/\/www.fasta.org\/en\/","name":"Fasta","description":"Fraternidad de Agrupaciones Santo Tom\u00e1s de Aquino","publisher":{"@id":"https:\/\/www.fasta.org\/en\/#organization"},"potentialAction":[{"@type":"SearchAction","target":{"@type":"EntryPoint","urlTemplate":"https:\/\/www.fasta.org\/en\/?s={search_term_string}"},"query-input":{"@type":"PropertyValueSpecification","valueRequired":true,"valueName":"search_term_string"}}],"inLanguage":"en-US"},{"@type":"Organization","@id":"https:\/\/www.fasta.org\/en\/#organization","name":"Fasta","url":"https:\/\/www.fasta.org\/en\/","logo":{"@type":"ImageObject","inLanguage":"en-US","@id":"https:\/\/www.fasta.org\/en\/#\/schema\/logo\/image\/","url":"https:\/\/www.fasta.org\/wp-content\/uploads\/2021\/08\/Marca-Fasta.png","contentUrl":"https:\/\/www.fasta.org\/wp-content\/uploads\/2021\/08\/Marca-Fasta.png","width":1595,"height":644,"caption":"Fasta"},"image":{"@id":"https:\/\/www.fasta.org\/en\/#\/schema\/logo\/image\/"},"sameAs":["https:\/\/www.facebook.com\/MovimientoFasta"]}]}},"_links":{"self":[{"href":"https:\/\/www.fasta.org\/en\/wp-json\/wp\/v2\/noticias\/1697689","targetHints":{"allow":["GET"]}}],"collection":[{"href":"https:\/\/www.fasta.org\/en\/wp-json\/wp\/v2\/noticias"}],"about":[{"href":"https:\/\/www.fasta.org\/en\/wp-json\/wp\/v2\/types\/noticias"}],"version-history":[{"count":1,"href":"https:\/\/www.fasta.org\/en\/wp-json\/wp\/v2\/noticias\/1697689\/revisions"}],"predecessor-version":[{"id":1697701,"href":"https:\/\/www.fasta.org\/en\/wp-json\/wp\/v2\/noticias\/1697689\/revisions\/1697701"}],"wp:featuredmedia":[{"embeddable":true,"href":"https:\/\/www.fasta.org\/en\/wp-json\/wp\/v2\/media\/1698015"}],"wp:attachment":[{"href":"https:\/\/www.fasta.org\/en\/wp-json\/wp\/v2\/media?parent=1697689"}],"wp:term":[{"taxonomy":"fuente_noticia","embeddable":true,"href":"https:\/\/www.fasta.org\/en\/wp-json\/wp\/v2\/fuente_noticia?post=1697689"},{"taxonomy":"categorias_noticia","embeddable":true,"href":"https:\/\/www.fasta.org\/en\/wp-json\/wp\/v2\/categorias_noticia?post=1697689"},{"taxonomy":"origen_noticia","embeddable":true,"href":"https:\/\/www.fasta.org\/en\/wp-json\/wp\/v2\/origen_noticia?post=1697689"}],"curies":[{"name":"wp","href":"https:\/\/api.w.org\/{rel}","templated":true}]}}